{"id":65845,"date":"2023-12-14T12:34:32","date_gmt":"2023-12-14T12:34:32","guid":{"rendered":"https:\/\/www.lab.eus\/?p=65845"},"modified":"2023-12-14T12:34:37","modified_gmt":"2023-12-14T12:34:37","slug":"miles-de-trabajadoras-y-trabajadores-han-tomado-parte-en-las-movilizaciones-de-la-cuarta-jornada-de-huelga-en-los-centros-de-ensenanza-de-iniciativa-social","status":"publish","type":"post","link":"https:\/\/www.lab.eus\/es\/miles-de-trabajadoras-y-trabajadores-han-tomado-parte-en-las-movilizaciones-de-la-cuarta-jornada-de-huelga-en-los-centros-de-ensenanza-de-iniciativa-social\/","title":{"rendered":"Miles de trabajadoras y trabajadores han tomado parte en las movilizaciones de la cuarta jornada de huelga en los centros de ense\u00f1anza de iniciativa social"},"content":{"rendered":"\n<p>Ma\u00f1ana, \u00faltimo d\u00eda de la huelga convocada para toda la semana, las trabajadoras y trabajadores de los 3 territorios se manifestar\u00e1n en Bilbao<\/p>\n\n\n\n<p>Hoy ha sido la cuarta jornada de huelga en los centros de ense\u00f1anza de Iniciativa Social. Hoy tambi\u00e9n han participado miles de trabajadores y trabajadoras en las kalejiras, acciones y movilizaciones organizadas por los sindicatos ELA, STEILAS, CCOO, LAB y UGT en las tres capitales vascas. El seguimiento de la huelga tambi\u00e9n ha sido muy similar a las anteriores. A pesar de los intentos de varios centros por frustrar la huelga mediante una aplicaci\u00f3n fraudulenta de la orden de servicios minimos.<\/p>\n\n\n\n<p>Los sindicatos instan a las patronales Kristau Eskola y AICE-IZEA a que act\u00faen con responsabilidad y pongan sobre la mesa los contenidos que permitan la firma del Convenio. Y al Departamento de Educaci\u00f3n que intervenga para encauzar el conflicto en vez de mirar hacia otro lado.<\/p>\n\n\n\n<p>Ma\u00f1ana los trabajadores y trabajadoras de los tres territorios se reunir\u00e1n en una manifestaci\u00f3n centralizada en Bilbao. La manifestaci\u00f3n comenzar\u00e1 a las 11.30 de la ma\u00f1ana en el Arriaga. Y los sindicatos har\u00e1n sus declaraciones al inicio de la manifestaci\u00f3n a las 11.30 horas.<\/p>\n","protected":false},"excerpt":{"rendered":"<p>Ma\u00f1ana, \u00faltimo d\u00eda de la huelga convocada para toda la semana, las trabajadoras y trabajadores de los 3 territorios se manifestar\u00e1n en Bilbao<\/p>\n","protected":false},"author":1191,"featured_media":65842,"comment_status":"closed","ping_status":"closed","sticky":false,"template":"","format":"standard","meta":{"_monsterinsights_skip_tracking":false,"_monsterinsights_sitenote_active":false,"_monsterinsights_sitenote_note":"","_monsterinsights_sitenote_category":0,"footnotes":"","_links_to":"","_links_to_target":""},"categories":[18,33,2867,6,3283],"tags":[3033,3178,3194],"class_list":{"0":"post-65845","1":"post","2":"type-post","3":"status-publish","4":"format-standard","5":"has-post-thumbnail","7":"category-es-accion-sindical","8":"category-es-ensenanza","9":"category-federaciones","10":"category-es-servicios-publicos","11":"category-sin-categorizar","12":"tag-accion-sindical-es","13":"tag-destacado-1","14":"tag-ensenanza-es"},"_links":{"self":[{"href":"https:\/\/www.lab.eus\/es\/wp-json\/wp\/v2\/posts\/65845","targetHints":{"allow":["GET"]}}],"collection":[{"href":"https:\/\/www.lab.eus\/es\/wp-json\/wp\/v2\/posts"}],"about":[{"href":"https:\/\/www.lab.eus\/es\/wp-json\/wp\/v2\/types\/post"}],"author":[{"embeddable":true,"href":"https:\/\/www.lab.eus\/es\/wp-json\/wp\/v2\/users\/1191"}],"replies":[{"embeddable":true,"href":"https:\/\/www.lab.eus\/es\/wp-json\/wp\/v2\/comments?post=65845"}],"version-history":[{"count":0,"href":"https:\/\/www.lab.eus\/es\/wp-json\/wp\/v2\/posts\/65845\/revisions"}],"wp:featuredmedia":[{"embeddable":true,"href":"https:\/\/www.lab.eus\/es\/wp-json\/wp\/v2\/media\/65842"}],"wp:attachment":[{"href":"https:\/\/www.lab.eus\/es\/wp-json\/wp\/v2\/media?parent=65845"}],"wp:term":[{"taxonomy":"category","embeddable":true,"href":"https:\/\/www.lab.eus\/es\/wp-json\/wp\/v2\/categories?post=65845"},{"taxonomy":"post_tag","embeddable":true,"href":"https:\/\/www.lab.eus\/es\/wp-json\/wp\/v2\/tags?post=65845"}],"curies":[{"name":"wp","href":"https:\/\/api.w.org\/{rel}","templated":true}]}}