{"id":65818,"date":"2023-12-14T11:20:31","date_gmt":"2023-12-14T11:20:31","guid":{"rendered":"https:\/\/www.lab.eus\/?p=65818"},"modified":"2023-12-14T11:29:33","modified_gmt":"2023-12-14T11:29:33","slug":"las-trabajadoras-de-anfas-iran-a-la-huelga-el-20-de-diciembre-por-un-convenio-digno","status":"publish","type":"post","link":"https:\/\/www.lab.eus\/es\/las-trabajadoras-de-anfas-iran-a-la-huelga-el-20-de-diciembre-por-un-convenio-digno\/","title":{"rendered":"Las trabajadoras de ANFAS ir\u00e1n a la huelga\u00a0el 20 de diciembre por un convenio digno"},"content":{"rendered":"\n<p>ANFAS es la Asociaci\u00f3n de Nafarroa en favor de las personas con discapacidad intelectual o trastornos del desarrollo y sus familias. Su comit\u00e9 de empresa, compuesto por cuatro delegadas de LAB y cinco de ELA, ha comparecido en Iru\u00f1ea para informar sobre la situaci\u00f3n que est\u00e1 viviendo en la negociaci\u00f3n de su convenio de empresa desde hace ya dos a\u00f1os. Anfas cuenta con 140 empleados y empleadas que atienden a alrededor de 1.500 personas usuarias.<\/p>\n\n\n\n<p>Han se\u00f1alado que llevan negociando el nuevo convenio colectivo de ANFAS desde hace dos a\u00f1os. Lamentablemente, despu\u00e9s de todo este tiempo, la direcci\u00f3n de ANFAS sigue bloqueando la negociaci\u00f3n del convenio colectivo. El comit\u00e9 ha renunciado a muchas de las demandas de las trabajadoras para posibilitar un acuerdo, pero ANFAS sigue cerrada en banda hasta el momento.<\/p>\n\n\n\n<p>En su \u00faltima propuesta,&nbsp; la empresa propone una subida salarial del 4,5% a casi todas las categor\u00edas para el 2023, no garantizando ni el IPCN para ninguno de los a\u00f1os, 2022 y 2023.<\/p>\n\n\n\n<p>Desde el comit\u00e9 de ANFAS no ven voluntad por parte de la direcci\u00f3n en avanzar en la negociaci\u00f3n y mejorar las condiciones laborales de las trabajadoras. Las propuestas que llegan de gerencia son cada vez peores y su intenci\u00f3n es forzar a cerrar el a\u00f1o 2022 sin negociar mejoras.<\/p>\n\n\n\n<p>El IPC de Nafarroa cerr\u00f3 en el a\u00f1o 2021 en un 6,6% y en 2022 en el 6,4%. \u00abNo estamos dispuestas a que la plantilla pierda poder adquisitivo.&nbsp; Exigimos no tener que empobrecer por venir a trabajar. Las cuentas de ANFAS en 2022 cerraron en positivo, por ello creemos que es momento de invertir en las profesionales, porque esta es la forma de garantizar un trabajo y vida&nbsp; dignas y un servicio de calidad\u00bb, han se\u00f1alado.<\/p>\n\n\n\n<p>El comit\u00e9 en su conjunto tiene unas demandas muy claras y justas, reafirmadas por las trabajadoras en varias asambleas: IPC de Nafarroa para toda la plantilla, kilometraje, equiparaci\u00f3n de categor\u00edas profesionales y mejoras en permisos. No vamos a ceder m\u00e1s, necesitamos un acuerdo justo.<\/p>\n\n\n\n<p>Por&nbsp; todo ello, el 20 de diciembre convocan una jornada de huelga en ANFAS, para denunciar&nbsp; y exigir un convenio digno para todas y todos. Han realizado un llamamiento directo a la movilizaci\u00f3n \u00abTodas las trabajadoras somos necesarias en esta lucha, por ello os animamos a participar de forma activa el pr\u00f3ximo d\u00eda 20 de diciembre\u00bb, han a\u00f1adido.&nbsp;<\/p>\n\n\n\n<figure class=\"wp-block-image size-large\"><img loading=\"lazy\" decoding=\"async\" width=\"1024\" height=\"668\" src=\"https:\/\/www.lab.eus\/wp-content\/uploads\/2023\/12\/20231214_ANFAS_1-1024x668.jpg\" alt=\"\" class=\"wp-image-65813\" srcset=\"https:\/\/www.lab.eus\/wp-content\/uploads\/2023\/12\/20231214_ANFAS_1-1024x668.jpg 1024w, https:\/\/www.lab.eus\/wp-content\/uploads\/2023\/12\/20231214_ANFAS_1-300x196.jpg 300w, https:\/\/www.lab.eus\/wp-content\/uploads\/2023\/12\/20231214_ANFAS_1-768x501.jpg 768w, https:\/\/www.lab.eus\/wp-content\/uploads\/2023\/12\/20231214_ANFAS_1-1536x1002.jpg 1536w, https:\/\/www.lab.eus\/wp-content\/uploads\/2023\/12\/20231214_ANFAS_1-2048x1336.jpg 2048w, https:\/\/www.lab.eus\/wp-content\/uploads\/2023\/12\/20231214_ANFAS_1-150x98.jpg 150w, https:\/\/www.lab.eus\/wp-content\/uploads\/2023\/12\/20231214_ANFAS_1-696x454.jpg 696w, https:\/\/www.lab.eus\/wp-content\/uploads\/2023\/12\/20231214_ANFAS_1-1068x697.jpg 1068w, https:\/\/www.lab.eus\/wp-content\/uploads\/2023\/12\/20231214_ANFAS_1-1920x1253.jpg 1920w\" sizes=\"auto, (max-width: 1024px) 100vw, 1024px\" \/><\/figure>\n","protected":false},"excerpt":{"rendered":"<p>ANFAS es la Asociaci\u00f3n de Nafarroa en favor de las personas con discapacidad intelectual o trastornos del desarrollo y sus familias. Su comit\u00e9 de empresa, compuesto por cuatro delegadas de LAB y cinco de ELA, ha comparecido en Iru\u00f1ea para informar sobre la situaci\u00f3n que est\u00e1 viviendo en la negociaci\u00f3n de su convenio de empresa desde hace ya dos a\u00f1os.<\/p>\n","protected":false},"author":1191,"featured_media":65815,"comment_status":"closed","ping_status":"closed","sticky":false,"template":"","format":"standard","meta":{"_monsterinsights_skip_tracking":false,"_monsterinsights_sitenote_active":false,"_monsterinsights_sitenote_note":"","_monsterinsights_sitenote_category":0,"footnotes":"","_links_to":"","_links_to_target":""},"categories":[18,2867,3000,6],"tags":[3033,2724,3178,3415,3066,3171,3272],"class_list":{"0":"post-65818","1":"post","2":"type-post","3":"status-publish","4":"format-standard","5":"has-post-thumbnail","7":"category-es-accion-sindical","8":"category-federaciones","9":"category-servicio-sociocomunitario","10":"category-es-servicios-publicos","11":"tag-accion-sindical-es","12":"tag-anfas","13":"tag-destacado-1","14":"tag-diversidad-funcional","15":"tag-federaciones-es","16":"tag-servicios-publicos-es","17":"tag-sociocomunitario-es"},"_links":{"self":[{"href":"https:\/\/www.lab.eus\/es\/wp-json\/wp\/v2\/posts\/65818","targetHints":{"allow":["GET"]}}],"collection":[{"href":"https:\/\/www.lab.eus\/es\/wp-json\/wp\/v2\/posts"}],"about":[{"href":"https:\/\/www.lab.eus\/es\/wp-json\/wp\/v2\/types\/post"}],"author":[{"embeddable":true,"href":"https:\/\/www.lab.eus\/es\/wp-json\/wp\/v2\/users\/1191"}],"replies":[{"embeddable":true,"href":"https:\/\/www.lab.eus\/es\/wp-json\/wp\/v2\/comments?post=65818"}],"version-history":[{"count":0,"href":"https:\/\/www.lab.eus\/es\/wp-json\/wp\/v2\/posts\/65818\/revisions"}],"wp:featuredmedia":[{"embeddable":true,"href":"https:\/\/www.lab.eus\/es\/wp-json\/wp\/v2\/media\/65815"}],"wp:attachment":[{"href":"https:\/\/www.lab.eus\/es\/wp-json\/wp\/v2\/media?parent=65818"}],"wp:term":[{"taxonomy":"category","embeddable":true,"href":"https:\/\/www.lab.eus\/es\/wp-json\/wp\/v2\/categories?post=65818"},{"taxonomy":"post_tag","embeddable":true,"href":"https:\/\/www.lab.eus\/es\/wp-json\/wp\/v2\/tags?post=65818"}],"curies":[{"name":"wp","href":"https:\/\/api.w.org\/{rel}","templated":true}]}}