{"id":65778,"date":"2023-12-13T14:32:15","date_gmt":"2023-12-13T14:32:15","guid":{"rendered":"https:\/\/www.lab.eus\/?p=65778"},"modified":"2023-12-13T14:32:17","modified_gmt":"2023-12-13T14:32:17","slug":"trabajadoras-de-las-residencias-de-araba-llevan-carbon-a-urkullu-gonzalez-y-urtaran","status":"publish","type":"post","link":"https:\/\/www.lab.eus\/es\/trabajadoras-de-las-residencias-de-araba-llevan-carbon-a-urkullu-gonzalez-y-urtaran\/","title":{"rendered":"Trabajadoras de las residencias de Araba llevan carb\u00f3n a Urkullu, Gonz\u00e1lez y Urtaran"},"content":{"rendered":"\n<p>Las trabajadoras de las residencias de Araba han vivido hoy la segunda jornada de huelga de la semana en defensa de un convenio digno. En la movilizaci\u00f3n de hoy, han llevado carb\u00f3n al Lehendakari de la CAV, Urkullu, al Diputado General, Ramiro Gonz\u00e1lez, y al Diputado Foral de Pol\u00edticas Sociales, Gorka Urtaran.<\/p>\n\n\n\n<p>Tras la manifestaci\u00f3n, que ha partido de la Plaza Nueva de Gasteiz, han interpelado a las instituciones con los colectivos Movimiento Feminista de Araba, Zaintza Araba, Pentsionistak Araba y Babestu Araba. Olentzero y Mari Domingi tambi\u00e9n han estado con las trabajadores frente a la sede foral.<\/p>\n\n\n\n<figure class=\"wp-block-gallery has-nested-images columns-default is-cropped wp-block-gallery-1 is-layout-flex wp-block-gallery-is-layout-flex\">\n<figure class=\"wp-block-image size-large\"><img loading=\"lazy\" decoding=\"async\" width=\"1006\" height=\"721\" data-id=\"65776\" src=\"https:\/\/www.lab.eus\/wp-content\/uploads\/2023\/12\/2023-12-13-Arabako-egoizak_2.jpeg\" alt=\"\" class=\"wp-image-65776\" srcset=\"https:\/\/www.lab.eus\/wp-content\/uploads\/2023\/12\/2023-12-13-Arabako-egoizak_2.jpeg 1006w, https:\/\/www.lab.eus\/wp-content\/uploads\/2023\/12\/2023-12-13-Arabako-egoizak_2-300x215.jpeg 300w, https:\/\/www.lab.eus\/wp-content\/uploads\/2023\/12\/2023-12-13-Arabako-egoizak_2-768x550.jpeg 768w, https:\/\/www.lab.eus\/wp-content\/uploads\/2023\/12\/2023-12-13-Arabako-egoizak_2-150x108.jpeg 150w, https:\/\/www.lab.eus\/wp-content\/uploads\/2023\/12\/2023-12-13-Arabako-egoizak_2-696x499.jpeg 696w\" sizes=\"auto, (max-width: 1006px) 100vw, 1006px\" \/><\/figure>\n\n\n\n<figure class=\"wp-block-image size-large\"><img loading=\"lazy\" decoding=\"async\" width=\"1024\" height=\"669\" data-id=\"65772\" src=\"https:\/\/www.lab.eus\/wp-content\/uploads\/2023\/12\/2023-12-13-Arabako-egoizak_4-1024x669.jpeg\" alt=\"\" class=\"wp-image-65772\" srcset=\"https:\/\/www.lab.eus\/wp-content\/uploads\/2023\/12\/2023-12-13-Arabako-egoizak_4-1024x669.jpeg 1024w, https:\/\/www.lab.eus\/wp-content\/uploads\/2023\/12\/2023-12-13-Arabako-egoizak_4-300x196.jpeg 300w, https:\/\/www.lab.eus\/wp-content\/uploads\/2023\/12\/2023-12-13-Arabako-egoizak_4-768x502.jpeg 768w, https:\/\/www.lab.eus\/wp-content\/uploads\/2023\/12\/2023-12-13-Arabako-egoizak_4-150x98.jpeg 150w, https:\/\/www.lab.eus\/wp-content\/uploads\/2023\/12\/2023-12-13-Arabako-egoizak_4-696x455.jpeg 696w, https:\/\/www.lab.eus\/wp-content\/uploads\/2023\/12\/2023-12-13-Arabako-egoizak_4-1068x697.jpeg 1068w, https:\/\/www.lab.eus\/wp-content\/uploads\/2023\/12\/2023-12-13-Arabako-egoizak_4.jpeg 1274w\" sizes=\"auto, (max-width: 1024px) 100vw, 1024px\" \/><\/figure>\n\n\n\n<figure class=\"wp-block-image size-large\"><img loading=\"lazy\" decoding=\"async\" width=\"1024\" height=\"768\" data-id=\"65768\" src=\"https:\/\/www.lab.eus\/wp-content\/uploads\/2023\/12\/2023-12-13-Arabako-egoizak_6-1024x768.jpeg\" alt=\"\" class=\"wp-image-65768\" srcset=\"https:\/\/www.lab.eus\/wp-content\/uploads\/2023\/12\/2023-12-13-Arabako-egoizak_6-1024x768.jpeg 1024w, https:\/\/www.lab.eus\/wp-content\/uploads\/2023\/12\/2023-12-13-Arabako-egoizak_6-300x225.jpeg 300w, https:\/\/www.lab.eus\/wp-content\/uploads\/2023\/12\/2023-12-13-Arabako-egoizak_6-768x576.jpeg 768w, https:\/\/www.lab.eus\/wp-content\/uploads\/2023\/12\/2023-12-13-Arabako-egoizak_6-150x113.jpeg 150w, https:\/\/www.lab.eus\/wp-content\/uploads\/2023\/12\/2023-12-13-Arabako-egoizak_6-696x522.jpeg 696w, https:\/\/www.lab.eus\/wp-content\/uploads\/2023\/12\/2023-12-13-Arabako-egoizak_6-1068x801.jpeg 1068w, https:\/\/www.lab.eus\/wp-content\/uploads\/2023\/12\/2023-12-13-Arabako-egoizak_6.jpeg 1280w\" sizes=\"auto, (max-width: 1024px) 100vw, 1024px\" \/><\/figure>\n\n\n\n<figure class=\"wp-block-image size-large\"><img loading=\"lazy\" decoding=\"async\" width=\"1024\" height=\"758\" data-id=\"65766\" src=\"https:\/\/www.lab.eus\/wp-content\/uploads\/2023\/12\/2023-12-13-Arabako-egoizak_7-1024x758.jpeg\" alt=\"\" class=\"wp-image-65766\" srcset=\"https:\/\/www.lab.eus\/wp-content\/uploads\/2023\/12\/2023-12-13-Arabako-egoizak_7-1024x758.jpeg 1024w, https:\/\/www.lab.eus\/wp-content\/uploads\/2023\/12\/2023-12-13-Arabako-egoizak_7-300x222.jpeg 300w, https:\/\/www.lab.eus\/wp-content\/uploads\/2023\/12\/2023-12-13-Arabako-egoizak_7-768x568.jpeg 768w, https:\/\/www.lab.eus\/wp-content\/uploads\/2023\/12\/2023-12-13-Arabako-egoizak_7-150x111.jpeg 150w, https:\/\/www.lab.eus\/wp-content\/uploads\/2023\/12\/2023-12-13-Arabako-egoizak_7-485x360.jpeg 485w, https:\/\/www.lab.eus\/wp-content\/uploads\/2023\/12\/2023-12-13-Arabako-egoizak_7-696x515.jpeg 696w, https:\/\/www.lab.eus\/wp-content\/uploads\/2023\/12\/2023-12-13-Arabako-egoizak_7-1068x790.jpeg 1068w, https:\/\/www.lab.eus\/wp-content\/uploads\/2023\/12\/2023-12-13-Arabako-egoizak_7.jpeg 1084w\" sizes=\"auto, (max-width: 1024px) 100vw, 1024px\" \/><\/figure>\n<\/figure>\n","protected":false},"excerpt":{"rendered":"<p>Las trabajadoras de las residencias de Araba han vivido hoy la segunda jornada de huelga de la semana en defensa de un convenio digno. En la movilizaci\u00f3n de hoy, han llevado carb\u00f3n al Lehendakari de la CAV, Urkullu, al Diputado General, Ramiro Gonz\u00e1lez, y al Diputado Foral de Pol\u00edticas Sociales, Gorka Urtaran.<\/p>\n","protected":false},"author":1191,"featured_media":65764,"comment_status":"closed","ping_status":"closed","sticky":false,"template":"","format":"standard","meta":{"_monsterinsights_skip_tracking":false,"_monsterinsights_sitenote_active":false,"_monsterinsights_sitenote_note":"","_monsterinsights_sitenote_category":0,"footnotes":"","_links_to":"","_links_to_target":""},"categories":[18,2867,6],"tags":[3033,3178,3066,3171,3272],"class_list":{"0":"post-65778","1":"post","2":"type-post","3":"status-publish","4":"format-standard","5":"has-post-thumbnail","7":"category-es-accion-sindical","8":"category-federaciones","9":"category-es-servicios-publicos","10":"tag-accion-sindical-es","11":"tag-destacado-1","12":"tag-federaciones-es","13":"tag-servicios-publicos-es","14":"tag-sociocomunitario-es"},"_links":{"self":[{"href":"https:\/\/www.lab.eus\/es\/wp-json\/wp\/v2\/posts\/65778","targetHints":{"allow":["GET"]}}],"collection":[{"href":"https:\/\/www.lab.eus\/es\/wp-json\/wp\/v2\/posts"}],"about":[{"href":"https:\/\/www.lab.eus\/es\/wp-json\/wp\/v2\/types\/post"}],"author":[{"embeddable":true,"href":"https:\/\/www.lab.eus\/es\/wp-json\/wp\/v2\/users\/1191"}],"replies":[{"embeddable":true,"href":"https:\/\/www.lab.eus\/es\/wp-json\/wp\/v2\/comments?post=65778"}],"version-history":[{"count":0,"href":"https:\/\/www.lab.eus\/es\/wp-json\/wp\/v2\/posts\/65778\/revisions"}],"wp:featuredmedia":[{"embeddable":true,"href":"https:\/\/www.lab.eus\/es\/wp-json\/wp\/v2\/media\/65764"}],"wp:attachment":[{"href":"https:\/\/www.lab.eus\/es\/wp-json\/wp\/v2\/media?parent=65778"}],"wp:term":[{"taxonomy":"category","embeddable":true,"href":"https:\/\/www.lab.eus\/es\/wp-json\/wp\/v2\/categories?post=65778"},{"taxonomy":"post_tag","embeddable":true,"href":"https:\/\/www.lab.eus\/es\/wp-json\/wp\/v2\/tags?post=65778"}],"curies":[{"name":"wp","href":"https:\/\/api.w.org\/{rel}","templated":true}]}}