{"id":65696,"date":"2023-12-12T10:42:17","date_gmt":"2023-12-12T10:42:17","guid":{"rendered":"https:\/\/www.lab.eus\/?p=65696"},"modified":"2023-12-12T10:42:19","modified_gmt":"2023-12-12T10:42:19","slug":"miles-de-trabajadoras-y-trabajadores-han-secundado-la-segunda-jornada-de-huelga-en-los-centros-de-ensenanza-de-iniciativa-social","status":"publish","type":"post","link":"https:\/\/www.lab.eus\/es\/miles-de-trabajadoras-y-trabajadores-han-secundado-la-segunda-jornada-de-huelga-en-los-centros-de-ensenanza-de-iniciativa-social\/","title":{"rendered":"Miles de trabajadoras y trabajadores han secundado la segunda jornada de huelga en los centros de ense\u00f1anza de iniciativa social"},"content":{"rendered":"\n<p>Ma\u00f1ana las trabajadoras y trabajadores de Araba, Bizkaia y Gipuzkoa se manifestar\u00e1n en Bilbo.<\/p>\n\n\n\n<p>Hoy ha sido la segunda jornada de huelga en los centros de ense\u00f1anza de Iniciativa Social. Hoy tambi\u00e9n han participado miles de trabajadores y trabajadoras en las caravanas de coches, acciones y movilizaciones organizadas por los sindicatos LAB, ELA, STEILAS, CCOO y UGT en las tres capitales vascas. El seguimiento de la huelga tambi\u00e9n ha sido muy similar al de ayer, entre el 65 y el 70%.<\/p>\n\n\n\n<p>Los sindicatos instamos a las patronales Kristau Eskola y AICE-IZEA a que act\u00faen con responsabilidad y pongan sobre la mesa los contenidos que permitan la firma del Convenio. Y al Departamento de Educaci\u00f3n que intervenga para encauzar el conflicto en vez de mirar hacia otro lado.<\/p>\n\n\n\n<p>Ma\u00f1ana los trabajadores y trabajadoras de Araba, Bizkaia y Gipuzkoa se reunir\u00e1n en una manifestaci\u00f3n centralizada en Bilbo. La manifestaci\u00f3n comenzar\u00e1 a las 11.30 de la ma\u00f1ana frente al Gobierno Vasco (Gran V\u00eda, 85).<\/p>\n","protected":false},"excerpt":{"rendered":"<p>Ma\u00f1ana las trabajadoras y trabajadores de Araba, Bizkaia y Gipuzkoa se manifestar\u00e1n en Bilbo.<\/p>\n","protected":false},"author":1191,"featured_media":65693,"comment_status":"closed","ping_status":"closed","sticky":false,"template":"","format":"standard","meta":{"_monsterinsights_skip_tracking":false,"_monsterinsights_sitenote_active":false,"_monsterinsights_sitenote_note":"","_monsterinsights_sitenote_category":0,"footnotes":"","_links_to":"","_links_to_target":""},"categories":[3283],"tags":[3033,3178,3194],"class_list":{"0":"post-65696","1":"post","2":"type-post","3":"status-publish","4":"format-standard","5":"has-post-thumbnail","7":"category-sin-categorizar","8":"tag-accion-sindical-es","9":"tag-destacado-1","10":"tag-ensenanza-es"},"_links":{"self":[{"href":"https:\/\/www.lab.eus\/es\/wp-json\/wp\/v2\/posts\/65696","targetHints":{"allow":["GET"]}}],"collection":[{"href":"https:\/\/www.lab.eus\/es\/wp-json\/wp\/v2\/posts"}],"about":[{"href":"https:\/\/www.lab.eus\/es\/wp-json\/wp\/v2\/types\/post"}],"author":[{"embeddable":true,"href":"https:\/\/www.lab.eus\/es\/wp-json\/wp\/v2\/users\/1191"}],"replies":[{"embeddable":true,"href":"https:\/\/www.lab.eus\/es\/wp-json\/wp\/v2\/comments?post=65696"}],"version-history":[{"count":0,"href":"https:\/\/www.lab.eus\/es\/wp-json\/wp\/v2\/posts\/65696\/revisions"}],"wp:featuredmedia":[{"embeddable":true,"href":"https:\/\/www.lab.eus\/es\/wp-json\/wp\/v2\/media\/65693"}],"wp:attachment":[{"href":"https:\/\/www.lab.eus\/es\/wp-json\/wp\/v2\/media?parent=65696"}],"wp:term":[{"taxonomy":"category","embeddable":true,"href":"https:\/\/www.lab.eus\/es\/wp-json\/wp\/v2\/categories?post=65696"},{"taxonomy":"post_tag","embeddable":true,"href":"https:\/\/www.lab.eus\/es\/wp-json\/wp\/v2\/tags?post=65696"}],"curies":[{"name":"wp","href":"https:\/\/api.w.org\/{rel}","templated":true}]}}