{"id":65688,"date":"2023-12-12T09:26:45","date_gmt":"2023-12-12T09:26:45","guid":{"rendered":"https:\/\/www.lab.eus\/?p=65688"},"modified":"2023-12-12T09:26:47","modified_gmt":"2023-12-12T09:26:47","slug":"los-y-las-trabajadoras-de-tuvisa-muestran-su-hartazgo-en-los-paros-y-movilizaciones-que-han-tenido-un-seguimiento-total-y-seguiran-luchando-durante-las-proximas-semanas","status":"publish","type":"post","link":"https:\/\/www.lab.eus\/es\/los-y-las-trabajadoras-de-tuvisa-muestran-su-hartazgo-en-los-paros-y-movilizaciones-que-han-tenido-un-seguimiento-total-y-seguiran-luchando-durante-las-proximas-semanas\/","title":{"rendered":"Los y las trabajadoras de Tuvisa muestran su hartazgo en los paros y movilizaciones que han tenido un seguimiento total y seguir\u00e1n luchando durante las pr\u00f3ximas semanas"},"content":{"rendered":"\n<p>Habiendo comenzado con las movilizaciones a principios de mes, los trabajadores y las trabajadoras del servicio de autobuses Tuvisa de Gasteiz realizaron el primer paro parcial convocado ayer, d\u00eda 11, con un seguimiento del 100%. Ma\u00f1ana, 13 de diciembre, se llevar\u00e1 a cabo una movilizaci\u00f3n en el hospital de Santiago, y tambi\u00e9n han anunciado dos d\u00edas de huelga de 24 horas en diciembre.<\/p>\n\n\n\n<p>El conflicto de Tuvisa no es nada nuevo, sino que viene desde hace mucho tiempo atr\u00e1s y los trabajadores y las trabajadoras est\u00e1n hartas de ver c\u00f3mo sus condiciones son cada vez m\u00e1s precarias, c\u00f3mo la calidad del servicio se ha reducido dr\u00e1sticamente y la direcci\u00f3n hace o\u00eddos sordos a sus reivindicaciones.<\/p>\n\n\n\n<p>Las huelgas y movilizaciones est\u00e1n motivadas por la p\u00e9rdida acumulada de puestos de trabajo, la precarizaci\u00f3n del servicio que se presta a usuarios y usuarias, la nefasta situaci\u00f3n de la flota, la constante actitud de desprecio hacia la parte social, el empeoramiento de las condiciones laborales y la privatizaci\u00f3n de recursos pertenecientes a Tuvisa.<\/p>\n\n\n\n<p>As\u00ed las cosas, los trabajadores reclaman, por un lado, evitar la p\u00e9rdida de l\u00edneas de autob\u00fas, recuperar las que se han perdido desde la pandemia y establecer m\u00e1s l\u00edneas que puedan ser necesarias para mejorar tanto las condiciones laborales como la calidad del servicio que prestan a la ciudadan\u00eda.<\/p>\n\n\n\n<p>Exigen, asimismo, que se reviertan las \u00faltimas privatizaciones que se han llevado a cabo en Tuvisa y la recuperaci\u00f3n de las noches de p\u00e1rking, gr\u00faas y garajes, lo que reforzar\u00e1 el servicio.<\/p>\n\n\n\n<p>Otro punto importante es contar con una persona interlocutora v\u00e1lida para poder llevar adelante la negociaci\u00f3n del convenio. Hasta el momento, en todas las reuniones que la representaci\u00f3n de los y las trabajadoras ha mantenido con la direcci\u00f3n s\u00f3lo han recibido una respuesta: no, no y no. A pesar de que los trabajadores y las trabajadoras han mostrado su total disposici\u00f3n a la negociaci\u00f3n y al di\u00e1logo, se han topado con un muro y con el m\u00e1s absoluto ninguneo.<\/p>\n\n\n\n<p>Por \u00faltimo, otra exigencia es que se establezca un registro efectivo de la jornada laboral y que se publiquen en el Bolet\u00edn Oficial de Araba todos los acuerdos con la parte social.<\/p>\n\n\n\n<p>Los y las representantes de los trabajadores y trabajadoras de Tuvisa destacan que esta lucha no es exclusiva de la plantilla, sino que afecta a todos los y las gasteiztarras, por lo que piden comprensi\u00f3n a la ciudadan\u00eda, yq que aunque los paros y huelgas puedan generar molestias, los est\u00e1n llevando a cabo por el bien com\u00fan.<\/p>\n\n\n\n<p><strong>Las siguientes citas en el calendario<\/strong><\/p>\n\n\n\n<p>Se ennumeran a continuaci\u00f3n las principales citas dentro de la lucha de los y las trabajadoras de Tuvisa:<\/p>\n\n\n\n<ul class=\"wp-block-list\">\n<li>13 de diciembre: Movilizaci\u00f3n en el Hospital de Santiago<\/li>\n\n\n\n<li>18 de diciembre: Paros parciales hasta las 09:00 horas<\/li>\n\n\n\n<li>19 de diciembre: huelga de 24 horas<\/li>\n\n\n\n<li>21 de diciembre: huelga de 24 horas<\/li>\n<\/ul>\n","protected":false},"excerpt":{"rendered":"<p>Habiendo comenzado con las movilizaciones a principios de mes, los trabajadores y las trabajadoras del servicio de autobuses Tuvisa de Gasteiz realizaron el primer paro parcial convocado ayer, d\u00eda 11, con un seguimiento del 100%. Ma\u00f1ana, 13 de diciembre, se llevar\u00e1 a cabo una movilizaci\u00f3n en el hospital de Santiago, y tambi\u00e9n han anunciado dos d\u00edas de huelga de 24 horas en diciembre.<\/p>\n","protected":false},"author":1191,"featured_media":65686,"comment_status":"closed","ping_status":"closed","sticky":false,"template":"","format":"standard","meta":{"_monsterinsights_skip_tracking":false,"_monsterinsights_sitenote_active":false,"_monsterinsights_sitenote_note":"","_monsterinsights_sitenote_category":0,"footnotes":"","_links_to":"","_links_to_target":""},"categories":[18,2867,8,6,2939],"tags":[3033,3178,3172,3171],"class_list":{"0":"post-65688","1":"post","2":"type-post","3":"status-publish","4":"format-standard","5":"has-post-thumbnail","7":"category-es-accion-sindical","8":"category-federaciones","9":"category-es-servicios-privados","10":"category-es-servicios-publicos","11":"category-transporte-de-viajeros","12":"tag-accion-sindical-es","13":"tag-destacado-1","14":"tag-servicios-privados-es","15":"tag-servicios-publicos-es"},"_links":{"self":[{"href":"https:\/\/www.lab.eus\/es\/wp-json\/wp\/v2\/posts\/65688","targetHints":{"allow":["GET"]}}],"collection":[{"href":"https:\/\/www.lab.eus\/es\/wp-json\/wp\/v2\/posts"}],"about":[{"href":"https:\/\/www.lab.eus\/es\/wp-json\/wp\/v2\/types\/post"}],"author":[{"embeddable":true,"href":"https:\/\/www.lab.eus\/es\/wp-json\/wp\/v2\/users\/1191"}],"replies":[{"embeddable":true,"href":"https:\/\/www.lab.eus\/es\/wp-json\/wp\/v2\/comments?post=65688"}],"version-history":[{"count":0,"href":"https:\/\/www.lab.eus\/es\/wp-json\/wp\/v2\/posts\/65688\/revisions"}],"wp:featuredmedia":[{"embeddable":true,"href":"https:\/\/www.lab.eus\/es\/wp-json\/wp\/v2\/media\/65686"}],"wp:attachment":[{"href":"https:\/\/www.lab.eus\/es\/wp-json\/wp\/v2\/media?parent=65688"}],"wp:term":[{"taxonomy":"category","embeddable":true,"href":"https:\/\/www.lab.eus\/es\/wp-json\/wp\/v2\/categories?post=65688"},{"taxonomy":"post_tag","embeddable":true,"href":"https:\/\/www.lab.eus\/es\/wp-json\/wp\/v2\/tags?post=65688"}],"curies":[{"name":"wp","href":"https:\/\/api.w.org\/{rel}","templated":true}]}}