{"id":65680,"date":"2023-12-12T08:22:13","date_gmt":"2023-12-12T08:22:13","guid":{"rendered":"https:\/\/www.lab.eus\/?p=65680"},"modified":"2023-12-12T08:22:16","modified_gmt":"2023-12-12T08:22:16","slug":"el-19-de-diciembre-volveremos-a-vaciar-los-centros-de-trabajo-del-sector-publico-y-llenaremos-las-calles","status":"publish","type":"post","link":"https:\/\/www.lab.eus\/es\/el-19-de-diciembre-volveremos-a-vaciar-los-centros-de-trabajo-del-sector-publico-y-llenaremos-las-calles\/","title":{"rendered":"El 19 de diciembre volveremos a vaciar los centros de trabajo del sector p\u00fablico y llenaremos las calles"},"content":{"rendered":"\n<p>Los sindicatos LAB, ELA, CCOO, STEILAS, SATSE y ESK nos unimos para el 25 de octubre y acordando el lema \u00abpara reforzar los servicios p\u00fablicos acordar aqu\u00ed el salario y el empleo\u00bb y las correspondientes reivindicaciones, salimos miles de trabajadoras y trabajadores de los centros de y llenamos las calles de las tres capitales. Para recordar que el pr\u00f3ximo martes 19 lo vamos a volver a hacer, nos hemos movilizado hoy en los centros de trabajo de las administraciones y empresas p\u00fablicas de la CAPV: haurreskolas, escuelas, institutos, universidad, hospitales, centros de salud, ayuntamientos, diputaciones, Gobierno Vasco, empresas p\u00fablicas&#8230;<\/p>\n\n\n\n<p>Algunos cargos institucionales y pol\u00edticos, con el lehendakari a la cabeza, siguen tratando de torpedear las huelgas y quitarse de encima la responsabilidad de la situaci\u00f3n, hablando de malestares artificiales o de reivindicaciones populistas o de que estamos poniendo sobre la mesa reivindicaciones que est\u00e1n fuera de su competencia.<\/p>\n\n\n\n<p>Pero el \u00e9xito de la huelga del 25 de octubre, y las continuas movilizaciones en el sector p\u00fablico, han llevado al PNV a realizar movimientos. Uno de ellos ha sido que en Madrid se ha visto obligado a negociar con el PSOE sobre las condiciones de los trabajadores, un movimiento escaso, pero que en definitiva, se ha tenido que mover. Esto deja claro que las huelgas y las movilizaciones son capaces de cambiar las voluntades pol\u00edticas. Por eso tenemos que seguir moviliz\u00e1ndonos y el pr\u00f3ximo 19 volveremos a vaciar los centros de trabajo y a llenar las calles.<\/p>\n\n\n\n<p>La huelga volver\u00e1 a ser un \u00e9xito porque tenemos que incidir en partidos e instituciones para que se tengan en cuenta las necesidades de las y los empleados p\u00fablicos: primero en los presupuestos de las instituciones, porque si no en las mesas de negociaci\u00f3n no habr\u00e1 qu\u00e9 negociar, habr\u00e1 imposiciones.<\/p>\n\n\n\n<p>Esto es lo que seguimos reivindicando:<\/p>\n\n\n\n<ul class=\"wp-block-list\">\n<li>No aceptar los l\u00edmites procedentes del Estado, ni imposiciones, ni vetos<\/li>\n\n\n\n<li>Recogida de un incremento salarial del 10% y recuperaci\u00f3n de la deuda anterior<\/li>\n\n\n\n<li>Creaci\u00f3n y estabilizaci\u00f3n de empleo y reducci\u00f3n de la temporalidad por debajo del 8%<\/li>\n\n\n\n<li>Reforzar lo p\u00fablico, no privatizar, acordar planes de publificaci\u00f3n<\/li>\n\n\n\n<li>Aliviar las cargas de trabajo y garantizar la salud del personal<\/li>\n\n\n\n<li>Consensuar pol\u00edticas feministas, planes reales y eficaces para la igualdad<\/li>\n\n\n\n<li>Que la Administraci\u00f3n y el personal funcionen en euskera, sin fraudes<\/li>\n\n\n\n<li>Reducci\u00f3n de jornada en direcci\u00f3n a la semana laboral de 32 horas<\/li>\n<\/ul>\n\n\n\n<p>\u00a1Insistimos, es hora de luchar, y el pr\u00f3ximo martes 19 lo volveremos a hacer en todo el sector p\u00fablico!<\/p>\n","protected":false},"excerpt":{"rendered":"<p>Los sindicatos LAB, ELA, CCOO, STEILAS, SATSE y ESK nos unimos para el 25 de octubre y acordando el lema \u00abpara reforzar los servicios p\u00fablicos acordar aqu\u00ed el salario y el empleo\u00bb y las correspondientes reivindicaciones, salimos miles de trabajadoras y trabajadores de los centros de y llenamos las calles de las tres capitales. Para recordar que el pr\u00f3ximo martes 19 lo vamos a volver a hacer, nos hemos movilizado hoy en los centros de trabajo de las administraciones y empresas p\u00fablicas de la CAPV: haurreskolas, escuelas, institutos, universidad, hospitales, centros de salud, ayuntamientos, diputaciones, Gobierno Vasco, empresas p\u00fablicas&#8230;<\/p>\n","protected":false},"author":1191,"featured_media":65706,"comment_status":"closed","ping_status":"closed","sticky":false,"template":"","format":"standard","meta":{"_monsterinsights_skip_tracking":false,"_monsterinsights_sitenote_active":false,"_monsterinsights_sitenote_note":"","_monsterinsights_sitenote_category":0,"footnotes":"","_links_to":"","_links_to_target":""},"categories":[18,2867,6],"tags":[3033,3178,3171],"class_list":{"0":"post-65680","1":"post","2":"type-post","3":"status-publish","4":"format-standard","5":"has-post-thumbnail","7":"category-es-accion-sindical","8":"category-federaciones","9":"category-es-servicios-publicos","10":"tag-accion-sindical-es","11":"tag-destacado-1","12":"tag-servicios-publicos-es"},"_links":{"self":[{"href":"https:\/\/www.lab.eus\/es\/wp-json\/wp\/v2\/posts\/65680","targetHints":{"allow":["GET"]}}],"collection":[{"href":"https:\/\/www.lab.eus\/es\/wp-json\/wp\/v2\/posts"}],"about":[{"href":"https:\/\/www.lab.eus\/es\/wp-json\/wp\/v2\/types\/post"}],"author":[{"embeddable":true,"href":"https:\/\/www.lab.eus\/es\/wp-json\/wp\/v2\/users\/1191"}],"replies":[{"embeddable":true,"href":"https:\/\/www.lab.eus\/es\/wp-json\/wp\/v2\/comments?post=65680"}],"version-history":[{"count":0,"href":"https:\/\/www.lab.eus\/es\/wp-json\/wp\/v2\/posts\/65680\/revisions"}],"wp:featuredmedia":[{"embeddable":true,"href":"https:\/\/www.lab.eus\/es\/wp-json\/wp\/v2\/media\/65706"}],"wp:attachment":[{"href":"https:\/\/www.lab.eus\/es\/wp-json\/wp\/v2\/media?parent=65680"}],"wp:term":[{"taxonomy":"category","embeddable":true,"href":"https:\/\/www.lab.eus\/es\/wp-json\/wp\/v2\/categories?post=65680"},{"taxonomy":"post_tag","embeddable":true,"href":"https:\/\/www.lab.eus\/es\/wp-json\/wp\/v2\/tags?post=65680"}],"curies":[{"name":"wp","href":"https:\/\/api.w.org\/{rel}","templated":true}]}}