{"id":65633,"date":"2023-12-06T16:24:04","date_gmt":"2023-12-06T16:24:04","guid":{"rendered":"https:\/\/www.lab.eus\/?p=65633"},"modified":"2023-12-06T16:42:09","modified_gmt":"2023-12-06T16:42:09","slug":"denunciamos-que-el-trabajador-fallecido-ayer-en-erandio-tenia-66-anos-y-se-encontraba-solo-realizando-trabajos-de-soldadura","status":"publish","type":"post","link":"https:\/\/www.lab.eus\/es\/denunciamos-que-el-trabajador-fallecido-ayer-en-erandio-tenia-66-anos-y-se-encontraba-solo-realizando-trabajos-de-soldadura\/","title":{"rendered":"Denunciamos que el trabajador fallecido ayer en Erandio ten\u00eda 66 a\u00f1os y se encontraba solo realizando trabajos de soldadura"},"content":{"rendered":"\n<p>Adem\u00e1s de solidarizarnos con sus compa\u00f1eros, familiares y amigos, subrayamos que las reformas laborales no han hecho m\u00e1s que aumentar la precariedad, adem\u00e1s de criticar la indiferencia de las instituciones que deben garantizar la salud laboral hacia el tema.<\/p>\n\n\n\n<p>El martes al mediod\u00eda muri\u00f3 en Astilleros Murueta de Erandio el trabajador subcontratado M.A.C.P, de 66 a\u00f1os, al caerle encima una gran tuber\u00eda que estaba soldando. Al parecer, el polipasto que sujetaba el tubo fall\u00f3 y qued\u00f3 atrapado. Se tratar\u00eda del trabajador n\u00famero 53 fallecido en accidente laboral en 2023 en Euskal Herria.<br><br>Ante lo sucedido, nos planteamos las siguientes preguntas: \u201c\u00bfC\u00f3mo se puede permitir que un trabajador de 66 a\u00f1os trabaje s\u00f3lo en estas condiciones? \u00bfPor qu\u00e9 no se han cumplido las medidas de seguridad? \u00bfPor qu\u00e9 no se ha garantizado la figura del recurso preventivo? \u00bfC\u00f3mo se puede permitir que la mayor parte de la producci\u00f3n de un astillero se realizen por subcontratas? \u00bfBajo qu\u00e9 condiciones laborales se encuentran estos trabajadores subcontratados?\u201d<\/p>\n\n\n\n<p>Detr\u00e1s de estas preguntas est\u00e1n  las causas del accidente. Algunas de las condiciones que se encuentran detr\u00e1s de este accidente vienen a consecuencia de las \u00faltimas reformas, como el factor de la edad. Podr\u00eda decirse, por tanto, que la precarizaci\u00f3n de las reformas laborales y de pensiones contra los trabajadores y las trabajadoras ha aumentado la siniestralidad laboral.<\/p>\n\n\n\n<p>En el caso de Astilleros Murueta, adem\u00e1s, la subcontrataci\u00f3n es uno de los principales elementos que aumenta la precariedad de las condiciones laborales de sus trabajadores y trabajadoras. En los \u00faltimos a\u00f1os la base del negocio de Astilleros Murueta se ha centrado en empresas y personal subcontratado. Esto ha rebajado las condiciones de los trabajadores y trabajadoras de las diferentes empresas que trabajan en el centro y no se han garantizado las medidas de salud laboral.<br><br>Para que estas situaciones potencialmente mortales se produzcan de forma tan habitual, existe la connivencia de la administraci\u00f3n. Hace tiempo que venimos denunciando que la funci\u00f3n de Osalan es meramente consultiva, no hace seguimiento de las empresas y tampoco hacer cumplir de la normativa. Mientras tanto, la inspecci\u00f3n de trabajo, competencia del Gobierno de la CAV, no tiene capacidad ni voluntad para hacer cumplir dichas normas de seguridad y prevenci\u00f3n. Esto hace que la legislaci\u00f3n de salud laboral sea la menos cumplimentada y los trabajadores y las trabajadoras lo pagan con su vida.<\/p>\n","protected":false},"excerpt":{"rendered":"<p>Adem\u00e1s de solidarizarnos con sus compa\u00f1eros, familiares y amigos, subrayamos que las reformas laborales no han hecho m\u00e1s que aumentar la precariedad, adem\u00e1s de criticar la indiferencia de las instituciones que deben garantizar la salud laboral hacia el tema.<\/p>\n","protected":false},"author":1191,"featured_media":50371,"comment_status":"closed","ping_status":"closed","sticky":false,"template":"","format":"standard","meta":{"_monsterinsights_skip_tracking":false,"_monsterinsights_sitenote_active":false,"_monsterinsights_sitenote_note":"","_monsterinsights_sitenote_category":0,"footnotes":"","_links_to":"","_links_to_target":""},"categories":[18,2867,2868,15,2973,3283],"tags":[3033,3178,3066],"class_list":{"0":"post-65633","1":"post","2":"type-post","3":"status-publish","4":"format-standard","5":"has-post-thumbnail","7":"category-es-accion-sindical","8":"category-federaciones","9":"category-industria-es","10":"category-es-salud-laboral","11":"category-secretarias","12":"category-sin-categorizar","13":"tag-accion-sindical-es","14":"tag-destacado-1","15":"tag-federaciones-es"},"_links":{"self":[{"href":"https:\/\/www.lab.eus\/es\/wp-json\/wp\/v2\/posts\/65633","targetHints":{"allow":["GET"]}}],"collection":[{"href":"https:\/\/www.lab.eus\/es\/wp-json\/wp\/v2\/posts"}],"about":[{"href":"https:\/\/www.lab.eus\/es\/wp-json\/wp\/v2\/types\/post"}],"author":[{"embeddable":true,"href":"https:\/\/www.lab.eus\/es\/wp-json\/wp\/v2\/users\/1191"}],"replies":[{"embeddable":true,"href":"https:\/\/www.lab.eus\/es\/wp-json\/wp\/v2\/comments?post=65633"}],"version-history":[{"count":0,"href":"https:\/\/www.lab.eus\/es\/wp-json\/wp\/v2\/posts\/65633\/revisions"}],"wp:featuredmedia":[{"embeddable":true,"href":"https:\/\/www.lab.eus\/es\/wp-json\/wp\/v2\/media\/50371"}],"wp:attachment":[{"href":"https:\/\/www.lab.eus\/es\/wp-json\/wp\/v2\/media?parent=65633"}],"wp:term":[{"taxonomy":"category","embeddable":true,"href":"https:\/\/www.lab.eus\/es\/wp-json\/wp\/v2\/categories?post=65633"},{"taxonomy":"post_tag","embeddable":true,"href":"https:\/\/www.lab.eus\/es\/wp-json\/wp\/v2\/tags?post=65633"}],"curies":[{"name":"wp","href":"https:\/\/api.w.org\/{rel}","templated":true}]}}