{"id":65629,"date":"2023-12-06T13:05:20","date_gmt":"2023-12-06T13:05:20","guid":{"rendered":"https:\/\/www.lab.eus\/?p=65629"},"modified":"2023-12-06T13:05:21","modified_gmt":"2023-12-06T13:05:21","slug":"manana-dia-7-realizaremos-una-concentracion-frente-a-la-perla-para-que-escuchen-de-una-vez-lo-que-tiene-que-decir-la-plantilla","status":"publish","type":"post","link":"https:\/\/www.lab.eus\/es\/manana-dia-7-realizaremos-una-concentracion-frente-a-la-perla-para-que-escuchen-de-una-vez-lo-que-tiene-que-decir-la-plantilla\/","title":{"rendered":"Ma\u00f1ana, d\u00eda 7, realizaremos una concentraci\u00f3n frente a La Perla para que escuchen de una vez lo que tiene que decir la plantilla"},"content":{"rendered":"\n<p>Desde la mayor\u00eda del Comit\u00e9 queremos invitar al colectivo de trabajadores y trabajadoras de La Perla a participar en una concentraci\u00f3n ma\u00f1ana, 7 de diciembre.<\/p>\n\n\n\n<p>Despu\u00e9s de a\u00f1o y medio, estamos hartos y hartas. Ante la inmovilidad por parte de la empresa en diferentes materias, el no escuchar la opini\u00f3n de la mayor\u00eda de la plantilla, tener que ir solicitando el cumplimiento de los convenios y derechos laborales, la negativa de negociar un pacto de mejora de condiciones y la demora en cumplir lo que de manera unilateral decide entre otras cosas, desde el comit\u00e9, hemos organizado una protesta para el 7 de diciembre.<\/p>\n\n\n\n<p>Las concentraciones ruidosas se llevar\u00e1n a cabo en tres horas diferentes; de 12:00 a 12:30, de 16:00 a 16:30 y de 20:00 a 20:30. El objetivo es socializar la situaci\u00f3n que vivimos en el centro de trabajo, denunciar la negativa de la empresa a respetar y negociar las condiciones y presionar para el cambio<strong>.<\/strong><\/p>\n\n\n\n<p>Hace a\u00f1o y medio realizamos las elecciones sindicales con el objetivo tener una representaci\u00f3n legal y as\u00ed, defender y mejorar las condiciones del colectivo, de manera colectiva. Desde entonces eso hemos hecho, y lo hemos intentando hablando y negociando. Pero parece ser que a la empresa le da igual la opini\u00f3n de la plantilla. No nos podemos quedar de manos cruzadas.<\/p>\n\n\n\n<p>Os animamos a participar y a secundar la movilizaci\u00f3n.<\/p>\n","protected":false},"excerpt":{"rendered":"<p>Desde la mayor\u00eda del Comit\u00e9 queremos invitar al colectivo de trabajadores y trabajadoras de La Perla a participar en una concentraci\u00f3n ma\u00f1ana, 7 de diciembre.<\/p>\n","protected":false},"author":1191,"featured_media":65518,"comment_status":"closed","ping_status":"closed","sticky":false,"template":"","format":"standard","meta":{"_monsterinsights_skip_tracking":false,"_monsterinsights_sitenote_active":false,"_monsterinsights_sitenote_note":"","_monsterinsights_sitenote_category":0,"footnotes":"","_links_to":"","_links_to_target":""},"categories":[18,8],"tags":[3033,3178,3172],"class_list":{"0":"post-65629","1":"post","2":"type-post","3":"status-publish","4":"format-standard","5":"has-post-thumbnail","7":"category-es-accion-sindical","8":"category-es-servicios-privados","9":"tag-accion-sindical-es","10":"tag-destacado-1","11":"tag-servicios-privados-es"},"_links":{"self":[{"href":"https:\/\/www.lab.eus\/es\/wp-json\/wp\/v2\/posts\/65629","targetHints":{"allow":["GET"]}}],"collection":[{"href":"https:\/\/www.lab.eus\/es\/wp-json\/wp\/v2\/posts"}],"about":[{"href":"https:\/\/www.lab.eus\/es\/wp-json\/wp\/v2\/types\/post"}],"author":[{"embeddable":true,"href":"https:\/\/www.lab.eus\/es\/wp-json\/wp\/v2\/users\/1191"}],"replies":[{"embeddable":true,"href":"https:\/\/www.lab.eus\/es\/wp-json\/wp\/v2\/comments?post=65629"}],"version-history":[{"count":0,"href":"https:\/\/www.lab.eus\/es\/wp-json\/wp\/v2\/posts\/65629\/revisions"}],"wp:featuredmedia":[{"embeddable":true,"href":"https:\/\/www.lab.eus\/es\/wp-json\/wp\/v2\/media\/65518"}],"wp:attachment":[{"href":"https:\/\/www.lab.eus\/es\/wp-json\/wp\/v2\/media?parent=65629"}],"wp:term":[{"taxonomy":"category","embeddable":true,"href":"https:\/\/www.lab.eus\/es\/wp-json\/wp\/v2\/categories?post=65629"},{"taxonomy":"post_tag","embeddable":true,"href":"https:\/\/www.lab.eus\/es\/wp-json\/wp\/v2\/tags?post=65629"}],"curies":[{"name":"wp","href":"https:\/\/api.w.org\/{rel}","templated":true}]}}