{"id":65507,"date":"2023-12-04T15:15:26","date_gmt":"2023-12-04T15:15:26","guid":{"rendered":"https:\/\/www.lab.eus\/?p=65507"},"modified":"2023-12-04T15:16:09","modified_gmt":"2023-12-04T15:16:09","slug":"las-trabajadoras-de-la-limpieza-de-correos-protagonizan-una-movilizacion-conjunta-en-bilbo-para-que-les-paguen-de-una-vez-lo-que-les-deben","status":"publish","type":"post","link":"https:\/\/www.lab.eus\/es\/las-trabajadoras-de-la-limpieza-de-correos-protagonizan-una-movilizacion-conjunta-en-bilbo-para-que-les-paguen-de-una-vez-lo-que-les-deben\/","title":{"rendered":"Las trabajadoras de limpieza de Correos protagonizan una movilizaci\u00f3n conjunta en Bilbo para que les paguen de una vez lo que les deben"},"content":{"rendered":"\n<p>Trabajadoras de Bizkaia, Gipuzkoa y Nafarroa han salido en la manifestaci\u00f3n junto a otras compa\u00f1eras que se han acercado desde Asturies y Galiza. Trabajan en las oficinas de Correos, subcontratadas por la empresa de limpieza J. C\u00f3rdoba. Pues bien, la mayor\u00eda lleva medio a\u00f1o sin recibir su sueldo.<\/p>\n\n\n\n<p>Han exigido a Correos que pague de inmediato todo lo que debe y eso es lo que han gritado todas juntas y vestidas de amarillo por las calles del centro de Bilbo. Las protestas se han iniciado esta ma\u00f1ana en el centro log\u00edstico de Correos en Etxebarri y despu\u00e9s, al mediod\u00eda, se han manifestado en Bilbo. Han iniciado el recorrido desde la oficina de Alameda Urkijo y m\u00e1s adelante han realizado una nueva parada frente a la del Arenal, donde han llevado a cabo una sentada para dejar claro su hartazgo.<\/p>\n\n\n\n<figure class=\"wp-block-gallery has-nested-images columns-default is-cropped wp-block-gallery-1 is-layout-flex wp-block-gallery-is-layout-flex\">\n<figure class=\"wp-block-image size-large\"><img loading=\"lazy\" decoding=\"async\" width=\"1024\" height=\"768\" data-id=\"65505\" src=\"https:\/\/www.lab.eus\/wp-content\/uploads\/2023\/12\/2023-12-4-COrreosGarbiketa2-1024x768.jpg\" alt=\"\" class=\"wp-image-65505\" srcset=\"https:\/\/www.lab.eus\/wp-content\/uploads\/2023\/12\/2023-12-4-COrreosGarbiketa2-1024x768.jpg 1024w, https:\/\/www.lab.eus\/wp-content\/uploads\/2023\/12\/2023-12-4-COrreosGarbiketa2-300x225.jpg 300w, https:\/\/www.lab.eus\/wp-content\/uploads\/2023\/12\/2023-12-4-COrreosGarbiketa2-768x576.jpg 768w, https:\/\/www.lab.eus\/wp-content\/uploads\/2023\/12\/2023-12-4-COrreosGarbiketa2-150x113.jpg 150w, https:\/\/www.lab.eus\/wp-content\/uploads\/2023\/12\/2023-12-4-COrreosGarbiketa2-696x522.jpg 696w, https:\/\/www.lab.eus\/wp-content\/uploads\/2023\/12\/2023-12-4-COrreosGarbiketa2-1068x801.jpg 1068w, https:\/\/www.lab.eus\/wp-content\/uploads\/2023\/12\/2023-12-4-COrreosGarbiketa2.jpg 1280w\" sizes=\"auto, (max-width: 1024px) 100vw, 1024px\" \/><\/figure>\n\n\n\n<figure class=\"wp-block-image size-large\"><img loading=\"lazy\" decoding=\"async\" width=\"1024\" height=\"768\" data-id=\"65501\" src=\"https:\/\/www.lab.eus\/wp-content\/uploads\/2023\/12\/CorreosGarbiketa1-1024x768.jpg\" alt=\"\" class=\"wp-image-65501\" srcset=\"https:\/\/www.lab.eus\/wp-content\/uploads\/2023\/12\/CorreosGarbiketa1-1024x768.jpg 1024w, https:\/\/www.lab.eus\/wp-content\/uploads\/2023\/12\/CorreosGarbiketa1-300x225.jpg 300w, https:\/\/www.lab.eus\/wp-content\/uploads\/2023\/12\/CorreosGarbiketa1-768x576.jpg 768w, https:\/\/www.lab.eus\/wp-content\/uploads\/2023\/12\/CorreosGarbiketa1-150x113.jpg 150w, https:\/\/www.lab.eus\/wp-content\/uploads\/2023\/12\/CorreosGarbiketa1-696x522.jpg 696w, https:\/\/www.lab.eus\/wp-content\/uploads\/2023\/12\/CorreosGarbiketa1-1068x801.jpg 1068w, https:\/\/www.lab.eus\/wp-content\/uploads\/2023\/12\/CorreosGarbiketa1.jpg 1280w\" sizes=\"auto, (max-width: 1024px) 100vw, 1024px\" \/><\/figure>\n\n\n\n<figure class=\"wp-block-image size-large\"><img loading=\"lazy\" decoding=\"async\" width=\"1024\" height=\"696\" data-id=\"65499\" src=\"https:\/\/www.lab.eus\/wp-content\/uploads\/2023\/12\/Correosgarbiketa3-1024x696.jpg\" alt=\"\" class=\"wp-image-65499\" srcset=\"https:\/\/www.lab.eus\/wp-content\/uploads\/2023\/12\/Correosgarbiketa3-1024x696.jpg 1024w, https:\/\/www.lab.eus\/wp-content\/uploads\/2023\/12\/Correosgarbiketa3-300x204.jpg 300w, https:\/\/www.lab.eus\/wp-content\/uploads\/2023\/12\/Correosgarbiketa3-768x522.jpg 768w, https:\/\/www.lab.eus\/wp-content\/uploads\/2023\/12\/Correosgarbiketa3-150x102.jpg 150w, https:\/\/www.lab.eus\/wp-content\/uploads\/2023\/12\/Correosgarbiketa3-696x473.jpg 696w, https:\/\/www.lab.eus\/wp-content\/uploads\/2023\/12\/Correosgarbiketa3-1068x726.jpg 1068w, https:\/\/www.lab.eus\/wp-content\/uploads\/2023\/12\/Correosgarbiketa3.jpg 1280w\" sizes=\"auto, (max-width: 1024px) 100vw, 1024px\" \/><\/figure>\n<\/figure>\n\n\n\n<p>La precariedad no cesa en el d\u00eda a d\u00eda de estas trabajadoras y la situaci\u00f3n actual es ya extrema. Hoy han dejado claro que el problema exige una soluci\u00f3n inmediata y que las trabajadoras deben recibir enseguida el salario que tan imprescindible les resulta para llevar adelante su vida.<\/p>\n","protected":false},"excerpt":{"rendered":"<p>Trabajadoras de Bizkaia, Gipuzkoa y Nafarroa han salido en la manifestaci\u00f3n junto a otras compa\u00f1eras que se han acercado desde Asturies y Galiza. Trabajan en las oficinas de Correos, subcontratadas por la empresa de limpieza J. C\u00f3rdoba. Pues bien, la mayor\u00eda lleva medio a\u00f1o sin recibir su sueldo.<\/p>\n","protected":false},"author":1191,"featured_media":65503,"comment_status":"closed","ping_status":"closed","sticky":false,"template":"","format":"standard","meta":{"_monsterinsights_skip_tracking":false,"_monsterinsights_sitenote_active":false,"_monsterinsights_sitenote_note":"","_monsterinsights_sitenote_category":0,"footnotes":"","_links_to":"","_links_to_target":""},"categories":[18,2867,2944,8],"tags":[3178,3066,3079],"class_list":{"0":"post-65507","1":"post","2":"type-post","3":"status-publish","4":"format-standard","5":"has-post-thumbnail","7":"category-es-accion-sindical","8":"category-federaciones","9":"category-limpieza","10":"category-es-servicios-privados","11":"tag-destacado-1","12":"tag-federaciones-es","13":"tag-limpieza"},"_links":{"self":[{"href":"https:\/\/www.lab.eus\/es\/wp-json\/wp\/v2\/posts\/65507","targetHints":{"allow":["GET"]}}],"collection":[{"href":"https:\/\/www.lab.eus\/es\/wp-json\/wp\/v2\/posts"}],"about":[{"href":"https:\/\/www.lab.eus\/es\/wp-json\/wp\/v2\/types\/post"}],"author":[{"embeddable":true,"href":"https:\/\/www.lab.eus\/es\/wp-json\/wp\/v2\/users\/1191"}],"replies":[{"embeddable":true,"href":"https:\/\/www.lab.eus\/es\/wp-json\/wp\/v2\/comments?post=65507"}],"version-history":[{"count":0,"href":"https:\/\/www.lab.eus\/es\/wp-json\/wp\/v2\/posts\/65507\/revisions"}],"wp:featuredmedia":[{"embeddable":true,"href":"https:\/\/www.lab.eus\/es\/wp-json\/wp\/v2\/media\/65503"}],"wp:attachment":[{"href":"https:\/\/www.lab.eus\/es\/wp-json\/wp\/v2\/media?parent=65507"}],"wp:term":[{"taxonomy":"category","embeddable":true,"href":"https:\/\/www.lab.eus\/es\/wp-json\/wp\/v2\/categories?post=65507"},{"taxonomy":"post_tag","embeddable":true,"href":"https:\/\/www.lab.eus\/es\/wp-json\/wp\/v2\/tags?post=65507"}],"curies":[{"name":"wp","href":"https:\/\/api.w.org\/{rel}","templated":true}]}}