{"id":65494,"date":"2023-12-04T13:45:19","date_gmt":"2023-12-04T13:45:19","guid":{"rendered":"https:\/\/www.lab.eus\/?p=65494"},"modified":"2023-12-04T13:47:15","modified_gmt":"2023-12-04T13:47:15","slug":"los-y-las-trabajadoras-de-los-centros-especiales-de-empleo-se-han-movilizado-en-gasteiz-para-exigir-el-reconocimiento-que-merecen","status":"publish","type":"post","link":"https:\/\/www.lab.eus\/es\/los-y-las-trabajadoras-de-los-centros-especiales-de-empleo-se-han-movilizado-en-gasteiz-para-exigir-el-reconocimiento-que-merecen\/","title":{"rendered":"Los y las trabajadoras de los centros especiales de empleo se han movilizado en Gasteiz para exigir el reconocimiento que merecen"},"content":{"rendered":"\n<p>No es la primera vez que el sindicato LAB se moviliza para denunciar la situaci\u00f3n de las y los trabajadores de los Centros Especiales de Empleo y que reivindica el reconocimiento de estas, exigiendo el acceso al empleo en igualdad de condiciones al resto de personas trabajadoras.<\/p>\n\n\n\n<p>La administraci\u00f3n p\u00fablica favorece y posibilita la explotaci\u00f3n de las personas con diversidad funcional, nos empujan a ser mano de obra barata. Mientras producimos a ritmos insostenibles las empresas se lucran de nuestra fuerza de trabajo. Los centros especiales de empleo son conocidos como espacios donde las personas con diversidad funcional pueden desarrollar su autonomia mientras tienen la oportunidad de acceder a un empleo ordinario, cosa que desde LAB denunciamos que no es as\u00ed.<\/p>\n\n\n\n<p>Las instituciones no hacen ning\u00fan seguimiento ni control real de las condiciones en las que trabajamos y financian con dinero publico a las<br>empresas del sector, mientras estas empresas nos condenan a condiciones de trabajo de miseria. Somos un colectivo vulnerable en muchos<br>aspectos, pero eso no significa que no seamos trabajadoras de pleno derecho. Los Centros Especiales son el negocio de unos pocos, donde se prioriza el beneficio econ\u00f3mico de las patronales y se condena a las trabajadoras a permanecer durante a\u00f1os en condiciones laborales<br>precarias, sin facilitarnos una transici\u00f3n real al empleo ordinario.<\/p>\n\n\n\n<p>As\u00ed, hoy hemos ido en manifestaci\u00f3n desde Lanbide al Parlamento de Gasteiz para hacer llegar a las instituciones y partidos pol\u00edticos las siguientes demandas:<\/p>\n\n\n\n<ul class=\"wp-block-list\">\n<li>Que la legislaci\u00f3n vigente es discriminatoria y que, adem\u00e1s de ser insuficiente, carece de control y ni siquiera se cumple. Por ello, solicitamos que se tomen medidas reales y efectivas para garantizar unas condiciones laborales dignas para el personal con discapacidad.<\/li>\n\n\n\n<li>Necesitamos un Convenio Colectivo de car\u00e1cter general para nuestro sector. Es necesario regular de manera general las condiciones laborales de nuestro sector. Exigimos a las instituciones su compromiso e implicaci\u00f3n para el desarrollo y consecuci\u00f3n de este Convenio Colectivo.<\/li>\n\n\n\n<li>Mayor control de la financiaci\u00f3n de los CEE. Exigimos el control y el seguimiento exhaustivo del dinero p\u00fablico destinado a la financiaci\u00f3n de estos centros.<\/li>\n\n\n\n<li>Evaluaci\u00f3n continuada de riesgos laborales y psicosociales en todas las empresas. Somos un colectivo vulnerable, y es por ello que es imprescindible que se eval\u00faen de manera correcta los riesgos a los que estamos expuestas, y promover y establecer medidas efectivas para hacerles frente.<\/li>\n\n\n\n<li>Formaci\u00f3n real y adecuada a la realidad de las personas con diversidad funcional. Planes de formaci\u00f3n reales que se adapten a nuestras necesidades y garanticen un desarrollo y promoci\u00f3n real.<\/li>\n<\/ul>\n\n\n\n<figure class=\"wp-block-image size-large\"><img loading=\"lazy\" decoding=\"async\" width=\"1024\" height=\"576\" src=\"https:\/\/www.lab.eus\/wp-content\/uploads\/2023\/12\/2023-12-4EnpleguZentroBereziak2-1024x576.jpg\" alt=\"\" class=\"wp-image-65492\" srcset=\"https:\/\/www.lab.eus\/wp-content\/uploads\/2023\/12\/2023-12-4EnpleguZentroBereziak2-1024x576.jpg 1024w, https:\/\/www.lab.eus\/wp-content\/uploads\/2023\/12\/2023-12-4EnpleguZentroBereziak2-300x169.jpg 300w, https:\/\/www.lab.eus\/wp-content\/uploads\/2023\/12\/2023-12-4EnpleguZentroBereziak2-768x432.jpg 768w, https:\/\/www.lab.eus\/wp-content\/uploads\/2023\/12\/2023-12-4EnpleguZentroBereziak2-150x84.jpg 150w, https:\/\/www.lab.eus\/wp-content\/uploads\/2023\/12\/2023-12-4EnpleguZentroBereziak2-696x392.jpg 696w, https:\/\/www.lab.eus\/wp-content\/uploads\/2023\/12\/2023-12-4EnpleguZentroBereziak2-1068x601.jpg 1068w, https:\/\/www.lab.eus\/wp-content\/uploads\/2023\/12\/2023-12-4EnpleguZentroBereziak2.jpg 1280w\" sizes=\"auto, (max-width: 1024px) 100vw, 1024px\" \/><\/figure>\n","protected":false},"excerpt":{"rendered":"<p>No es la primera vez que el sindicato LAB se moviliza para denunciar la situaci\u00f3n de las y los trabajadores de los Centros Especiales de Empleo y que reivindica el reconocimiento de estas, exigiendo el acceso al empleo en igualdad de condiciones al resto de personas trabajadoras.<\/p>\n","protected":false},"author":1191,"featured_media":65490,"comment_status":"closed","ping_status":"closed","sticky":false,"template":"","format":"standard","meta":{"_monsterinsights_skip_tracking":false,"_monsterinsights_sitenote_active":false,"_monsterinsights_sitenote_note":"","_monsterinsights_sitenote_category":0,"footnotes":"","_links_to":"","_links_to_target":""},"categories":[18,3392,2867,3283],"tags":[3033,3178,3415],"class_list":{"0":"post-65494","1":"post","2":"type-post","3":"status-publish","4":"format-standard","5":"has-post-thumbnail","7":"category-es-accion-sindical","8":"category-diversidad-funcional","9":"category-federaciones","10":"category-sin-categorizar","11":"tag-accion-sindical-es","12":"tag-destacado-1","13":"tag-diversidad-funcional"},"_links":{"self":[{"href":"https:\/\/www.lab.eus\/es\/wp-json\/wp\/v2\/posts\/65494","targetHints":{"allow":["GET"]}}],"collection":[{"href":"https:\/\/www.lab.eus\/es\/wp-json\/wp\/v2\/posts"}],"about":[{"href":"https:\/\/www.lab.eus\/es\/wp-json\/wp\/v2\/types\/post"}],"author":[{"embeddable":true,"href":"https:\/\/www.lab.eus\/es\/wp-json\/wp\/v2\/users\/1191"}],"replies":[{"embeddable":true,"href":"https:\/\/www.lab.eus\/es\/wp-json\/wp\/v2\/comments?post=65494"}],"version-history":[{"count":0,"href":"https:\/\/www.lab.eus\/es\/wp-json\/wp\/v2\/posts\/65494\/revisions"}],"wp:featuredmedia":[{"embeddable":true,"href":"https:\/\/www.lab.eus\/es\/wp-json\/wp\/v2\/media\/65490"}],"wp:attachment":[{"href":"https:\/\/www.lab.eus\/es\/wp-json\/wp\/v2\/media?parent=65494"}],"wp:term":[{"taxonomy":"category","embeddable":true,"href":"https:\/\/www.lab.eus\/es\/wp-json\/wp\/v2\/categories?post=65494"},{"taxonomy":"post_tag","embeddable":true,"href":"https:\/\/www.lab.eus\/es\/wp-json\/wp\/v2\/tags?post=65494"}],"curies":[{"name":"wp","href":"https:\/\/api.w.org\/{rel}","templated":true}]}}