{"id":65464,"date":"2023-12-04T10:18:36","date_gmt":"2023-12-04T10:18:36","guid":{"rendered":"https:\/\/www.lab.eus\/?p=65464"},"modified":"2023-12-04T10:18:39","modified_gmt":"2023-12-04T10:18:39","slug":"garbine-aranburu-la-revolucion-del-cuidado-esta-en-marcha-y-no-tiene-vuelta-atras","status":"publish","type":"post","link":"https:\/\/www.lab.eus\/es\/garbine-aranburu-la-revolucion-del-cuidado-esta-en-marcha-y-no-tiene-vuelta-atras\/","title":{"rendered":"Garbi\u00f1e Aranburu: \u00abLa revoluci\u00f3n del cuidado est\u00e1 en marcha y no tiene vuelta atr\u00e1s\u00bb"},"content":{"rendered":"\n<p>La coordinadora general del sindicato LAB <a href=\"https:\/\/www.hamaika.eus\/saioak\/kolpez-kolpe\/kolpez-kolpe-elkarrizketa\/greba-feminista-orokorra-eta-orain-zer.html\">ha participado este fin de semana como invitada en el programa <em>Kolpez Kolpe<\/em> de Hamaika Telebista<\/a>.<\/p>\n\n\n\n<p>Durante la entrevista ha abordado diversos temas, pero sobre todo se ha referido a la hist\u00f3rica primera Huelga Feminista General que vivimos el pasado 30 de noviembre. As\u00ed, ha destacado que hemos marcado el liderazgo tanto dentro como fuera de nuestras fronteras y que el resultado ha sido \u00abespectacular\u00bb. Este resultado demuestra, adem\u00e1s, \u00abel enorme trabajo realizado en los \u00faltimos a\u00f1os por el movimiento feminista y desde el sindicalismo, y podemos decir que la revoluci\u00f3n de los cuidados est\u00e1 en marcha y que la transformaci\u00f3n ya no tiene vuelta atr\u00e1s\u00bb.<\/p>\n\n\n\n<p>Tampoco ha obviado la excepcionalidad de la huelga. Ha pretendido visibilizar las labores de cuidados que el sistema no pone en valor, lo que ha influido tambi\u00e9n en el propio proceso, entre otras cosas, porque ha supuesto \u00abotra forma de valorar el impacto de la huelga\u00bb, ha reconocido Aranburu, para empezar porque muchas de las personas que trabajan en el \u00e1mbito de los cuidados no han tenido la oportunidad de secundar la huelga y se han trabajado otras formas de participaci\u00f3n y visibilizaci\u00f3n.<\/p>\n\n\n\n<p>Por otro lado, tambi\u00e9n ha destacado el peso de la colaboraci\u00f3n. De hecho, a lo largo de todo el proceso no s\u00f3lo han sido los sindicatos los que han ejercido el liderazgo, sino tambi\u00e9n el movimiento feminista; \u00abnos gustar\u00eda seguir el camino de ese trabajo compartido\u00bb, ha afirmado la coordinadora general.<\/p>\n\n\n\n<p>Sin embargo, a lo largo de la entrevista tambi\u00e9n se han tratado otros temas, algunos de manera provocadora. As\u00ed, por ejemplo, la presentadora Naroa Iturri ha preguntado a Aranburu si prefiere a I\u00f1igo Urkullu o a Imanol Pradales. Aranburu, sin embargo, ve pocas diferencias entre ambos, ya que se, a su juicio, el nuevo candidato del PNV es un \u00abretrato robot\u00bb dise\u00f1ado por la patronal, por lo que cree que ser\u00e1 s\u00f3lo una continuaci\u00f3n de lo que hemos conocido hasta ahora. Ha a\u00f1adido que a ella le gustar\u00eda que la pr\u00f3xima lehendakari fuera mujer, pero que tambi\u00e9n deber\u00eda ser feminista.<\/p>\n","protected":false},"excerpt":{"rendered":"<p>La coordinadora general del sindicato LAB ha participado este fin de semana como invitada en el programa Kolpez Kolpe de Hamaika Telebista.<\/p>\n","protected":false},"author":1191,"featured_media":65461,"comment_status":"closed","ping_status":"closed","sticky":false,"template":"","format":"standard","meta":{"_monsterinsights_skip_tracking":false,"_monsterinsights_sitenote_active":false,"_monsterinsights_sitenote_note":"","_monsterinsights_sitenote_category":0,"footnotes":"","_links_to":"","_links_to_target":""},"categories":[3402,18,2994,3283],"tags":[3180,3277,4212],"class_list":{"0":"post-65464","1":"post","2":"type-post","3":"status-publish","4":"format-standard","5":"has-post-thumbnail","7":"category-accion-politica","8":"category-es-accion-sindical","9":"category-accion-social","10":"category-sin-categorizar","11":"tag-destacado-3","12":"tag-garbine-aranburu-es","13":"tag-huelga-feminista-general-es"},"_links":{"self":[{"href":"https:\/\/www.lab.eus\/es\/wp-json\/wp\/v2\/posts\/65464","targetHints":{"allow":["GET"]}}],"collection":[{"href":"https:\/\/www.lab.eus\/es\/wp-json\/wp\/v2\/posts"}],"about":[{"href":"https:\/\/www.lab.eus\/es\/wp-json\/wp\/v2\/types\/post"}],"author":[{"embeddable":true,"href":"https:\/\/www.lab.eus\/es\/wp-json\/wp\/v2\/users\/1191"}],"replies":[{"embeddable":true,"href":"https:\/\/www.lab.eus\/es\/wp-json\/wp\/v2\/comments?post=65464"}],"version-history":[{"count":0,"href":"https:\/\/www.lab.eus\/es\/wp-json\/wp\/v2\/posts\/65464\/revisions"}],"wp:featuredmedia":[{"embeddable":true,"href":"https:\/\/www.lab.eus\/es\/wp-json\/wp\/v2\/media\/65461"}],"wp:attachment":[{"href":"https:\/\/www.lab.eus\/es\/wp-json\/wp\/v2\/media?parent=65464"}],"wp:term":[{"taxonomy":"category","embeddable":true,"href":"https:\/\/www.lab.eus\/es\/wp-json\/wp\/v2\/categories?post=65464"},{"taxonomy":"post_tag","embeddable":true,"href":"https:\/\/www.lab.eus\/es\/wp-json\/wp\/v2\/tags?post=65464"}],"curies":[{"name":"wp","href":"https:\/\/api.w.org\/{rel}","templated":true}]}}