{"id":64098,"date":"2023-11-25T09:25:05","date_gmt":"2023-11-25T09:25:05","guid":{"rendered":"https:\/\/www.lab.eus\/?p=64098"},"modified":"2023-11-25T09:25:08","modified_gmt":"2023-11-25T09:25:08","slug":"25-de-noviembre-combate-la-violencia-economica-contra-las-mujeres-en-los-trabajos-de-cuidados","status":"publish","type":"post","link":"https:\/\/www.lab.eus\/es\/25-de-noviembre-combate-la-violencia-economica-contra-las-mujeres-en-los-trabajos-de-cuidados\/","title":{"rendered":"25 de noviembre. \u00a1Combate la violencia econ\u00f3mica contra las mujeres* en los trabajos de cuidados!"},"content":{"rendered":"\n<p>Hoy, en el D\u00eda Internacional contra la Violencia Machista, queremos denunciar que los trabajos de cuidados est\u00e9n infravalorados, precarizados y feminizados tambi\u00e9n es violencia, violencia estructural.<\/p>\n\n\n\n<figure class=\"wp-block-gallery has-nested-images columns-default is-cropped wp-block-gallery-1 is-layout-flex wp-block-gallery-is-layout-flex\">\n<figure class=\"wp-block-image size-large\"><img loading=\"lazy\" decoding=\"async\" width=\"724\" height=\"1024\" data-id=\"64103\" src=\"https:\/\/www.lab.eus\/wp-content\/uploads\/2023\/11\/ES_1-1-724x1024.jpeg\" alt=\"\" class=\"wp-image-64103\" srcset=\"https:\/\/www.lab.eus\/wp-content\/uploads\/2023\/11\/ES_1-1-724x1024.jpeg 724w, https:\/\/www.lab.eus\/wp-content\/uploads\/2023\/11\/ES_1-1-212x300.jpeg 212w, https:\/\/www.lab.eus\/wp-content\/uploads\/2023\/11\/ES_1-1-768x1086.jpeg 768w, https:\/\/www.lab.eus\/wp-content\/uploads\/2023\/11\/ES_1-1-1086x1536.jpeg 1086w, https:\/\/www.lab.eus\/wp-content\/uploads\/2023\/11\/ES_1-1-150x212.jpeg 150w, https:\/\/www.lab.eus\/wp-content\/uploads\/2023\/11\/ES_1-1-300x424.jpeg 300w, https:\/\/www.lab.eus\/wp-content\/uploads\/2023\/11\/ES_1-1-696x985.jpeg 696w, https:\/\/www.lab.eus\/wp-content\/uploads\/2023\/11\/ES_1-1-1068x1511.jpeg 1068w, https:\/\/www.lab.eus\/wp-content\/uploads\/2023\/11\/ES_1-1.jpeg 1240w\" sizes=\"auto, (max-width: 724px) 100vw, 724px\" \/><\/figure>\n\n\n\n<figure class=\"wp-block-image size-large\"><img loading=\"lazy\" decoding=\"async\" width=\"724\" height=\"1024\" data-id=\"64101\" src=\"https:\/\/www.lab.eus\/wp-content\/uploads\/2023\/11\/ES_2-724x1024.jpeg\" alt=\"\" class=\"wp-image-64101\" srcset=\"https:\/\/www.lab.eus\/wp-content\/uploads\/2023\/11\/ES_2-724x1024.jpeg 724w, https:\/\/www.lab.eus\/wp-content\/uploads\/2023\/11\/ES_2-212x300.jpeg 212w, https:\/\/www.lab.eus\/wp-content\/uploads\/2023\/11\/ES_2-768x1086.jpeg 768w, https:\/\/www.lab.eus\/wp-content\/uploads\/2023\/11\/ES_2-1087x1536.jpeg 1087w, https:\/\/www.lab.eus\/wp-content\/uploads\/2023\/11\/ES_2-150x212.jpeg 150w, https:\/\/www.lab.eus\/wp-content\/uploads\/2023\/11\/ES_2-300x424.jpeg 300w, https:\/\/www.lab.eus\/wp-content\/uploads\/2023\/11\/ES_2-696x984.jpeg 696w, https:\/\/www.lab.eus\/wp-content\/uploads\/2023\/11\/ES_2-1068x1510.jpeg 1068w, https:\/\/www.lab.eus\/wp-content\/uploads\/2023\/11\/ES_2.jpeg 1240w\" sizes=\"auto, (max-width: 724px) 100vw, 724px\" \/><\/figure>\n<\/figure>\n\n\n\n<p>El reconocimiento social, pol\u00edtico y econ\u00f3mico de las tareas de cuidado requiere la constituci\u00f3n de un sistema p\u00fablico comunitario de cuidados, que es lo que vamos a reivindicar en la Huelga Feminista General.<\/p>\n\n\n\n<p>Como en a\u00f1os anteriores, nos sumamos a las movilizaciones convocadas por el Movimiento Feminista y hacemos un llamamiento a participar en las mismas<\/p>\n\n\n\n<figure class=\"wp-block-image size-large\"><img loading=\"lazy\" decoding=\"async\" width=\"768\" height=\"1024\" src=\"https:\/\/www.lab.eus\/wp-content\/uploads\/2023\/11\/2023-11-25-A25-MFren-deialdiak-768x1024.jpeg\" alt=\"\" class=\"wp-image-64081\" srcset=\"https:\/\/www.lab.eus\/wp-content\/uploads\/2023\/11\/2023-11-25-A25-MFren-deialdiak-768x1024.jpeg 768w, https:\/\/www.lab.eus\/wp-content\/uploads\/2023\/11\/2023-11-25-A25-MFren-deialdiak-225x300.jpeg 225w, https:\/\/www.lab.eus\/wp-content\/uploads\/2023\/11\/2023-11-25-A25-MFren-deialdiak-150x200.jpeg 150w, https:\/\/www.lab.eus\/wp-content\/uploads\/2023\/11\/2023-11-25-A25-MFren-deialdiak-300x400.jpeg 300w, https:\/\/www.lab.eus\/wp-content\/uploads\/2023\/11\/2023-11-25-A25-MFren-deialdiak-696x928.jpeg 696w, https:\/\/www.lab.eus\/wp-content\/uploads\/2023\/11\/2023-11-25-A25-MFren-deialdiak.jpeg 960w\" sizes=\"auto, (max-width: 768px) 100vw, 768px\" \/><\/figure>\n","protected":false},"excerpt":{"rendered":"<p>Hoy, en el D\u00eda Internacional contra la Violencia Machista, queremos denunciar que los trabajos de cuidados est\u00e9n infravalorados, precarizados y feminizados tambi\u00e9n es violencia, violencia estructural.<\/p>\n","protected":false},"author":1191,"featured_media":64103,"comment_status":"closed","ping_status":"closed","sticky":false,"template":"","format":"video","meta":{"_monsterinsights_skip_tracking":false,"_monsterinsights_sitenote_active":false,"_monsterinsights_sitenote_note":"","_monsterinsights_sitenote_category":0,"footnotes":"","_links_to":"","_links_to_target":""},"categories":[3281,2973],"tags":[4383,3178,3766,3518,3024],"class_list":{"0":"post-64098","1":"post","2":"type-post","3":"status-publish","4":"format-video","5":"has-post-thumbnail","7":"category-secretaria-feminista","8":"category-secretarias","9":"tag-25-de-noviembre","10":"tag-destacado-1","11":"tag-huelga-general-feminista","12":"tag-secretaria-feminista","13":"tag-secretarias","14":"post_format-post-format-video"},"_links":{"self":[{"href":"https:\/\/www.lab.eus\/es\/wp-json\/wp\/v2\/posts\/64098","targetHints":{"allow":["GET"]}}],"collection":[{"href":"https:\/\/www.lab.eus\/es\/wp-json\/wp\/v2\/posts"}],"about":[{"href":"https:\/\/www.lab.eus\/es\/wp-json\/wp\/v2\/types\/post"}],"author":[{"embeddable":true,"href":"https:\/\/www.lab.eus\/es\/wp-json\/wp\/v2\/users\/1191"}],"replies":[{"embeddable":true,"href":"https:\/\/www.lab.eus\/es\/wp-json\/wp\/v2\/comments?post=64098"}],"version-history":[{"count":0,"href":"https:\/\/www.lab.eus\/es\/wp-json\/wp\/v2\/posts\/64098\/revisions"}],"wp:featuredmedia":[{"embeddable":true,"href":"https:\/\/www.lab.eus\/es\/wp-json\/wp\/v2\/media\/64103"}],"wp:attachment":[{"href":"https:\/\/www.lab.eus\/es\/wp-json\/wp\/v2\/media?parent=64098"}],"wp:term":[{"taxonomy":"category","embeddable":true,"href":"https:\/\/www.lab.eus\/es\/wp-json\/wp\/v2\/categories?post=64098"},{"taxonomy":"post_tag","embeddable":true,"href":"https:\/\/www.lab.eus\/es\/wp-json\/wp\/v2\/tags?post=64098"}],"curies":[{"name":"wp","href":"https:\/\/api.w.org\/{rel}","templated":true}]}}