{"id":64087,"date":"2023-11-24T14:36:05","date_gmt":"2023-11-24T14:36:05","guid":{"rendered":"https:\/\/www.lab.eus\/?p=64087"},"modified":"2023-11-24T14:36:07","modified_gmt":"2023-11-24T14:36:07","slug":"firmamos-el-primer-convenio-territorial-de-diversidad-funcional-en-araba","status":"publish","type":"post","link":"https:\/\/www.lab.eus\/es\/firmamos-el-primer-convenio-territorial-de-diversidad-funcional-en-araba\/","title":{"rendered":"Firmamos el primer convenio territorial de diversidad funcional en Araba"},"content":{"rendered":"\n<p>Con esta consecuci\u00f3n se pone fin a un proceso de negociaci\u00f3n que se ha extendido durante tres a\u00f1os.<\/p>\n\n\n\n<p>Hoy, 24 de noviembre de 2023, LAB anuncia que ha firmado el primer convenio sectorial de diversidad funcional de Araba en la reuni\u00f3n que han celebrado en el Consejo de Relaciones Laborales. El pasado 28 de julio firmaron el preacuerdo del convenio para este sector y hoy, tras un proceso de negociaci\u00f3n de 3 a\u00f1os, finalmente han firmado el texto completo que ser\u00e1 publicado en unas semanas.<\/p>\n\n\n\n<p>LAB quiere destacar la importancia que tiene este primer convenio sectorial de atenci\u00f3n a personas con diversidad funcional, ya que supone el reconocimiento necesario para las trabajadoras de este sector en Araba, siendo el primer convenio sectorial en la CAV.<\/p>\n\n\n\n<p>Celebramos que las condiciones laborales reguladas en este primer convenio de atenci\u00f3n a personas con discapacidad de Araba se equiparan con el III Convenio de Intervenci\u00f3n Social de Araba. Este avance supone la equiparaci\u00f3n de las condiciones laborales de las trabajadoras de ambos sectores, dedicados a la atenci\u00f3n de los servicios sociales que est\u00e1n subcontratados. Es enorme el reconocimiento que este avance supone para las trabajadoras del sector de diversidad funcional.<\/p>\n\n\n\n<p>En este sentido, LAB quiere manifestar que esta firma contribuye a la reivindicaci\u00f3n de que las trabajadoras que realizan labores de cuidados son trabajadoras p\u00fablicas, regulando de una vez por todas las condiciones laborales del sector y dando pasos en esta direcci\u00f3n.<\/p>\n\n\n\n<p>Por \u00faltimo, para LAB es fundamental volver a se\u00f1alar que la organizaci\u00f3n de las trabajadoras ha sido determinante para que, en este caso, la negociaci\u00f3n colectiva haya podido resolverse de esta manera. Gracias a esta organizaci\u00f3n se ha impulsado y sostenido la negociaci\u00f3n del convenio durante todos estos a\u00f1os.<\/p>\n\n\n\n<p>Por ello, el mensaje que han querido trasladar una vez m\u00e1s es que la organizaci\u00f3n de las trabajadoras merece la pena. El sindicato felicita a todas las trabajadoras del sector.<\/p>\n","protected":false},"excerpt":{"rendered":"<p>Con esta consecuci\u00f3n se pone fin a un proceso de negociaci\u00f3n que se ha extendido durante tres a\u00f1os<\/p>\n","protected":false},"author":1191,"featured_media":56846,"comment_status":"closed","ping_status":"closed","sticky":false,"template":"","format":"standard","meta":{"_monsterinsights_skip_tracking":false,"_monsterinsights_sitenote_active":false,"_monsterinsights_sitenote_note":"","_monsterinsights_sitenote_category":0,"footnotes":"","_links_to":"","_links_to_target":""},"categories":[18,2867,3000,6],"tags":[3033,3179,3217,3171],"class_list":{"0":"post-64087","1":"post","2":"type-post","3":"status-publish","4":"format-standard","5":"has-post-thumbnail","7":"category-es-accion-sindical","8":"category-federaciones","9":"category-servicio-sociocomunitario","10":"category-es-servicios-publicos","11":"tag-accion-sindical-es","12":"tag-destacado-2","13":"tag-servicios-sociocomunitarios","14":"tag-servicios-publicos-es"},"_links":{"self":[{"href":"https:\/\/www.lab.eus\/es\/wp-json\/wp\/v2\/posts\/64087","targetHints":{"allow":["GET"]}}],"collection":[{"href":"https:\/\/www.lab.eus\/es\/wp-json\/wp\/v2\/posts"}],"about":[{"href":"https:\/\/www.lab.eus\/es\/wp-json\/wp\/v2\/types\/post"}],"author":[{"embeddable":true,"href":"https:\/\/www.lab.eus\/es\/wp-json\/wp\/v2\/users\/1191"}],"replies":[{"embeddable":true,"href":"https:\/\/www.lab.eus\/es\/wp-json\/wp\/v2\/comments?post=64087"}],"version-history":[{"count":0,"href":"https:\/\/www.lab.eus\/es\/wp-json\/wp\/v2\/posts\/64087\/revisions"}],"wp:featuredmedia":[{"embeddable":true,"href":"https:\/\/www.lab.eus\/es\/wp-json\/wp\/v2\/media\/56846"}],"wp:attachment":[{"href":"https:\/\/www.lab.eus\/es\/wp-json\/wp\/v2\/media?parent=64087"}],"wp:term":[{"taxonomy":"category","embeddable":true,"href":"https:\/\/www.lab.eus\/es\/wp-json\/wp\/v2\/categories?post=64087"},{"taxonomy":"post_tag","embeddable":true,"href":"https:\/\/www.lab.eus\/es\/wp-json\/wp\/v2\/tags?post=64087"}],"curies":[{"name":"wp","href":"https:\/\/api.w.org\/{rel}","templated":true}]}}