{"id":64007,"date":"2023-11-23T11:32:00","date_gmt":"2023-11-23T11:32:00","guid":{"rendered":"https:\/\/www.lab.eus\/?p=64007"},"modified":"2023-11-23T11:37:03","modified_gmt":"2023-11-23T11:37:03","slug":"mas-de-1500-adhesiones-de-comites-de-empresa-y-movilizaciones-convocadas-en-mas-de-100-municipios-para-la-huelga-feminista-general-del-30-de-noviembre","status":"publish","type":"post","link":"https:\/\/www.lab.eus\/es\/mas-de-1500-adhesiones-de-comites-de-empresa-y-movilizaciones-convocadas-en-mas-de-100-municipios-para-la-huelga-feminista-general-del-30-de-noviembre\/","title":{"rendered":"M\u00e1s de 1500 adhesiones de comit\u00e9s de empresa y movilizaciones convocadas en m\u00e1s de 100 municipios para la Huelga Feminista General del 30 de noviembre"},"content":{"rendered":"\n<p>Hoy, a falta de una semana, hemos comparecido en Bilbo e Iru\u00f1ea junto con el resto de centrales que forman la mayor\u00eda sindical y con el movimiento feminista.<\/p>\n\n\n\n<p>M\u00e1s de 1500 comit\u00e9s de empresa se han adherido a la Huelga Feminista General convocada para el 30 de noviembre. As\u00ed mismo, el Movimiento Feminista de Euskal Herria anuncia que durante la jornada de huelga se llevar\u00e1n a cabo numerosas acciones y movilizaciones en m\u00e1s de 100 municipios, as\u00ed como manifestaciones masivas en las 4 capitales durante la tarde.<\/p>\n\n\n\n<p>Esta huelga feminista convocada para el 30 de noviembre es general, tanto mujeres como hombres est\u00e1n llamados a la convocatoria puesto que la crisis de los cuidados ata\u00f1e a todas las personas; todas necesitamos cuidar y ser cuidadas dignamente a lo largo de nuestra vida. Por ello, el lema de esta Huelga Feminista General es <em>P<\/em><em>or el derecho colectivo al cuidado<\/em>.<\/p>\n\n\n\n<p>Los trabajos de cuidados son indispensables para el sostenimiento de la vida. No obstante, estos trabajos siempre han estado ocultos, invisibilizados en nuestras casas y han reca\u00eddo principalmente sobre las mujeres.<\/p>\n\n\n\n<p>Al mismo tiempo, los trabajos de cuidados remunerados est\u00e1n precarizados, consecuencia de la privatizaci\u00f3n y subcontrataci\u00f3n de los servicios de cuidados. En Hego Euskal Herria solo el 10% de las residencias, por ejemplo, se gestiona de forma p\u00fablica. No tenemos un sistema p\u00fablico de cuidados y el servicio a las personas dependientes, adem\u00e1s de ser insuficiente, est\u00e1 en manos de empresas privadas (como Eulen, IMQ\u2026) que anteponen su beneficio por encima de los intereses de las personas.<\/p>\n\n\n\n<p>Por ello, la mayor\u00eda sindical vasca, es decir, ELA, LAB, STEILAS, ESK, EHNE, ETXALDE, CGT e HIRU, con el liderazgo del Movimiento Feminista de Euskal Herria han convocado una Huelga Feminista General para el 30 de noviembre.<\/p>\n\n\n\n<figure class=\"wp-block-image size-large\"><img loading=\"lazy\" decoding=\"async\" width=\"1024\" height=\"576\" src=\"https:\/\/www.lab.eus\/wp-content\/uploads\/2023\/11\/2023-11-23-GFOdeialdiaIrunea-1024x576.jpg\" alt=\"\" class=\"wp-image-64004\" srcset=\"https:\/\/www.lab.eus\/wp-content\/uploads\/2023\/11\/2023-11-23-GFOdeialdiaIrunea-1024x576.jpg 1024w, https:\/\/www.lab.eus\/wp-content\/uploads\/2023\/11\/2023-11-23-GFOdeialdiaIrunea-300x169.jpg 300w, https:\/\/www.lab.eus\/wp-content\/uploads\/2023\/11\/2023-11-23-GFOdeialdiaIrunea-768x432.jpg 768w, https:\/\/www.lab.eus\/wp-content\/uploads\/2023\/11\/2023-11-23-GFOdeialdiaIrunea-150x84.jpg 150w, https:\/\/www.lab.eus\/wp-content\/uploads\/2023\/11\/2023-11-23-GFOdeialdiaIrunea-696x392.jpg 696w, https:\/\/www.lab.eus\/wp-content\/uploads\/2023\/11\/2023-11-23-GFOdeialdiaIrunea-1068x601.jpg 1068w, https:\/\/www.lab.eus\/wp-content\/uploads\/2023\/11\/2023-11-23-GFOdeialdiaIrunea.jpg 1280w\" sizes=\"auto, (max-width: 1024px) 100vw, 1024px\" \/><\/figure>\n\n\n\n<p>Los sindicatos convocantes y el Movimiento Feminista hemos querido remarcar que esta Huelga Feminista General va m\u00e1s all\u00e1 del \u00e1mbito productivo. Fruto de las anteriores Huelgas Feministas, la herramienta de la huelga ha sido ampliada, para dar cabida tanto al trabajo productivo, como a todos esos trabajos de cuidados no remunerados e invisibilizados que mayoritariamente realizan las mujeres. Adem\u00e1s, la realidad de una gran parte de las trabajadoras de los sectores de los cuidados es que se encuentran afectadas por los servicios m\u00ednimos, o se encuentran en situaci\u00f3n administrativa irregular, o realizan trabajos de cuidados intensivos y no remunerados que no se pueden parar. Por todas ellas, el pr\u00f3ximo 30 de noviembre saldremos a la huelga y llenaremos las calles.<\/p>\n\n\n\n<p>En los \u00faltimos meses se ha realizado un trabajo tit\u00e1nico tanto en barrios y pueblos como en centros de trabajo. En lo que a los barrios y pueblos se refiere, se han activado cientos de comit\u00e9s de huelga cuyo principal objetivo ha sido socializar las reivindicaciones de la huelga en su \u00e1rea, activar a la gente que vive en ella y organizar el mismo d\u00eda de la huelga. As\u00ed mismo, la mayor\u00eda sindical vasca ha llevado las reivindicaciones de esta huelga a todos y cada uno de los centros de trabajo, ha recogido adhesiones y se han celebrado y se celebrar\u00e1n durante los pr\u00f3ximos d\u00edas cientos de asambleas para explicar los motivos y llamar a los y las trabajadoras a la huelga.<\/p>\n\n\n\n<p>Fruto de este trabajo son los siguientes datos: m\u00e1s de 1500 adhesiones recogidas en comit\u00e9s de empresa y movilizaciones en m\u00e1s de 100 pueblos por la ma\u00f1ana y 25 manifestaciones convocadas a la tarde.<\/p>\n\n\n\n<p>Esta Huelga Feminista General ser\u00e1 una huelga hist\u00f3rica, sin precedentes, cuya repercusi\u00f3n e incidencia social y pol\u00edtica ir\u00e1 m\u00e1s all\u00e1 del 30N y tendr\u00e1 continuidad en los pr\u00f3ximos meses.<\/p>\n","protected":false},"excerpt":{"rendered":"<p>M\u00e1s de 1500 comit\u00e9s de empresa se han adherido a la huelga feminista general convocada para el 30 de noviembre. As\u00ed mismo, el Movimiento Feminista de Euskal Herria anuncia que durante la jornada de huelga se llevar\u00e1n a cabo numerosas acciones y movilizaciones en m\u00e1s de 100 municipios, as\u00ed como manifestaciones masivas en las 4 capitales durante la tarde.<\/p>\n","protected":false},"author":1191,"featured_media":64010,"comment_status":"closed","ping_status":"closed","sticky":false,"template":"","format":"standard","meta":{"_monsterinsights_skip_tracking":false,"_monsterinsights_sitenote_active":false,"_monsterinsights_sitenote_note":"","_monsterinsights_sitenote_category":0,"footnotes":"","_links_to":"","_links_to_target":""},"categories":[18,3281],"tags":[3033,4212,3279],"class_list":{"0":"post-64007","1":"post","2":"type-post","3":"status-publish","4":"format-standard","5":"has-post-thumbnail","7":"category-es-accion-sindical","8":"category-secretaria-feminista","9":"tag-accion-sindical-es","10":"tag-huelga-feminista-general-es","11":"tag-portada-es"},"_links":{"self":[{"href":"https:\/\/www.lab.eus\/es\/wp-json\/wp\/v2\/posts\/64007","targetHints":{"allow":["GET"]}}],"collection":[{"href":"https:\/\/www.lab.eus\/es\/wp-json\/wp\/v2\/posts"}],"about":[{"href":"https:\/\/www.lab.eus\/es\/wp-json\/wp\/v2\/types\/post"}],"author":[{"embeddable":true,"href":"https:\/\/www.lab.eus\/es\/wp-json\/wp\/v2\/users\/1191"}],"replies":[{"embeddable":true,"href":"https:\/\/www.lab.eus\/es\/wp-json\/wp\/v2\/comments?post=64007"}],"version-history":[{"count":0,"href":"https:\/\/www.lab.eus\/es\/wp-json\/wp\/v2\/posts\/64007\/revisions"}],"wp:featuredmedia":[{"embeddable":true,"href":"https:\/\/www.lab.eus\/es\/wp-json\/wp\/v2\/media\/64010"}],"wp:attachment":[{"href":"https:\/\/www.lab.eus\/es\/wp-json\/wp\/v2\/media?parent=64007"}],"wp:term":[{"taxonomy":"category","embeddable":true,"href":"https:\/\/www.lab.eus\/es\/wp-json\/wp\/v2\/categories?post=64007"},{"taxonomy":"post_tag","embeddable":true,"href":"https:\/\/www.lab.eus\/es\/wp-json\/wp\/v2\/tags?post=64007"}],"curies":[{"name":"wp","href":"https:\/\/api.w.org\/{rel}","templated":true}]}}