{"id":63953,"date":"2023-11-22T11:43:20","date_gmt":"2023-11-22T11:43:20","guid":{"rendered":"https:\/\/www.lab.eus\/?p=63953"},"modified":"2023-11-22T12:30:37","modified_gmt":"2023-11-22T12:30:37","slug":"los-y-las-trabajadoras-de-laminaciones-arregui-exigen-medidas-para-garantizar-el-futuro-de-la-planta-y-piden-transparencia-sobre-la-gestion","status":"publish","type":"post","link":"https:\/\/www.lab.eus\/es\/los-y-las-trabajadoras-de-laminaciones-arregui-exigen-medidas-para-garantizar-el-futuro-de-la-planta-y-piden-transparencia-sobre-la-gestion\/","title":{"rendered":"Los y las trabajadoras de Laminaciones Arregui exigen medidas para garantizar el futuro de la planta y piden transparencia sobre la gesti\u00f3n"},"content":{"rendered":"\n<p>Representantes del Comit\u00e9 de Laminaciones Arregui \u2013 Celsa Atlantic han comparecido hoy en Gasteiz para denunciar y compartir la situaci\u00f3n que est\u00e1n viviendo las m\u00e1s de 100 familias que componen la plantilla de las plantas de Gasteiz y Urbina.<\/p>\n\n\n\n<p>El grupo al que pertenece Laminaciones Arregui, el Grupo Celsa, se encuentra inmerso en un cambio de titularidad y propiedad, ello derivado de la sentencia del mes de septiembre del Juzgado de lo Mercantil n\u00ba2 de Barcelona mediante la cual se homologa el plan de reestructuraci\u00f3n de sus acreedores. De esta manera, el Grupo Celsa pasa de manos de la familia Rubiralta a un grupo de fondos de inversi\u00f3n bastante numeroso.<\/p>\n\n\n\n<p>Han denunciado que desde la publicaci\u00f3n de la sentencia hasta ahora, ni la antigua ni la futura propiedad se han puesto en contacto con la plantilla de Laminaciones Arregui para dar alg\u00fan tipo de informaci\u00f3n al respecto, siendo sus \u00fanicas v\u00edas de informaci\u00f3n las noticias que se han ido publicando en los medios, sin que las mismas hayan podido ser contrastadas por la parte social.<\/p>\n\n\n\n<figure class=\"wp-block-image size-large\"><img loading=\"lazy\" decoding=\"async\" width=\"1024\" height=\"682\" src=\"https:\/\/www.lab.eus\/wp-content\/uploads\/2023\/11\/lam-arregui-2-1024x682.jpg\" alt=\"\" class=\"wp-image-63972\" srcset=\"https:\/\/www.lab.eus\/wp-content\/uploads\/2023\/11\/lam-arregui-2-1024x682.jpg 1024w, https:\/\/www.lab.eus\/wp-content\/uploads\/2023\/11\/lam-arregui-2-300x200.jpg 300w, https:\/\/www.lab.eus\/wp-content\/uploads\/2023\/11\/lam-arregui-2-768x512.jpg 768w, https:\/\/www.lab.eus\/wp-content\/uploads\/2023\/11\/lam-arregui-2-150x100.jpg 150w, https:\/\/www.lab.eus\/wp-content\/uploads\/2023\/11\/lam-arregui-2-696x464.jpg 696w, https:\/\/www.lab.eus\/wp-content\/uploads\/2023\/11\/lam-arregui-2-1068x712.jpg 1068w, https:\/\/www.lab.eus\/wp-content\/uploads\/2023\/11\/lam-arregui-2.jpg 1280w\" sizes=\"auto, (max-width: 1024px) 100vw, 1024px\" \/><\/figure>\n\n\n\n<p>Han se\u00f1alado que, \u00abadem\u00e1s de la incertidumbre que esto nos crea, nos preocupa a\u00fan m\u00e1s lo referente a la escasa garant\u00eda de empleo de 18 meses, con condiciones, recogida en el te\u00f3rico acuerdo entre el Gobierno espa\u00f1ol y la nueva propiedad. Evidentemente, sin el memorando de entendimiento suscrito entre Gobierno espa\u00f1ol y los fondos de inversi\u00f3n es imposible hacer una valoraci\u00f3n total del mismo. De la misma manera, nos inquieta la falta de un plan industrial que acompa\u00f1e tanto al plan de reestructuraci\u00f3n como al memorando de entendimiento. No se puede entender que desde el gobierno espa\u00f1ol no se haya exigido un plan industrial que garantice la continuidad y el futuro, tanto de la actividad como del empleo, de todas y cada una de las plantas que el Grupo Celsa tiene en el estado, especialmente las de Laminaciones Arregui y Nervacero\u00bb.\u00a1<\/p>\n\n\n\n<p>De la misma manera, han denunciado que el Ministerio de Industria espa\u00f1ol no haya contado con TODA la representaci\u00f3n de los y las trabajadoras del Grupo Celsa, ni, evidentemente, con la representaci\u00f3n de la plantilla de Laminaciones Arregui. \u00abMientras que la futura propiedad y el Ministerio de Industria s\u00ed han mantenido reuniones con algunos sindicatos (UGT, CCOO y USO), a otros sindicatos, seguramente m\u00e1s molestos, nos han mantenido al margen, independientemente de que ostentemos amplia mayor\u00eda en algunas plantas, como es el caso de Laminaciones Arregui\u00bb.<\/p>\n\n\n\n<p>\u00abNo comprendemos la opacidad en todo este proceso, tanto por parte de la nueva propiedad, como por parte del gobierno espa\u00f1ol, al igual que por parte de los sindicatos mayoritarios en el estado. \u00bfQu\u00e9 tienen que esconder? \u00bfqu\u00e9 les preocupa de nuestra participaci\u00f3n? La centralizaci\u00f3n de esta negociaci\u00f3n en Madrid no nos da ninguna confianza, principalmente porque en esta clase de negociaciones Euskal Herria, donde esos sindicatos tienen menor representaci\u00f3n, es moneda de cambio\u00bb, han a\u00f1adido. <\/p>\n\n\n\n<p>A todo esto tambi\u00e9n se suma el papel que est\u00e1 jugando el Gobierno Vasco en todo el proceso. Han se\u00f1alado que \u00abtras varias reuniones desde el mes de julio, observamos con impotencia que, mientras en otras Comunidades Aut\u00f3nomas como Catalunya, Galiza, etc., los gobiernos auton\u00f3micos han mediado para poder celebrar reuniones con la nueva propiedad, con implicaci\u00f3n directa de los mismos, aqu\u00ed se presume imposible. \u00abHasta ahora y desde que en el mes de septiembre formul\u00e1ramos la primera solicitud para facilitar sendas reuniones con la nueva propiedad y con el Ministerio de Industria espa\u00f1ol, parece que ha resultado imposible que una instituci\u00f3n como el Gobierno Vasco haya podido propiciar estos encuentros. Aunque podamos entender la discreci\u00f3n sobre las gestiones que el Gobierno Vasco pueda estar haciendo en este proceso, bajo estas circunstancias, los y las trabajadoras de Laminaciones Arregui necesitamos m\u00e1s. El Gobierno Vasco tiene la obligaci\u00f3n de ser garante y parte activa en todo este proceso, y as\u00ed lo vamos a exigir\u00bb.<\/p>\n\n\n\n<p>Por todo lo anterior, y ante la sospecha de que la oficialidad del cambio de propiedad va a ser inminente, el Comit\u00e9 de Laminaciones Arregui ha anunciado la puesta en marcha de una din\u00e1mica para socializar y denunciar nuestra situaci\u00f3n, situ\u00e1ndola en tres niveles. A nivel local, han solicitado su participaci\u00f3n en el pleno de empleo del d\u00eda 28 de noviembre del Ayuntamiento de Gasteiz. Igualmente, han solicitado una reuni\u00f3n con los Departamentos de Empleo y Desarrollo Industrial de la Diputaci\u00f3n Foral. A nivel auton\u00f3mico, adem\u00e1s de insistir en la interlocuci\u00f3n y demandas al Gobierno Vasco, solicitar\u00e1n una ronda de contactos a los diferentes agentes pol\u00edticos.<\/p>\n\n\n\n<p>Por \u00faltimo, viajar\u00e1n a Madrid para celebrar una reuni\u00f3n con el Secretario General de Asuntos Econ\u00f3micos el 23 de noviembre.<\/p>\n\n\n\n<p>Las exigencias a estas instituciones, organismos y agentes pol\u00edticos, van a ser las mismas:<\/p>\n\n\n\n<p>&#8211; Cualquier acuerdo que afecte a la plantilla de Laminaciones Arregui debe ser tratado con la representaci\u00f3n de los y las trabajadoras de Laminaciones Arregui y aprobado por la plantilla.<\/p>\n\n\n\n<p>&#8211; Cualquier acuerdo debe contener 3 ejes, mantenimiento y garant\u00eda de la actividad y del empleo, futuro y respeto a las condiciones laborales.<\/p>\n\n\n\n<p>&#8211; Exigir el mando y gesti\u00f3n por parte de un agente con car\u00e1cter industrial que conozca el<br>funcionamiento de su sector.<\/p>\n\n\n\n<p>&#8211; Presentaci\u00f3n de un plan industrial a medio largo plazo que garantice el crecimiento de Laminaciones Arregui. <\/p>\n\n\n\n<p>Est\u00e1 din\u00e1mica estar\u00e1 acompa\u00f1ada de diferentes movilizaciones. <\/p>\n\n\n\n<p>\u00abLaminaciones Arregui tiene que volver a ser uno de los referentes de la industria de Araba\u00bb, han a\u00f1adido \u00aby desde luego que el potencial lo tiene, solo necesita que llegue alguien que lo exprima. Nuestro futuro no puede estar \u00fanicamente en manos de fondos de inversi\u00f3n cuya \u00fanica finalidad es el rendimiento econ\u00f3mico, ya que ello supondr\u00eda nuestra sepultura\u00bb.<\/p>\n","protected":false},"excerpt":{"rendered":"<p>Representantes del Comit\u00e9 de Laminaciones Arregui \u2013 Celsa Atlantic han comparecido hoy en Gasteiz para denunciar y compartir la situaci\u00f3n que est\u00e1n viviendo las m\u00e1s de 100 familias que componen la plantilla de las plantas de Gasteiz y Urbina.<\/p>\n","protected":false},"author":1191,"featured_media":63975,"comment_status":"closed","ping_status":"closed","sticky":false,"template":"","format":"standard","meta":{"_monsterinsights_skip_tracking":false,"_monsterinsights_sitenote_active":false,"_monsterinsights_sitenote_note":"","_monsterinsights_sitenote_category":0,"footnotes":"","_links_to":"","_links_to_target":""},"categories":[18,2867,2868,108],"tags":[3033,3916,3178,3066,2996,3888,3064],"class_list":{"0":"post-63953","1":"post","2":"type-post","3":"status-publish","4":"format-standard","5":"has-post-thumbnail","7":"category-es-accion-sindical","8":"category-federaciones","9":"category-industria-es","10":"category-es-metal","11":"tag-accion-sindical-es","12":"tag-celsa","13":"tag-destacado-1","14":"tag-federaciones-es","15":"tag-industria-es","16":"tag-laminaciones-arregui-2","17":"tag-metal-es"},"_links":{"self":[{"href":"https:\/\/www.lab.eus\/es\/wp-json\/wp\/v2\/posts\/63953","targetHints":{"allow":["GET"]}}],"collection":[{"href":"https:\/\/www.lab.eus\/es\/wp-json\/wp\/v2\/posts"}],"about":[{"href":"https:\/\/www.lab.eus\/es\/wp-json\/wp\/v2\/types\/post"}],"author":[{"embeddable":true,"href":"https:\/\/www.lab.eus\/es\/wp-json\/wp\/v2\/users\/1191"}],"replies":[{"embeddable":true,"href":"https:\/\/www.lab.eus\/es\/wp-json\/wp\/v2\/comments?post=63953"}],"version-history":[{"count":0,"href":"https:\/\/www.lab.eus\/es\/wp-json\/wp\/v2\/posts\/63953\/revisions"}],"wp:featuredmedia":[{"embeddable":true,"href":"https:\/\/www.lab.eus\/es\/wp-json\/wp\/v2\/media\/63975"}],"wp:attachment":[{"href":"https:\/\/www.lab.eus\/es\/wp-json\/wp\/v2\/media?parent=63953"}],"wp:term":[{"taxonomy":"category","embeddable":true,"href":"https:\/\/www.lab.eus\/es\/wp-json\/wp\/v2\/categories?post=63953"},{"taxonomy":"post_tag","embeddable":true,"href":"https:\/\/www.lab.eus\/es\/wp-json\/wp\/v2\/tags?post=63953"}],"curies":[{"name":"wp","href":"https:\/\/api.w.org\/{rel}","templated":true}]}}