{"id":63914,"date":"2023-11-21T12:17:16","date_gmt":"2023-11-21T12:17:16","guid":{"rendered":"https:\/\/www.lab.eus\/?p=63914"},"modified":"2023-11-21T12:17:18","modified_gmt":"2023-11-21T12:17:18","slug":"huelgas-en-las-ambulancias-de-araba-bizkaia-y-gipuzkoa","status":"publish","type":"post","link":"https:\/\/www.lab.eus\/es\/huelgas-en-las-ambulancias-de-araba-bizkaia-y-gipuzkoa\/","title":{"rendered":"Huelgas en las ambulancias de Araba, Bizkaia y Gipuzkoa"},"content":{"rendered":"\n<p>Las y los trabajadores de las ambulancias est\u00e1n saliendo a la calle de forma masiva durante las jornadas de huelga de esta semana. Empezando por los piquetes de las primeras horas de la madrugada, no han parado de movilizarse en los hospitales. Ma\u00f1ana, 22 de noviembre, las plantillas de los tres territorios realizar\u00e1n una manifestaci\u00f3n conjunta en Bilbo, desde el hospital de Basurto, a las 11:00 horas.<br><br>Adem\u00e1s de en otros lugares, hoy se han manifestado en Bizkaia, desde el centro de ambulancias La Pau, en el barrio bilba\u00edno de Zorroza, hasta el hospital de Cruces, en Barakaldo.<br><br>Las y los trabajadores del sector tambi\u00e9n secundaron <a href=\"https:\/\/www.lab.eus\/es\/durante-el-primer-dia-de-huelga-en-las-ambulancias-de-la-cav-hemos-salido-a-la-calle-a-exigir-que-se-permita-la-negociacion-de-las-condiciones-laborales\/\" data-type=\"link\" data-id=\"https:\/\/www.lab.eus\/es\/durante-el-primer-dia-de-huelga-en-las-ambulancias-de-la-cav-hemos-salido-a-la-calle-a-exigir-que-se-permita-la-negociacion-de-las-condiciones-laborales\/\">tres jornadas de huelga los d\u00edas 9, 10 y 11 de octubre<\/a> para exigir que se permitiera la negociaci\u00f3n de las condiciones laborales. Tras las tres jornadas de huelga de esta semana, tienen convocadas otras tres fechas, los d\u00edas 20, 21 y 22 de diciembre.<\/p>\n","protected":false},"excerpt":{"rendered":"<p>Las y los trabajadores de las ambulancias est\u00e1n saliendo a la calle de forma masiva durante las jornadas de huelga de esta semana. Empezando por los piquetes de las primeras horas de la madrugada, no han parado de movilizarse en los hospitales. Ma\u00f1ana, 22 de noviembre, las plantillas de los tres territorios realizar\u00e1n una manifestaci\u00f3n conjunta en Bilbo, desde el hospital de Basurto, a las 11:00 horas.<\/p>\n","protected":false},"author":1191,"featured_media":63912,"comment_status":"closed","ping_status":"closed","sticky":false,"template":"","format":"standard","meta":{"_monsterinsights_skip_tracking":false,"_monsterinsights_sitenote_active":false,"_monsterinsights_sitenote_note":"","_monsterinsights_sitenote_category":0,"footnotes":"","_links_to":"","_links_to_target":""},"categories":[18,372,2867,6],"tags":[3033,992,4374,3178,3066,3171],"class_list":{"0":"post-63914","1":"post","2":"type-post","3":"status-publish","4":"format-standard","5":"has-post-thumbnail","7":"category-es-accion-sindical","8":"category-es-ambulancias-es-servicios-privados","9":"category-federaciones","10":"category-es-servicios-publicos","11":"tag-accion-sindical-es","12":"tag-ambulancias","13":"tag-ambulancias-de-la-cav","14":"tag-destacado-1","15":"tag-federaciones-es","16":"tag-servicios-publicos-es"},"_links":{"self":[{"href":"https:\/\/www.lab.eus\/es\/wp-json\/wp\/v2\/posts\/63914","targetHints":{"allow":["GET"]}}],"collection":[{"href":"https:\/\/www.lab.eus\/es\/wp-json\/wp\/v2\/posts"}],"about":[{"href":"https:\/\/www.lab.eus\/es\/wp-json\/wp\/v2\/types\/post"}],"author":[{"embeddable":true,"href":"https:\/\/www.lab.eus\/es\/wp-json\/wp\/v2\/users\/1191"}],"replies":[{"embeddable":true,"href":"https:\/\/www.lab.eus\/es\/wp-json\/wp\/v2\/comments?post=63914"}],"version-history":[{"count":0,"href":"https:\/\/www.lab.eus\/es\/wp-json\/wp\/v2\/posts\/63914\/revisions"}],"wp:featuredmedia":[{"embeddable":true,"href":"https:\/\/www.lab.eus\/es\/wp-json\/wp\/v2\/media\/63912"}],"wp:attachment":[{"href":"https:\/\/www.lab.eus\/es\/wp-json\/wp\/v2\/media?parent=63914"}],"wp:term":[{"taxonomy":"category","embeddable":true,"href":"https:\/\/www.lab.eus\/es\/wp-json\/wp\/v2\/categories?post=63914"},{"taxonomy":"post_tag","embeddable":true,"href":"https:\/\/www.lab.eus\/es\/wp-json\/wp\/v2\/tags?post=63914"}],"curies":[{"name":"wp","href":"https:\/\/api.w.org\/{rel}","templated":true}]}}