{"id":63902,"date":"2023-11-21T10:13:01","date_gmt":"2023-11-21T10:13:01","guid":{"rendered":"https:\/\/www.lab.eus\/?p=63902"},"modified":"2023-11-21T10:13:06","modified_gmt":"2023-11-21T10:13:06","slug":"sindicatos-estatales-estan-poniendo-en-peligro-la-negociacion-del-ii-convenio-de-intervencion-social-de-nafarroa","status":"publish","type":"post","link":"https:\/\/www.lab.eus\/es\/sindicatos-estatales-estan-poniendo-en-peligro-la-negociacion-del-ii-convenio-de-intervencion-social-de-nafarroa\/","title":{"rendered":"Sindicatos estatales est\u00e1n poniendo en peligro la negociaci\u00f3n del II Convenio de Intervenci\u00f3n Social de Nafarroa"},"content":{"rendered":"\n<p>Tal y como obliga la norma, desde el sindicato LAB en agosto comunicamos a la Comisi\u00f3n Paritaria de Acci\u00f3n e Intervenci\u00f3n Social la apertura de la segunda mesa de negociaci\u00f3n de Nafarroa. A mediados de octubre, nos comunicaron desde Madrid que el \u00e1mbito funcional es materia reservada del convenio estatal. Ante esto, desde LAB nos planteamos varias cosas y reflexiones, que queremos compartir con las plantillas del sector.<\/p>\n\n\n\n<p><strong>\u00bfQu\u00e9 significa eso de \u201cmateria reservada\u201d?<\/strong><\/p>\n\n\n\n<p>Lo que dice la paritaria estatal es que, al parecer, no podemos negociar en Navarra el \u00e1mbito funcional. Este important\u00edsimo art\u00edculo define el tipo de actividades, empresas, y por ende, tambi\u00e9n las plantillas que se ven afectadas y\/o beneficiadas por el convenio.<\/p>\n\n\n\n<p>Desde LAB queremos recordar que esto ya fue objeto de manipulaci\u00f3n extrema por parte de CCOO y UGT en la primera negociaci\u00f3n, <a href=\"https:\/\/infoadm.org\/soziokomunitarioa\/5785-ccoo-y-ugt-consiguen-que-no-se-abra-la-mesa-negociadora-del-primer-convenio-de-navarra-de-intervencion-social-poniendo-en-riesgo-la-negociacion\">llegando a bloquear y poner en peligro la apertura de la primera mesa<\/a>. Desde LAB no ve\u00edamos problema alguno, y as\u00ed lo resolvi\u00f3 tambi\u00e9n (por unanimidad) la mesa negociadora; de forma satisfactoria para las plantillas y con todas las garant\u00edas jur\u00eddicas. El convenio fue firmado por todas las partes (ANEIS, LAB, CCOO y UGT). S\u00ed, incluso tambi\u00e9n por aquellas que supuestamente tantos inconvenientes ve\u00edan. Si finalmente terminaron firm\u00e1ndolo, no habr\u00eda tanto problema, \u00bfverdad?<\/p>\n\n\n\n<p><strong>\u00bfQuien est\u00e1 detr\u00e1s de la paritaria estatal?<\/strong><\/p>\n\n\n\n<p>La paritaria estatal est\u00e1 conformada por dos bloques: en uno est\u00e1 la parte sindical, UGT y CCOO; en el otro est\u00e1n tres patronales. En este segundo bloque, cada una de las patronales tiene el 33% de representaci\u00f3n, pero desconocemos la representatividad de los sindicatos. Tambi\u00e9n sabemos que los acuerdos de la paritaria tienen que ser adoptados por mayor\u00eda de cada una de las partes, sindicatos y patronal. As\u00ed pues, sin disponer de mas informaci\u00f3n, podemos \u00fanicamente intentar sacar algunas hip\u00f3tesis o conclusiones.<\/p>\n\n\n\n<p>Si la resoluci\u00f3n fue aprobada, por parte de las patronales ser\u00eda necesario al menos el voto a favor de dos de ellas. En la parte sindical, es claro que tendr\u00eda que haber votado a favor al menos una de las dos centrales de ellos, sino ambas. Por lo cual se deduce que o UGT o CCOO, al menos uno de ellos, ha votado en Madrid en contra de nuestros derechos en Navarra.<\/p>\n\n\n\n<p><strong>\u00bfQu\u00e9 puede suponer esto?<\/strong><\/p>\n\n\n\n<p>Abierta la segunda mesa negociadora, cuando nos dispon\u00edamos a exponer nuestra propuesta de negociaci\u00f3n, nos encontramos una vez m\u00e1s con actitudes irresponsables que vuelven a poner en peligro la mejor herramienta que tenemos para la mejora de las condiciones laborales de las plantillas de intervenci\u00f3n social en Nafarroa. El convenio sectorial, de nuevo en el ojo del hurac\u00e1n. Esta resoluci\u00f3n tiene como objetivo reducir la capacidad que tenemos en Nafarroa para negociar qu\u00e9 trabajadoras se ven beneficiadas por el convenio sectorial y cu\u00e1les no. Creemos que intenta, asimismo, poner en duda la seguridad jur\u00eddica del mismo. Incre\u00edble.<\/p>\n\n\n\n<p>No entendemos c\u00f3mo uno o dos de los sindicatos que en Nafarroa han firmado el convenio pueden estar en Madrid poniendo en cuesti\u00f3n que el \u00e1mbito funcional -el cual ellos mismos han firmado- pueda ser ilegal.<\/p>\n\n\n\n<p>Exigimos explicaciones, altura de miras, seriedad, responsabilidad y compromiso para con el futuro de las cientos de trabajadoras que componen el sector. Desde LAB seguiremos haciendo todo lo que est\u00e9 en nuestras manos para defender el convenio y mejorarlo.<\/p>\n\n\n\n<p>El pr\u00f3ximo 23 de noviembre tendr\u00e1 lugar la cuarta reuni\u00f3n para tratar de alcanzar el segundo convenio sectorial. Ese d\u00eda cada cual tendr\u00e1 que dar sus opiniones, y estas deber\u00e1n estar firmemente argumentadas. En LAB lo tenemos muy claro: no existe ning\u00fan impedimento legal para seguir adelante. Adem\u00e1s, aqu\u00ed vivimos, aqu\u00ed decidimos. \u00bfDe qu\u00e9 lado se van a posicionar CCOO y\/o UGT?<\/p>\n","protected":false},"excerpt":{"rendered":"<p>Tal y como obliga la norma, desde el sindicato LAB en agosto comunicamos a la Comisi\u00f3n Paritaria de Acci\u00f3n e Intervenci\u00f3n Social la apertura de la segunda mesa de negociaci\u00f3n de Nafarroa. A mediados de octubre, nos comunicaron desde Madrid que el \u00e1mbito funcional es materia reservada del convenio estatal. Ante esto, desde LAB nos planteamos varias cosas y reflexiones, que queremos compartir con las plantillas del sector.<\/p>\n","protected":false},"author":1191,"featured_media":60818,"comment_status":"closed","ping_status":"closed","sticky":false,"template":"","format":"standard","meta":{"_monsterinsights_skip_tracking":false,"_monsterinsights_sitenote_active":false,"_monsterinsights_sitenote_note":"","_monsterinsights_sitenote_category":0,"footnotes":"","_links_to":"","_links_to_target":""},"categories":[18,2867,3119,6],"tags":[3033,3178,3220,3171],"class_list":{"0":"post-63902","1":"post","2":"type-post","3":"status-publish","4":"format-standard","5":"has-post-thumbnail","7":"category-es-accion-sindical","8":"category-federaciones","9":"category-intervencion-y-accion-social","10":"category-es-servicios-publicos","11":"tag-accion-sindical-es","12":"tag-destacado-1","13":"tag-intervencion-social","14":"tag-servicios-publicos-es"},"_links":{"self":[{"href":"https:\/\/www.lab.eus\/es\/wp-json\/wp\/v2\/posts\/63902","targetHints":{"allow":["GET"]}}],"collection":[{"href":"https:\/\/www.lab.eus\/es\/wp-json\/wp\/v2\/posts"}],"about":[{"href":"https:\/\/www.lab.eus\/es\/wp-json\/wp\/v2\/types\/post"}],"author":[{"embeddable":true,"href":"https:\/\/www.lab.eus\/es\/wp-json\/wp\/v2\/users\/1191"}],"replies":[{"embeddable":true,"href":"https:\/\/www.lab.eus\/es\/wp-json\/wp\/v2\/comments?post=63902"}],"version-history":[{"count":0,"href":"https:\/\/www.lab.eus\/es\/wp-json\/wp\/v2\/posts\/63902\/revisions"}],"wp:featuredmedia":[{"embeddable":true,"href":"https:\/\/www.lab.eus\/es\/wp-json\/wp\/v2\/media\/60818"}],"wp:attachment":[{"href":"https:\/\/www.lab.eus\/es\/wp-json\/wp\/v2\/media?parent=63902"}],"wp:term":[{"taxonomy":"category","embeddable":true,"href":"https:\/\/www.lab.eus\/es\/wp-json\/wp\/v2\/categories?post=63902"},{"taxonomy":"post_tag","embeddable":true,"href":"https:\/\/www.lab.eus\/es\/wp-json\/wp\/v2\/tags?post=63902"}],"curies":[{"name":"wp","href":"https:\/\/api.w.org\/{rel}","templated":true}]}}