{"id":63834,"date":"2023-11-17T10:05:41","date_gmt":"2023-11-17T10:05:41","guid":{"rendered":"https:\/\/www.lab.eus\/?p=63834"},"modified":"2023-11-17T10:05:43","modified_gmt":"2023-11-17T10:05:43","slug":"valoramos-positivamente-la-victoria-obtenida-en-la-reclamacion-del-10-de-la-paga-variable-en-arcelor-mittal-sestao","status":"publish","type":"post","link":"https:\/\/www.lab.eus\/es\/valoramos-positivamente-la-victoria-obtenida-en-la-reclamacion-del-10-de-la-paga-variable-en-arcelor-mittal-sestao\/","title":{"rendered":"Valoramos positivamente la victoria obtenida en la reclamaci\u00f3n del 10% de la paga variable en Arcelor Mittal Sestao"},"content":{"rendered":"\n<p>Esta victoria es un claro ejemplo de lo necesaria que es la uni\u00f3n de la reclamaci\u00f3n judicial con la acci\u00f3n sindical, uni\u00f3n que solo LAB ha llevado acabo en esta reivindicaci\u00f3n.<\/p>\n\n\n\n<p>Esta semana ha llegado la sentencia favorable a la reclamaci\u00f3n judicial que LAB, CCOO y UGT interpusimos en Arcelor Mittal Sestao, en la que se reclamaba el abono de la paga variable del 10% que la empresa unilateralmente hab\u00eda decidido dejar de abonar sin ning\u00fan tipo de motivo justificado. Esto supone cerca de 100.000 euros mensuales de masa salarial, que la empresa pretend\u00eda dejar de abonar a la plantilla y que, tras la sentencia, deber\u00e1 abonar a las y los trabajadores.<\/p>\n\n\n\n<p>Por parte de LAB y ELA, esta reclamaci\u00f3n se reforz\u00f3 con diferentes convocatorias de paros y movilizaciones, cuyo valor es innegable, y en las que se ha podido observar una activaci\u00f3n que hac\u00eda tiempo que no se consegu\u00eda en la planta.<\/p>\n\n\n\n<p>Ponemos en valor las mencionadas movilizaciones porque, por suerte o por desgracia, conocemos muy bien a la direcci\u00f3n de Arcelor Mittal, y por ello tenemos la total convicci\u00f3n de que esta sentencia ser\u00e1 recurrida por la misma. Ante esa actitud esa activaci\u00f3n que hemos mencionado ser\u00e1 de gran importancia para condicionar la misma y no alargar una situaci\u00f3n en la que ha quedado demostrado que la parte social tiene raz\u00f3n.<\/p>\n\n\n\n<p>Por todo ello, aprovechamos esta nota para, adem\u00e1s de felicitar a la plantilla, interpelar a la direcci\u00f3n de la planta para que no inicie un proceso de recurso a esta sentencia, ya que el mismo ser\u00eda m\u00e1s perjudicial para ella que para la plantilla.<\/p>\n","protected":false},"excerpt":{"rendered":"<p>Esta victoria es un claro ejemplo de lo necesaria que es la uni\u00f3n de la reclamaci\u00f3n judicial con la acci\u00f3n sindical, uni\u00f3n que solo LAB ha llevado acabo en esta reivindicaci\u00f3n.<\/p>\n","protected":false},"author":1191,"featured_media":56847,"comment_status":"closed","ping_status":"closed","sticky":false,"template":"","format":"standard","meta":{"_monsterinsights_skip_tracking":false,"_monsterinsights_sitenote_active":false,"_monsterinsights_sitenote_note":"","_monsterinsights_sitenote_category":0,"footnotes":"","_links_to":"","_links_to_target":""},"categories":[18,2867,2868,108],"tags":[1959,3033,2011,4360,3179,3066,2996,3064],"class_list":{"0":"post-63834","1":"post","2":"type-post","3":"status-publish","4":"format-standard","5":"has-post-thumbnail","7":"category-es-accion-sindical","8":"category-federaciones","9":"category-industria-es","10":"category-es-metal","11":"tag-acb","12":"tag-accion-sindical-es","13":"tag-arcelor-mittal-2","14":"tag-arcelor-mittal-sestao","15":"tag-destacado-2","16":"tag-federaciones-es","17":"tag-industria-es","18":"tag-metal-es"},"_links":{"self":[{"href":"https:\/\/www.lab.eus\/es\/wp-json\/wp\/v2\/posts\/63834","targetHints":{"allow":["GET"]}}],"collection":[{"href":"https:\/\/www.lab.eus\/es\/wp-json\/wp\/v2\/posts"}],"about":[{"href":"https:\/\/www.lab.eus\/es\/wp-json\/wp\/v2\/types\/post"}],"author":[{"embeddable":true,"href":"https:\/\/www.lab.eus\/es\/wp-json\/wp\/v2\/users\/1191"}],"replies":[{"embeddable":true,"href":"https:\/\/www.lab.eus\/es\/wp-json\/wp\/v2\/comments?post=63834"}],"version-history":[{"count":0,"href":"https:\/\/www.lab.eus\/es\/wp-json\/wp\/v2\/posts\/63834\/revisions"}],"wp:featuredmedia":[{"embeddable":true,"href":"https:\/\/www.lab.eus\/es\/wp-json\/wp\/v2\/media\/56847"}],"wp:attachment":[{"href":"https:\/\/www.lab.eus\/es\/wp-json\/wp\/v2\/media?parent=63834"}],"wp:term":[{"taxonomy":"category","embeddable":true,"href":"https:\/\/www.lab.eus\/es\/wp-json\/wp\/v2\/categories?post=63834"},{"taxonomy":"post_tag","embeddable":true,"href":"https:\/\/www.lab.eus\/es\/wp-json\/wp\/v2\/tags?post=63834"}],"curies":[{"name":"wp","href":"https:\/\/api.w.org\/{rel}","templated":true}]}}