{"id":63777,"date":"2023-11-16T09:06:37","date_gmt":"2023-11-16T09:06:37","guid":{"rendered":"https:\/\/www.lab.eus\/?p=63777"},"modified":"2023-11-16T09:11:18","modified_gmt":"2023-11-16T09:11:18","slug":"despido-nulo-en-saltoki-logistika-araba","status":"publish","type":"post","link":"https:\/\/www.lab.eus\/es\/despido-nulo-en-saltoki-logistika-araba\/","title":{"rendered":"Despido nulo en Saltoki Logistika Araba"},"content":{"rendered":"\n<p>El Tribunal Superior de Justicia del Pa\u00eds Vasco ha declarado nulo el despido del delegado de personal del sindicato LAB en la empresa Saltoki Logistika Araba, tal y como ya hab\u00edan hecho en primera instancia los juzgados de lo social de Gasteiz.<\/p>\n\n\n\n<p>Esta segunda sentencia favorable nos reafirma en la necesidad de organizarnos y fortalecer nuestra presencia en esta empresa con el fin de hacer frente a una direcci\u00f3n a la que no le importan las condiciones laborales de la plantilla y utiliza todos los medios a su alcance para erradicar toda expresi\u00f3n sindical que permita a la plantilla organizarse y pelear por las mejoras de sus condiciones laborales.<\/p>\n\n\n\n<p>Durante los \u00faltimos a\u00f1os hemos visto c\u00f3mo la empresa, aplicando el r\u00e9gimen disciplinario, ha despedido a aquellas personas trabajadoras que han intentado organizarse para mejorar sus condiciones laborales. Despidos a los que, en la mayor\u00eda de los casos, se les ha reconocido su improcedencia m\u00e1s tarde.<\/p>\n\n\n\n<p>Como venimos denunciando desde hace meses, desde que se convocaron elecciones de la mano del sindicato LAB en octubre del a\u00f1o 2021, hemos visto c\u00f3mo la empresa se resiste a aceptar derechos b\u00e1sicos como la libertad sindical, la organizaci\u00f3n, o unas condiciones laborales dignas.<\/p>\n\n\n\n<p>Solamente desde un sindicalismo de clase y combativo podremos hacer valer nuestros derechos y poner l\u00edmites a los niveles de precariedad y dignificar las condiciones laborales en Saltoki Logistika Araba.&nbsp;<\/p>\n","protected":false},"excerpt":{"rendered":"<p>El TSJPV ha declarado nulo el despido del delegado de personal del sindicato LAB en la empresa Saltoki Logistika Araba, tal y como ya hab\u00edan hecho en primera instancia los juzgados de lo social de Gasteiz.<\/p>\n","protected":false},"author":1191,"featured_media":57043,"comment_status":"closed","ping_status":"closed","sticky":false,"template":"","format":"standard","meta":{"_monsterinsights_skip_tracking":false,"_monsterinsights_sitenote_active":false,"_monsterinsights_sitenote_note":"","_monsterinsights_sitenote_category":0,"footnotes":"","_links_to":"","_links_to_target":""},"categories":[18,2867,8],"tags":[3033,3178,3066,736,3871,3172],"class_list":{"0":"post-63777","1":"post","2":"type-post","3":"status-publish","4":"format-standard","5":"has-post-thumbnail","7":"category-es-accion-sindical","8":"category-federaciones","9":"category-es-servicios-privados","10":"tag-accion-sindical-es","11":"tag-destacado-1","12":"tag-federaciones-es","13":"tag-saltoki","14":"tag-saltoki-logistika-araba","15":"tag-servicios-privados-es"},"_links":{"self":[{"href":"https:\/\/www.lab.eus\/es\/wp-json\/wp\/v2\/posts\/63777","targetHints":{"allow":["GET"]}}],"collection":[{"href":"https:\/\/www.lab.eus\/es\/wp-json\/wp\/v2\/posts"}],"about":[{"href":"https:\/\/www.lab.eus\/es\/wp-json\/wp\/v2\/types\/post"}],"author":[{"embeddable":true,"href":"https:\/\/www.lab.eus\/es\/wp-json\/wp\/v2\/users\/1191"}],"replies":[{"embeddable":true,"href":"https:\/\/www.lab.eus\/es\/wp-json\/wp\/v2\/comments?post=63777"}],"version-history":[{"count":0,"href":"https:\/\/www.lab.eus\/es\/wp-json\/wp\/v2\/posts\/63777\/revisions"}],"wp:featuredmedia":[{"embeddable":true,"href":"https:\/\/www.lab.eus\/es\/wp-json\/wp\/v2\/media\/57043"}],"wp:attachment":[{"href":"https:\/\/www.lab.eus\/es\/wp-json\/wp\/v2\/media?parent=63777"}],"wp:term":[{"taxonomy":"category","embeddable":true,"href":"https:\/\/www.lab.eus\/es\/wp-json\/wp\/v2\/categories?post=63777"},{"taxonomy":"post_tag","embeddable":true,"href":"https:\/\/www.lab.eus\/es\/wp-json\/wp\/v2\/tags?post=63777"}],"curies":[{"name":"wp","href":"https:\/\/api.w.org\/{rel}","templated":true}]}}