{"id":63736,"date":"2023-11-14T11:51:31","date_gmt":"2023-11-14T11:51:31","guid":{"rendered":"https:\/\/www.lab.eus\/?p=63736"},"modified":"2023-11-14T11:51:38","modified_gmt":"2023-11-14T11:51:38","slug":"iritzia-contra-las-brechas-ahora-1-080-e","status":"publish","type":"post","link":"https:\/\/www.lab.eus\/es\/iritzia-contra-las-brechas-ahora-1-080-e\/","title":{"rendered":"[IRITZIA]: Contra las brechas, ahora 1.080 \u20ac"},"content":{"rendered":"\n<p>Jaime Iribarren Iriarte, responsable de Acci\u00f3n Social de LAB en Nafarroa, escribe un art\u00edculo de opini\u00f3n sobre pensiones dignas. El texto puede leerse a continuaci\u00f3n:<\/p>\n\n\n\n<p>Dicen que somos un pueblo solidario. A m\u00ed me gusta m\u00e1s cuando nos describen como un pueblo luchador porque la mejor forma de construir una sociedad solidaria es movilizarse contra todo tipo de injusticias.<\/p>\n\n\n\n<p>Tras una larga vida en la \u201cpoblaci\u00f3n activa\u201d, la Seguridad Social contempla el derecho a cobrar una pensi\u00f3n de vejez. El problema es que a la hora de que te hagan el finiquito de por vida, no se contabiliza el trabajo realizado sino el montante cotizado durante los a\u00f1os legalmente trabajados. En principio parece l\u00f3gico, pero no lo es tanto.<\/p>\n\n\n\n<p>Trabajo y empleo no son lo mismo. Mientras el trabajo es el resultado de una actividad que no tiene por qu\u00e9 ser remunerada, el empleo es un trabajo que se practica a cambio de un salario. Por eso, hay que reconocer los trabajos no remunerados, mayoritariamente de cuidados y realizados por mujeres. Muchas mujeres, despu\u00e9s de toda una vida trabajando se encuentran con la heladora realidad de no haber contizado nada, o no lo suficiente, y son condenadas a una m\u00edsera pensi\u00f3n no contributiva o a seguir dependiendo de la pensi\u00f3n de su pareja.<\/p>\n\n\n\n<p>Por otro lado, tenemos esa segunda brecha que parte del trabajo remunerado precarizado y condicionado por el sesgo de g\u00e9nero. La persona que ha trabajado en un puesto salarialmente precarizado ha aportado a la sociedad como la que m\u00e1s. No es justo que porque ciertos empleos, principalmente feminizados, se infravaloren econ\u00f3micamente, las futuras pensionistas tengan que ser penalizadas tambi\u00e9n en la recta final de sus vidas. En la actualidad, si trabajas limpiando la Plaza del Castillo de Iru\u00f1ea, generalmente hombre, tu sueldo ser\u00e1 superior a la de quien trabaja limpiando un centro educativo, generalmente mujer. Encima de que te pagan menos tambi\u00e9n te cotizan menos. Tenemos que combatir la brecha salarial para corregir la brecha pensionista en los trabajos asalariados.<\/p>\n\n\n\n<p>Para tener derecho a una pensi\u00f3n contributiva, la ley exige que hayas cotizado un m\u00ednimo de quince a\u00f1os y para realizar el c\u00e1lculo de la cuant\u00eda que te pertenece se tiene en consideraci\u00f3n las bases de cotizaci\u00f3n de los \u00faltimos 25 \u00f3 29 a\u00f1os, descontando, en este \u00faltimo caso, los dos que menos te interesen. El problema es que muchas mujeres no han podido trabajar tantos a\u00f1os bajo la cobertura de un contrato y esto les condena a cobrar pensiones que no llegan ni al m\u00ednimo estipulado, por lo que deben ser complementadas a m\u00ednimos. El patriarcado tiene que ser sancionado con el reconocimiento de pensiones dignas para todas las mujeres que han sido injustamente discriminadas.<\/p>\n\n\n\n<p>Hoy en d\u00eda la pensi\u00f3n m\u00ednima contributiva asciende a 743 \u20ac. Este tipo de pensiones son cuesti\u00f3n de Estado. La Constituci\u00f3n del 78 reconoce la posibilidad de transferir a Navarra las competencias completas de la Seguridad Social, cuesti\u00f3n necesaria desde una perspectiva organizativa y operativa. Pero lo cierto es que sigue siendo una competencia secuestrada por Madrid. La asunci\u00f3n de esta competencia es urgente y necesaria, pero no nos puede llevar a enga\u00f1os. Llegar\u00e1, pero mientras Madrid ostente la potestad de imponer su criterio ejerciendo la competencia exclusiva del Estado sobre legislaci\u00f3n b\u00e1sica, la falta de soberan\u00eda seguir\u00e1 impidendo que dise\u00f1emos un sistema p\u00fablico propio de pensiones que responda a nuestra realidad socioecon\u00f3mica como pueblo.<\/p>\n\n\n\n<p>Los defensores de la caja \u00fanica que alegan un principio de solidaridad financiera, en realidad est\u00e1n imponiendo un marco tramposo que provoca claramente una situaci\u00f3n de desigualdad y desamparo competencial que nos impide hacer frente a nuestras propias necesidades. A nadie se le escapa que el costo de la vida aqu\u00ed y all\u00ed no es el mismo, por lo que imponer una pensi\u00f3n \u00fanica e igual para todo el territorio estatal provoca desigualdad, justo lo contrario de lo que alegan los defensores de la Constituci\u00f3n.<\/p>\n\n\n\n<p>La realidad es que siendo nuestro pueblo un lugar donde la carest\u00eda de la vida es mayor que en otros puntos del Estado, no menos cierto es que tenemos capacidad econ\u00f3mica para responder al reto pensionista. Faltan las herramientas.<\/p>\n\n\n\n<p>Mientras tanto debemos solucionar el problema parcheando. S\u00ed, lo que proponemos desde la Iniciativa Social \u201cAhora 1.080\u20ac Orain\u201d es un parche para que al menos desde la hacienda navarra complementemos la pensi\u00f3n m\u00ednima que impone Madrid hasta los 1.080 \u20ac. Dicho de otra manera, para que toda persona que tenga una pensi\u00f3n contributiva pueda encender la calefacci\u00f3n este invierno.<\/p>\n\n\n\n<p>Esta reivindicaci\u00f3n es urgente para la mejora de las condiciones de vida de los pensionistas de ahora; es palanca para gantizar una vida digna a las pensionistas del futuro y abre el debate pertinente de avanzar m\u00e1s all\u00e1 de soluciones parciales abordando la necesidad de ampliar la capacidad competencial y de soberan\u00eda de nuestra tierra.<\/p>\n\n\n\n<p>En este caso igualdad no es sin\u00f3nimo de equidad. La discriminaci\u00f3n se corrige discriminando positivamente. Ha llegado la hora de demostrar que somos un pueblo que lucha y reivindica derechos, tal y como lo hemos hecho el 11 de noviembre en Iru\u00f1ea para pedir al Parlamento de Nafarroa que complemente las pensiones m\u00ednimas y no d\u00e9 la espalda a esta reivindicaci\u00f3n b\u00e1sicamente feminista. Casi 7 de cada 10 personas que no llegan a cobrar 1.080 \u20ac son mujeres. Y el 30 de noviembre, no queda otra, todas y todos a la Huelga Feminista General.<\/p>\n","protected":false},"excerpt":{"rendered":"<p>Jaime Iribarren Iriarte, responsable de Acci\u00f3n Social de LAB en Nafarroa, escribe un art\u00edculo de opini\u00f3n sobre pensiones dignas.<\/p>\n","protected":false},"author":1191,"featured_media":63734,"comment_status":"closed","ping_status":"closed","sticky":false,"template":"","format":"standard","meta":{"_monsterinsights_skip_tracking":false,"_monsterinsights_sitenote_active":false,"_monsterinsights_sitenote_note":"","_monsterinsights_sitenote_category":0,"footnotes":"","_links_to":"","_links_to_target":""},"categories":[2994,22,3283],"tags":[3182,3178],"class_list":{"0":"post-63736","1":"post","2":"type-post","3":"status-publish","4":"format-standard","5":"has-post-thumbnail","7":"category-accion-social","8":"category-es-pensionistas","9":"category-sin-categorizar","10":"tag-accion-social-es","11":"tag-destacado-1"},"_links":{"self":[{"href":"https:\/\/www.lab.eus\/es\/wp-json\/wp\/v2\/posts\/63736","targetHints":{"allow":["GET"]}}],"collection":[{"href":"https:\/\/www.lab.eus\/es\/wp-json\/wp\/v2\/posts"}],"about":[{"href":"https:\/\/www.lab.eus\/es\/wp-json\/wp\/v2\/types\/post"}],"author":[{"embeddable":true,"href":"https:\/\/www.lab.eus\/es\/wp-json\/wp\/v2\/users\/1191"}],"replies":[{"embeddable":true,"href":"https:\/\/www.lab.eus\/es\/wp-json\/wp\/v2\/comments?post=63736"}],"version-history":[{"count":0,"href":"https:\/\/www.lab.eus\/es\/wp-json\/wp\/v2\/posts\/63736\/revisions"}],"wp:featuredmedia":[{"embeddable":true,"href":"https:\/\/www.lab.eus\/es\/wp-json\/wp\/v2\/media\/63734"}],"wp:attachment":[{"href":"https:\/\/www.lab.eus\/es\/wp-json\/wp\/v2\/media?parent=63736"}],"wp:term":[{"taxonomy":"category","embeddable":true,"href":"https:\/\/www.lab.eus\/es\/wp-json\/wp\/v2\/categories?post=63736"},{"taxonomy":"post_tag","embeddable":true,"href":"https:\/\/www.lab.eus\/es\/wp-json\/wp\/v2\/tags?post=63736"}],"curies":[{"name":"wp","href":"https:\/\/api.w.org\/{rel}","templated":true}]}}