{"id":62943,"date":"2023-10-30T14:06:39","date_gmt":"2023-10-30T14:06:39","guid":{"rendered":"https:\/\/www.lab.eus\/?p=62943"},"modified":"2023-10-30T14:06:41","modified_gmt":"2023-10-30T14:06:41","slug":"las-y-los-trabajadores-de-intervencion-social-de-bizkaia-toman-las-calles-en-la-jornada-de-huelga-de-hoy","status":"publish","type":"post","link":"https:\/\/www.lab.eus\/es\/las-y-los-trabajadores-de-intervencion-social-de-bizkaia-toman-las-calles-en-la-jornada-de-huelga-de-hoy\/","title":{"rendered":"Las y los trabajadores de intervenci\u00f3n social de Bizkaia toman las calles en la jornada de huelga de hoy"},"content":{"rendered":"\n<p>Las dos jornada de huelga convocadas para hoy y ma\u00f1ana en el sector de la intervenci\u00f3n social de Bizkaia responden al bloqueo en la mesa de negociaci\u00f3n. En la misma, las patronales Gizardatz y Geroan apuestan por el empobrecimiento de las condiciones de trabajo y ahondan en la falta de medidas que garanticen la seguiridad en el trabajo.<\/p>\n\n\n\n<p>Las y los trabajadores del sector han realizado una caravana de coches desde Deusto a primera hora de la ma\u00f1ana y a las 11:30, una manifestaci\u00f3n que ha comenzado en el Ayuntamiento de Bilbao. Por la tarde, se llevar\u00e1 a cabo una concentraci\u00f3n frente a la sede de la patronal Gizardatz. Ma\u00f1ana martes, segunda jornada de huelga de la semana, y volver\u00e1n a manifestarse en Bilbo, a las 11:00, desde Ugasko.<\/p>\n\n\n\n<p>Tras m\u00e1s de dos a\u00f1os sin renovar el convenio y la friolera de 27 mesas de negociaci\u00f3n, las trabajadoras han decidido intensificar sus movilizaciones para luchar contra medidas que ponen en riesgo su salud y emprobrecen sus condiciones de trabajo.<\/p>\n\n\n\n<p>Ante esta situaci\u00f3n, han denunciado la urgente necesidad de acordar medidas que aboguen por un cambio en el modelo de atenci\u00f3n, en la seguridad laboral y contra el empobrecimiento de las condiciones de trabajo.<\/p>\n\n\n\n<p>As\u00ed mismo, han denunciado c\u00f3mo los m\u00e1ximos responsables p\u00fablicos (Diputaci\u00f3n Foral de Bizkaia, Ayuntamientos y Gobierno Vasco) hablan de las grandes bondades de sus pol\u00edticas sociales encaminadas hacia un sistema universal e inclusivo a trav\u00e9s de la aplicaci\u00f3n del Decreto de Cartera de Prestaciones y Servicios del Sistema Vasco de Servicios Sociales. Sin embargo, mientras tanto adoptan medidas para llevar a la exclusi\u00f3n, a cientos de trabajadoras del sector de Intervenci\u00f3n social y por ende, a los diferentes colectivos con los que realizan su labor diaria. Colectivo que al igual que en otros \u00e1mbitos de los cuidados tienen cara de mujer.<\/p>\n\n\n\n<p>Las trabajadoras han reclamado en\u00e9rgicamente a las instituciones publicas y patronales avancer en reivindicaciones tan esenciales para el sector como:<\/p>\n\n\n\n<p>\u2022 Incrementos salariales por encima del IPC<\/p>\n\n\n\n<p>\u2022 Riesgos psicosociales y reconocimiento de actividades de especial protecci\u00f3n<\/p>\n\n\n\n<p>\u2022 Acabar con la Modificaci\u00f3n Sustancial de las condiciones de trabajo<\/p>\n\n\n\n<p>\u2022 Las 35 horas semanales<\/p>\n\n\n\n<p>\u2022 Complementos de bajas al 100%<\/p>\n\n\n\n<p>\u2022 Sustituciones desde el primer d\u00eda<\/p>\n\n\n\n<p>\u2022 Estabilidad en el empleo<\/p>\n\n\n\n<p>\u2022 Planes de Igualdad<\/p>\n\n\n\n<p>\u2022 Mejoras en materia de conciliaci\u00f3n<\/p>\n\n\n\n<figure class=\"wp-block-gallery has-nested-images columns-default is-cropped wp-block-gallery-1 is-layout-flex wp-block-gallery-is-layout-flex\">\n<figure class=\"wp-block-image size-large\"><img loading=\"lazy\" decoding=\"async\" width=\"957\" height=\"1024\" data-id=\"62941\" src=\"https:\/\/www.lab.eus\/wp-content\/uploads\/2023\/10\/2023-10-30-Greba-Bizkaiko-EHS_1-957x1024.jpg\" alt=\"\" class=\"wp-image-62941\" srcset=\"https:\/\/www.lab.eus\/wp-content\/uploads\/2023\/10\/2023-10-30-Greba-Bizkaiko-EHS_1-957x1024.jpg 957w, https:\/\/www.lab.eus\/wp-content\/uploads\/2023\/10\/2023-10-30-Greba-Bizkaiko-EHS_1-280x300.jpg 280w, https:\/\/www.lab.eus\/wp-content\/uploads\/2023\/10\/2023-10-30-Greba-Bizkaiko-EHS_1-768x822.jpg 768w, https:\/\/www.lab.eus\/wp-content\/uploads\/2023\/10\/2023-10-30-Greba-Bizkaiko-EHS_1-1435x1536.jpg 1435w, https:\/\/www.lab.eus\/wp-content\/uploads\/2023\/10\/2023-10-30-Greba-Bizkaiko-EHS_1-150x161.jpg 150w, https:\/\/www.lab.eus\/wp-content\/uploads\/2023\/10\/2023-10-30-Greba-Bizkaiko-EHS_1-300x321.jpg 300w, https:\/\/www.lab.eus\/wp-content\/uploads\/2023\/10\/2023-10-30-Greba-Bizkaiko-EHS_1-696x745.jpg 696w, https:\/\/www.lab.eus\/wp-content\/uploads\/2023\/10\/2023-10-30-Greba-Bizkaiko-EHS_1-1068x1143.jpg 1068w, https:\/\/www.lab.eus\/wp-content\/uploads\/2023\/10\/2023-10-30-Greba-Bizkaiko-EHS_1.jpg 1449w\" sizes=\"auto, (max-width: 957px) 100vw, 957px\" \/><\/figure>\n\n\n\n<figure class=\"wp-block-image size-large\"><img loading=\"lazy\" decoding=\"async\" width=\"992\" height=\"1024\" data-id=\"62939\" src=\"https:\/\/www.lab.eus\/wp-content\/uploads\/2023\/10\/2023-10-30-Greba-Bizkaiko-EHS_2-992x1024.jpg\" alt=\"\" class=\"wp-image-62939\" srcset=\"https:\/\/www.lab.eus\/wp-content\/uploads\/2023\/10\/2023-10-30-Greba-Bizkaiko-EHS_2-992x1024.jpg 992w, https:\/\/www.lab.eus\/wp-content\/uploads\/2023\/10\/2023-10-30-Greba-Bizkaiko-EHS_2-291x300.jpg 291w, https:\/\/www.lab.eus\/wp-content\/uploads\/2023\/10\/2023-10-30-Greba-Bizkaiko-EHS_2-768x793.jpg 768w, https:\/\/www.lab.eus\/wp-content\/uploads\/2023\/10\/2023-10-30-Greba-Bizkaiko-EHS_2-150x155.jpg 150w, https:\/\/www.lab.eus\/wp-content\/uploads\/2023\/10\/2023-10-30-Greba-Bizkaiko-EHS_2-300x310.jpg 300w, https:\/\/www.lab.eus\/wp-content\/uploads\/2023\/10\/2023-10-30-Greba-Bizkaiko-EHS_2-696x718.jpg 696w, https:\/\/www.lab.eus\/wp-content\/uploads\/2023\/10\/2023-10-30-Greba-Bizkaiko-EHS_2.jpg 1022w\" sizes=\"auto, (max-width: 992px) 100vw, 992px\" \/><\/figure>\n\n\n\n<figure class=\"wp-block-image size-large\"><img loading=\"lazy\" decoding=\"async\" width=\"698\" height=\"686\" data-id=\"62935\" src=\"https:\/\/www.lab.eus\/wp-content\/uploads\/2023\/10\/2023-10-30-Greba-Bizkaiko-EHS_4.jpg\" alt=\"\" class=\"wp-image-62935\" srcset=\"https:\/\/www.lab.eus\/wp-content\/uploads\/2023\/10\/2023-10-30-Greba-Bizkaiko-EHS_4.jpg 698w, https:\/\/www.lab.eus\/wp-content\/uploads\/2023\/10\/2023-10-30-Greba-Bizkaiko-EHS_4-300x295.jpg 300w, https:\/\/www.lab.eus\/wp-content\/uploads\/2023\/10\/2023-10-30-Greba-Bizkaiko-EHS_4-150x147.jpg 150w, https:\/\/www.lab.eus\/wp-content\/uploads\/2023\/10\/2023-10-30-Greba-Bizkaiko-EHS_4-696x684.jpg 696w\" sizes=\"auto, (max-width: 698px) 100vw, 698px\" \/><\/figure>\n\n\n\n<figure class=\"wp-block-image size-large\"><img loading=\"lazy\" decoding=\"async\" width=\"995\" height=\"769\" data-id=\"62933\" src=\"https:\/\/www.lab.eus\/wp-content\/uploads\/2023\/10\/2023-10-30-Greba-Bizkaiko-EHS_5.jpg\" alt=\"\" class=\"wp-image-62933\" srcset=\"https:\/\/www.lab.eus\/wp-content\/uploads\/2023\/10\/2023-10-30-Greba-Bizkaiko-EHS_5.jpg 995w, https:\/\/www.lab.eus\/wp-content\/uploads\/2023\/10\/2023-10-30-Greba-Bizkaiko-EHS_5-300x232.jpg 300w, https:\/\/www.lab.eus\/wp-content\/uploads\/2023\/10\/2023-10-30-Greba-Bizkaiko-EHS_5-768x594.jpg 768w, https:\/\/www.lab.eus\/wp-content\/uploads\/2023\/10\/2023-10-30-Greba-Bizkaiko-EHS_5-150x116.jpg 150w, https:\/\/www.lab.eus\/wp-content\/uploads\/2023\/10\/2023-10-30-Greba-Bizkaiko-EHS_5-696x538.jpg 696w\" sizes=\"auto, (max-width: 995px) 100vw, 995px\" \/><\/figure>\n<\/figure>\n","protected":false},"excerpt":{"rendered":"<p>Las dos jornada de huelga convocadas para hoy y ma\u00f1ana en el sector de la intervenci\u00f3n social de Bizkaia responden al bloqueo en la mesa de negociaci\u00f3n. En la misma, las patronales Gizardatz y Geroan apuestan por el empobrecimiento de las condiciones de trabajo y ahondan en la falta de medidas que garanticen la seguiridad en el trabajo.<\/p>\n","protected":false},"author":1191,"featured_media":62937,"comment_status":"closed","ping_status":"closed","sticky":false,"template":"","format":"standard","meta":{"_monsterinsights_skip_tracking":false,"_monsterinsights_sitenote_active":false,"_monsterinsights_sitenote_note":"","_monsterinsights_sitenote_category":0,"footnotes":"","_links_to":"","_links_to_target":""},"categories":[18,2867,3000,6],"tags":[3033,3178,3066,3681,3217,3171],"class_list":{"0":"post-62943","1":"post","2":"type-post","3":"status-publish","4":"format-standard","5":"has-post-thumbnail","7":"category-es-accion-sindical","8":"category-federaciones","9":"category-servicio-sociocomunitario","10":"category-es-servicios-publicos","11":"tag-accion-sindical-es","12":"tag-destacado-1","13":"tag-federaciones-es","14":"tag-intervencion-social-de-bizkaia","15":"tag-servicios-sociocomunitarios","16":"tag-servicios-publicos-es"},"_links":{"self":[{"href":"https:\/\/www.lab.eus\/es\/wp-json\/wp\/v2\/posts\/62943","targetHints":{"allow":["GET"]}}],"collection":[{"href":"https:\/\/www.lab.eus\/es\/wp-json\/wp\/v2\/posts"}],"about":[{"href":"https:\/\/www.lab.eus\/es\/wp-json\/wp\/v2\/types\/post"}],"author":[{"embeddable":true,"href":"https:\/\/www.lab.eus\/es\/wp-json\/wp\/v2\/users\/1191"}],"replies":[{"embeddable":true,"href":"https:\/\/www.lab.eus\/es\/wp-json\/wp\/v2\/comments?post=62943"}],"version-history":[{"count":0,"href":"https:\/\/www.lab.eus\/es\/wp-json\/wp\/v2\/posts\/62943\/revisions"}],"wp:featuredmedia":[{"embeddable":true,"href":"https:\/\/www.lab.eus\/es\/wp-json\/wp\/v2\/media\/62937"}],"wp:attachment":[{"href":"https:\/\/www.lab.eus\/es\/wp-json\/wp\/v2\/media?parent=62943"}],"wp:term":[{"taxonomy":"category","embeddable":true,"href":"https:\/\/www.lab.eus\/es\/wp-json\/wp\/v2\/categories?post=62943"},{"taxonomy":"post_tag","embeddable":true,"href":"https:\/\/www.lab.eus\/es\/wp-json\/wp\/v2\/tags?post=62943"}],"curies":[{"name":"wp","href":"https:\/\/api.w.org\/{rel}","templated":true}]}}