{"id":62911,"date":"2023-10-30T09:06:42","date_gmt":"2023-10-30T09:06:42","guid":{"rendered":"https:\/\/www.lab.eus\/?p=62911"},"modified":"2023-10-30T09:06:44","modified_gmt":"2023-10-30T09:06:44","slug":"trabajadores-y-trabajadoras-de-la-administracion-local-y-foral-se-movilizaran-para-denunciar-los-ataques-contra-el-euskara","status":"publish","type":"post","link":"https:\/\/www.lab.eus\/es\/trabajadores-y-trabajadoras-de-la-administracion-local-y-foral-se-movilizaran-para-denunciar-los-ataques-contra-el-euskara\/","title":{"rendered":"Trabajadores y trabajadoras de la administraci\u00f3n local y foral se movilizar\u00e1n para denunciar los ataques contra el euskara"},"content":{"rendered":"\n<p>Llamar\u00e1n a participar en la manifestaci\u00f3n convocada el 4 de noviembre en Bilbo por Euskalgintzaren Kontseilua para condenar la agresi\u00f3n judicial y avanzar en la normalizaci\u00f3n ling\u00fc\u00edstica.<\/p>\n\n\n\n<p><a><\/a>La Sala de lo Contencioso-Administrativo delTribunal Superior de Justicia de la CAV ha dictado recientemente una resoluci\u00f3n en contra del Decreto 179\/2019 sobre normalizaci\u00f3n del uso institucional y administrativo de las lenguas oficiales en las entidades locales de Araba, Bizkaia y Gipuzkoa. La presente Resoluci\u00f3n anula varios art\u00edculos del Decreto de desarrollo de la Ley Municipal de 2016.<\/p>\n\n\n\n<p><a><\/a>LAB considera que se trata de una agresi\u00f3n continuada muy grave que afecta especialmente a los y las trabajadoras de la administraci\u00f3n local, por lo que hace falta reforzar la manifestaci\u00f3n del 4 de noviembre.<\/p>\n\n\n\n<p><a><\/a>El personal de la administraci\u00f3n municipal y foral ha sufrido numerosas agresiones por parte de los jueces. No se garanlatiza a las y los trabajadores el derecho a trabajar en euskera. Se vulnera el derecho a la ciudadan\u00eda en general a recibir el servicio p\u00fablico en euskera.<\/p>\n\n\n\n<p><a><\/a>Los trabajadores y trabajadoras de ayuntamientos y diputaciones est\u00e1n sufriendo de lleno los ataques judiciales contra el uso del euskera, entre los que destacan las resoluciones judiciales que se oponen al establecimiento de perfiles ling\u00fc\u00edsticos.<\/p>\n\n\n\n<p><a><\/a>Por todo ello, LAB ha promovido movilizaciones en diversos ayuntamientos y entidades forales que han sufrido este ataque generalizado en los \u00faltimos a\u00f1os: Uliazpi y Diputaci\u00f3n Foral de Gipuzkoa (31 de octubre, junto a ELA), Ayuntamiento de Laudio (2 de noviembre), Ayuntamiento de Barakaldo (2 de noviembre, junto a ELA) e Iru\u00f1ea (3 de noviembre), frente al Departamento de Educaci\u00f3n.<\/p>\n\n\n\n<p><a><\/a>El s\u00e1bado 4 de noviembre a las 17:00 horas partir\u00e1 desde el Palacio Euskalduna de Bilbao la manifestaci\u00f3n convocada por Euskalgintzaren Konsteilua, cuyo lema principal ser\u00e1 <em>Oldarraldiaren aurrean, euskararekin bat, euskaraz bat <\/em>(Frente a los ataques, uni\u00f3n con y a favor del euskera). Los trabajadores y las trabajadoras de la administraci\u00f3n municipal y foral estar\u00e1n presentes en la cita.<\/p>\n","protected":false},"excerpt":{"rendered":"<p>Llamar\u00e1n a participar en la manifestaci\u00f3n convocada el 4 de noviembre en Bilbo por Euskalgintzaren Kontseilua para condenar la agresi\u00f3n judicial y avanzar en la normalizaci\u00f3n ling\u00fc\u00edstica.<\/p>\n","protected":false},"author":1191,"featured_media":57951,"comment_status":"closed","ping_status":"closed","sticky":false,"template":"","format":"standard","meta":{"_monsterinsights_skip_tracking":false,"_monsterinsights_sitenote_active":false,"_monsterinsights_sitenote_note":"","_monsterinsights_sitenote_category":0,"footnotes":"","_links_to":"","_links_to_target":""},"categories":[18,3108,2867,3280,2973,6],"tags":[3033,3450,3178,3192,3066,3751,3171],"class_list":{"0":"post-62911","1":"post","2":"type-post","3":"status-publish","4":"format-standard","5":"has-post-thumbnail","7":"category-es-accion-sindical","8":"category-administracion-municipal-y-foral","9":"category-federaciones","10":"category-secretaria-de-euskara","11":"category-secretarias","12":"category-es-servicios-publicos","13":"tag-accion-sindical-es","14":"tag-administracion-local-y-foral","15":"tag-destacado-1","16":"tag-euskara-es","17":"tag-federaciones-es","18":"tag-secretaria-de-euskara","19":"tag-servicios-publicos-es"},"_links":{"self":[{"href":"https:\/\/www.lab.eus\/es\/wp-json\/wp\/v2\/posts\/62911","targetHints":{"allow":["GET"]}}],"collection":[{"href":"https:\/\/www.lab.eus\/es\/wp-json\/wp\/v2\/posts"}],"about":[{"href":"https:\/\/www.lab.eus\/es\/wp-json\/wp\/v2\/types\/post"}],"author":[{"embeddable":true,"href":"https:\/\/www.lab.eus\/es\/wp-json\/wp\/v2\/users\/1191"}],"replies":[{"embeddable":true,"href":"https:\/\/www.lab.eus\/es\/wp-json\/wp\/v2\/comments?post=62911"}],"version-history":[{"count":0,"href":"https:\/\/www.lab.eus\/es\/wp-json\/wp\/v2\/posts\/62911\/revisions"}],"wp:featuredmedia":[{"embeddable":true,"href":"https:\/\/www.lab.eus\/es\/wp-json\/wp\/v2\/media\/57951"}],"wp:attachment":[{"href":"https:\/\/www.lab.eus\/es\/wp-json\/wp\/v2\/media?parent=62911"}],"wp:term":[{"taxonomy":"category","embeddable":true,"href":"https:\/\/www.lab.eus\/es\/wp-json\/wp\/v2\/categories?post=62911"},{"taxonomy":"post_tag","embeddable":true,"href":"https:\/\/www.lab.eus\/es\/wp-json\/wp\/v2\/tags?post=62911"}],"curies":[{"name":"wp","href":"https:\/\/api.w.org\/{rel}","templated":true}]}}