{"id":62858,"date":"2023-10-27T08:53:44","date_gmt":"2023-10-27T08:53:44","guid":{"rendered":"https:\/\/www.lab.eus\/?p=62858"},"modified":"2023-10-27T08:53:45","modified_gmt":"2023-10-27T08:53:45","slug":"seguimiento-total-una-vez-mas-de-las-jornadas-de-huelga-convocadas-en-mecaner-esta-semana","status":"publish","type":"post","link":"https:\/\/www.lab.eus\/es\/seguimiento-total-una-vez-mas-de-las-jornadas-de-huelga-convocadas-en-mecaner-esta-semana\/","title":{"rendered":"Seguimiento total una vez m\u00e1s de las jornadas de huelga convocadas en Mecaner esta semana"},"content":{"rendered":"\n<p>Los paros de los d\u00edas 25 y 26 de octubre han contado con el apoyo de toda la plantilla y los representantes de los operarios y operarias han acudido al Parlamento de Gasteiz, donde han mantenido una ronda de contactos con los partidos y les han pedido que asuman compromisos concretos.<\/p>\n\n\n\n<p>Nada m\u00e1s comenzar el presente curso, la multinacional Stellantis anunci\u00f3 su intenci\u00f3n de cerrar la hist\u00f3rica planta de Mecaner en Urduliz. Desde entonces los trabajadores y las trabajadoras han llevado a cabo 6 jornadas de huelga, todas ellas con un seguimiento total. La plantilla ha salido a la calle entre el mi\u00e9rcoles y el jueves, y se han acercado al Parlamento de Gasteiz, donde adem\u00e1s de llevar a cabo una concentraci\u00f3n, se han reunido con todos los partidos con representaci\u00f3n parlamentaria, excepto VOX.<\/p>\n\n\n\n<p>Cabe destacar que la decisi\u00f3n de la empresa se enmarca dentro de un plan estrat\u00e9gico, ya que el objetivo de realizar un proceso de deslocalizaci\u00f3n y cerrar la planta de Urduliz es claro: aumentar los m\u00e1rgenes de beneficio y reducir costes.<\/p>\n\n\n\n<p>Sin embargo, Mecaner es una empresa viable y competitiva. En el \u00faltimo a\u00f1o, Mecaner ha ganado 606.000 euros y m\u00e1s de 16.000 millones el grupo Stellantis.<\/p>\n\n\n\n<p>Por tanto, el cierre no estar\u00eda justificado y las consecuencias negativas que acarrear\u00eda son enormes, tanto laborales como sociales, ya que supondr\u00eda la destrucci\u00f3n de empleo directo e indirecto.<\/p>\n\n\n\n<p>El grupo Stellantis quiere hacer un ERE y abandonar la planta de Urduliz. Por ello, los gobiernos deben asegurarse de que devolver\u00e1 las subvenciones p\u00fablicas que haya recibido.<\/p>\n\n\n\n<p>Vista la desidia y la infamia de la empresa, los trabajadores y las trabajadoras de Mecaner vamos a elaborar con la ayuda de expertos externos un informe, un plan de viabilidad, que aporte una alternativa ante el posible cierre de la planta, siempre desde el punto de vista ecosocialista.<\/p>\n\n\n\n<p>Por ello, hemos solicitado tambi\u00e9n colaboraci\u00f3n y apoyo para la alternativa recogida en dicho informe. Seguiremos saliendo a la calle, promoviendo la solidaridad, construyendo alternativas y sobre todo, luchando por el presente y el futuro.<\/p>\n","protected":false},"excerpt":{"rendered":"<p>Los paros de los d\u00edas 25 y 26 de octubre han contado con el apoyo de toda la plantilla y los representantes de los operarios y operarias han acudido al Parlamento de Gasteiz, donde han mantenido una ronda de contactos con los partidos y les han pedido que asuman compromisos concretos.<\/p>\n","protected":false},"author":1191,"featured_media":62856,"comment_status":"closed","ping_status":"closed","sticky":false,"template":"","format":"standard","meta":{"_monsterinsights_skip_tracking":false,"_monsterinsights_sitenote_active":false,"_monsterinsights_sitenote_note":"","_monsterinsights_sitenote_category":0,"footnotes":"","_links_to":"","_links_to_target":""},"categories":[18,2867,2868,3283],"tags":[3033,3178,3066,2996],"class_list":{"0":"post-62858","1":"post","2":"type-post","3":"status-publish","4":"format-standard","5":"has-post-thumbnail","7":"category-es-accion-sindical","8":"category-federaciones","9":"category-industria-es","10":"category-sin-categorizar","11":"tag-accion-sindical-es","12":"tag-destacado-1","13":"tag-federaciones-es","14":"tag-industria-es"},"_links":{"self":[{"href":"https:\/\/www.lab.eus\/es\/wp-json\/wp\/v2\/posts\/62858","targetHints":{"allow":["GET"]}}],"collection":[{"href":"https:\/\/www.lab.eus\/es\/wp-json\/wp\/v2\/posts"}],"about":[{"href":"https:\/\/www.lab.eus\/es\/wp-json\/wp\/v2\/types\/post"}],"author":[{"embeddable":true,"href":"https:\/\/www.lab.eus\/es\/wp-json\/wp\/v2\/users\/1191"}],"replies":[{"embeddable":true,"href":"https:\/\/www.lab.eus\/es\/wp-json\/wp\/v2\/comments?post=62858"}],"version-history":[{"count":0,"href":"https:\/\/www.lab.eus\/es\/wp-json\/wp\/v2\/posts\/62858\/revisions"}],"wp:featuredmedia":[{"embeddable":true,"href":"https:\/\/www.lab.eus\/es\/wp-json\/wp\/v2\/media\/62856"}],"wp:attachment":[{"href":"https:\/\/www.lab.eus\/es\/wp-json\/wp\/v2\/media?parent=62858"}],"wp:term":[{"taxonomy":"category","embeddable":true,"href":"https:\/\/www.lab.eus\/es\/wp-json\/wp\/v2\/categories?post=62858"},{"taxonomy":"post_tag","embeddable":true,"href":"https:\/\/www.lab.eus\/es\/wp-json\/wp\/v2\/tags?post=62858"}],"curies":[{"name":"wp","href":"https:\/\/api.w.org\/{rel}","templated":true}]}}