{"id":62852,"date":"2023-10-27T08:11:36","date_gmt":"2023-10-27T08:11:36","guid":{"rendered":"https:\/\/www.lab.eus\/?p=62852"},"modified":"2023-10-27T08:11:38","modified_gmt":"2023-10-27T08:11:38","slug":"caf-no-abona-la-antiguedad-al-personal-titulado","status":"publish","type":"post","link":"https:\/\/www.lab.eus\/es\/caf-no-abona-la-antiguedad-al-personal-titulado\/","title":{"rendered":"CAF no abona la antig\u00fcedad al personal titulado"},"content":{"rendered":"\n<p>Tanto el art\u00edculo 23 del convenio del metal de Gipuzkoa como el 10.3 del propio convenio de CAF recogen el abono de antig\u00fcedad por quinquenios acumulados que se deber\u00eda aplicar a los y las trabajadoras de CAF.<\/p>\n\n\n\n<p>Sin embargo y de manera totalmente arbitraria, CAF no abona ning\u00fan concepto de antig\u00fcedad a las m\u00e1s de 1.000 personas con titulaciones universitarias que trabajan en las plantas de Beasain e Irun.<\/p>\n\n\n\n<p>Desde LAB venimos reclamando desde hace a\u00f1os este abono por diferentes canales y ha sido una constante reivindicaci\u00f3n tambi\u00e9n en la negociaci\u00f3n de los convenios colectivos. Pero la direcci\u00f3n siempre ha hecho caso omiso a esta reivindicaci\u00f3n, impulsando con ello aun m\u00e1s la diferencia entre colectivos.<\/p>\n\n\n\n<p>Es destacable tambi\u00e9n que la Empresa sigue neg\u00e1ndose a compensar de ninguna manera las horas extra realizadas por este mismo personal. Dicho tema ya ha sido denunciado por LAB, que sigue esperando el pronunciamiento de la Inspecci\u00f3n de Trabajo.<\/p>\n\n\n\n<p>Finalmente, y a propuesta de LAB, el Comit\u00e9 de Empresa de CAF Beasain interpuso una demanda colectiva contra la propia empresa para exigir el abono correspondiente por la antig\u00fcedad acumulada en cada caso y para todas las personas trabajadoras de CAF sin excepci\u00f3n.<\/p>\n\n\n\n<p>Este juicio se celebrar\u00e1 el pr\u00f3ximo martes d\u00eda 31 de octubre en los juzgados de Donostia y solo cabe esperar que un juzgado d\u00e9 la raz\u00f3n a la representaci\u00f3n de los y las trabajadoras, obligando as\u00ed al abono del concepto de antig\u00fcedad a todos y todas las trabajadoras de CAF sin distinciones.<\/p>\n\n\n\n<p>De nuevo, como en otros casos, la actitud vergonzosa de la direcci\u00f3n ha hecho aflorar un desajuste que podr\u00eda haberse solucionado en la propia CAF y que finalmente ha tenido que acabar en el juzgado.<\/p>\n","protected":false},"excerpt":{"rendered":"<p>Tanto el art\u00edculo 23 del convenio del metal de Gipuzkoa como el 10.3 del propio convenio de CAF recogen el abono de antig\u00fcedad por quinquenios acumulados que se deber\u00eda aplicar a los y las trabajadoras de CAF.<\/p>\n","protected":false},"author":1191,"featured_media":21192,"comment_status":"closed","ping_status":"closed","sticky":false,"template":"","format":"standard","meta":{"_monsterinsights_skip_tracking":false,"_monsterinsights_sitenote_active":false,"_monsterinsights_sitenote_note":"","_monsterinsights_sitenote_category":0,"footnotes":"","_links_to":"","_links_to_target":""},"categories":[18,2867,2868],"tags":[3033,3178,3066,2996],"class_list":{"0":"post-62852","1":"post","2":"type-post","3":"status-publish","4":"format-standard","5":"has-post-thumbnail","7":"category-es-accion-sindical","8":"category-federaciones","9":"category-industria-es","10":"tag-accion-sindical-es","11":"tag-destacado-1","12":"tag-federaciones-es","13":"tag-industria-es"},"_links":{"self":[{"href":"https:\/\/www.lab.eus\/es\/wp-json\/wp\/v2\/posts\/62852","targetHints":{"allow":["GET"]}}],"collection":[{"href":"https:\/\/www.lab.eus\/es\/wp-json\/wp\/v2\/posts"}],"about":[{"href":"https:\/\/www.lab.eus\/es\/wp-json\/wp\/v2\/types\/post"}],"author":[{"embeddable":true,"href":"https:\/\/www.lab.eus\/es\/wp-json\/wp\/v2\/users\/1191"}],"replies":[{"embeddable":true,"href":"https:\/\/www.lab.eus\/es\/wp-json\/wp\/v2\/comments?post=62852"}],"version-history":[{"count":0,"href":"https:\/\/www.lab.eus\/es\/wp-json\/wp\/v2\/posts\/62852\/revisions"}],"wp:featuredmedia":[{"embeddable":true,"href":"https:\/\/www.lab.eus\/es\/wp-json\/wp\/v2\/media\/21192"}],"wp:attachment":[{"href":"https:\/\/www.lab.eus\/es\/wp-json\/wp\/v2\/media?parent=62852"}],"wp:term":[{"taxonomy":"category","embeddable":true,"href":"https:\/\/www.lab.eus\/es\/wp-json\/wp\/v2\/categories?post=62852"},{"taxonomy":"post_tag","embeddable":true,"href":"https:\/\/www.lab.eus\/es\/wp-json\/wp\/v2\/tags?post=62852"}],"curies":[{"name":"wp","href":"https:\/\/api.w.org\/{rel}","templated":true}]}}