{"id":62845,"date":"2023-10-26T12:04:49","date_gmt":"2023-10-26T12:04:49","guid":{"rendered":"https:\/\/www.lab.eus\/?p=62845"},"modified":"2023-10-26T12:06:44","modified_gmt":"2023-10-26T12:06:44","slug":"participamos-en-la-contracumbre-de-los-movimientos-sociales-en-marrakech","status":"publish","type":"post","link":"https:\/\/www.lab.eus\/es\/participamos-en-la-contracumbre-de-los-movimientos-sociales-en-marrakech\/","title":{"rendered":"Hemos participado en la contracumbre de los movimientos sociales en Marrakech"},"content":{"rendered":"\n<p>Entre los d\u00edas 12 y 15 de octubre Alaitz Ajuriagerra y Amanda Verrone del Sindicato LAB participaron en la Contracumbre Mundial de los Movimientos Sociales en Marrakech. Encuentro que cont\u00f3 con la participaci\u00f3n de m\u00e1s de 60 organizaciones sociales, ecologistas, feministas, sindicatos, campesinos y pueblos ind\u00edgenas, en contra de la reuni\u00f3n anual del Banco Mundial (BM) y del Fondo Monetario Internacional (FMI), que concurr\u00eda en la misma ciudad.<\/p>\n\n\n\n<p><a><\/a> La Contracumbre inici\u00f3 con una manifestaci\u00f3n en la que se denunciaba las deudas ileg\u00edtimas y el colonialismo financiero practicado por el BM y el FMI desde su creaci\u00f3n en 1945. Tampoco faltaron los gestos de solidaridad con Palestina.<\/p>\n\n\n\n<p><a><\/a> Durante los siguientes d\u00edas se organizaron 4 conferencias en formato plenaria y m\u00e1s de 50 talleres, en los que se puso en jaque el paradigma capitalista de crecimiento econ\u00f3mico. Tuvimos la oportunidad de escuchar de primera mano la voz de los pa\u00edses del sur global, que tuvieron la oportunidad de reconocer y reivindicar la deuda colonial, ecol\u00f3gica y clim\u00e1tica generada desde el norte global.<\/p>\n\n\n\n<p><a><\/a> En todas las mesas redondas y talleres se hizo hincapi\u00e9 en la necesidad de fomentar las sinergias y la colaboraci\u00f3n entre todos los pa\u00edses. Reforzar los puentes entre el Norte y el Sur global para hacer frente a las pol\u00edticas de austeridad impuestas contra los pueblos del Norte y a las pol\u00edticas de ajustes estructurales en el Sur global, reflejando la urgencia de derribar juntos el actual sistema capitalista y construir otro nuevo.<\/p>\n\n\n\n<p><a><\/a> Los diversos talleres organizados al mismo tiempo tuvieron como eje el sistema financiero colonial, las pol\u00edticas neoliberales, la justicia fiscal, social y clim\u00e1tica. De tal manera que tuvimos la oportunidad de participar en unos pocos.<\/p>\n\n\n\n<p> Por ejemplo, participamos en el taller organizado para cuestionar las pol\u00edticas neoliberales de pr\u00e9stamo que est\u00e1n agravando la crisis clim\u00e1tica, en nombre de una falsa \u00abtransici\u00f3n verde\u00bb. El objetivo consisti\u00f3 en dise\u00f1ar conjuntamente pol\u00edticas y paradigmas socioecon\u00f3micos alternativos, protagonizados por las trabajadoras y centrados en la justicia social y la justicia clim\u00e1tica.<\/p>\n\n\n\n<figure class=\"wp-block-image size-large\"><img loading=\"lazy\" decoding=\"async\" width=\"1024\" height=\"473\" src=\"https:\/\/www.lab.eus\/wp-content\/uploads\/2023\/10\/marrakex2-1024x473.jpg\" alt=\"\" class=\"wp-image-62812\" srcset=\"https:\/\/www.lab.eus\/wp-content\/uploads\/2023\/10\/marrakex2-1024x473.jpg 1024w, https:\/\/www.lab.eus\/wp-content\/uploads\/2023\/10\/marrakex2-300x139.jpg 300w, https:\/\/www.lab.eus\/wp-content\/uploads\/2023\/10\/marrakex2-768x355.jpg 768w, https:\/\/www.lab.eus\/wp-content\/uploads\/2023\/10\/marrakex2-150x69.jpg 150w, https:\/\/www.lab.eus\/wp-content\/uploads\/2023\/10\/marrakex2-696x321.jpg 696w, https:\/\/www.lab.eus\/wp-content\/uploads\/2023\/10\/marrakex2-1068x493.jpg 1068w, https:\/\/www.lab.eus\/wp-content\/uploads\/2023\/10\/marrakex2.jpg 1280w\" sizes=\"auto, (max-width: 1024px) 100vw, 1024px\" \/><\/figure>\n\n\n\n<p> En otro taller, sin embargo, tuvimos la oportunidad de compartir experiencias sobre la vinculaci\u00f3n entre la deuda p\u00fablica y las industrias extractivas de minerales y energ\u00eda. Escuchamos sobre todo por parte de mujeres de diferentes pa\u00edses africanos cu\u00e1les est\u00e1n siendo los impactos sociales, ecol\u00f3gicos y econ\u00f3micos de estas industrias y cu\u00e1les son las exigencias concretas que reivindican: cancelar la deuda, reparar los da\u00f1os causados (sociales, medioambientales, econ\u00f3micos&#8230;), garantizar la justicia social para la poblaci\u00f3n actual y futura.<\/p>\n\n\n\n<figure class=\"wp-block-image size-large\"><img loading=\"lazy\" decoding=\"async\" width=\"1024\" height=\"392\" src=\"https:\/\/www.lab.eus\/wp-content\/uploads\/2023\/10\/marrakex3-1024x392.jpg\" alt=\"\" class=\"wp-image-62814\" srcset=\"https:\/\/www.lab.eus\/wp-content\/uploads\/2023\/10\/marrakex3-1024x392.jpg 1024w, https:\/\/www.lab.eus\/wp-content\/uploads\/2023\/10\/marrakex3-300x115.jpg 300w, https:\/\/www.lab.eus\/wp-content\/uploads\/2023\/10\/marrakex3-768x294.jpg 768w, https:\/\/www.lab.eus\/wp-content\/uploads\/2023\/10\/marrakex3-150x57.jpg 150w, https:\/\/www.lab.eus\/wp-content\/uploads\/2023\/10\/marrakex3-696x267.jpg 696w, https:\/\/www.lab.eus\/wp-content\/uploads\/2023\/10\/marrakex3-1068x409.jpg 1068w, https:\/\/www.lab.eus\/wp-content\/uploads\/2023\/10\/marrakex3.jpg 1277w\" sizes=\"auto, (max-width: 1024px) 100vw, 1024px\" \/><\/figure>\n\n\n\n<p><a><\/a> Tambi\u00e9n queremos compartir aqu\u00ed los titulares de las mesas redondas centrales para reflexionar:<\/p>\n\n\n\n<p><a><\/a> <em><strong>Rachel Keke (Costa de Marfil, sindicalista y diputada de la Asamblea Nacional francesa):<\/strong><\/em><\/p>\n\n\n\n<p>La cuesti\u00f3n de la deuda es estructural y muy funcional para hacer reformas en cada crisis del capital.<\/p>\n\n\n\n<p>Retomando las palabras de Thomas Sankara, la deuda es el brazo armado del imperialismo. Si no pagamos la deuda, ellos no morir\u00e1n. Pero si pagamos la deuda, morimos nosotros. Nuestras vidas valen m\u00e1s que la deuda.<\/p>\n\n\n\n<p><a><\/a> <em><strong>Fadhel Kaboub (Profesor de Oriente Medio):<\/strong><\/em><\/p>\n\n\n\n<p>No podemos descarbonizar y\/o democratizar un sistema si a\u00fan no lo han descolonizado.<\/p>\n\n\n\n<p>Ante esta crisis compleja y m\u00faltiple que vivimos no hay un discurso social conjunto.<\/p>\n\n\n\n<p>Necesitamos un cambio radical del sistema financiero mundial.<\/p>\n\n\n\n<p><a><\/a> <em><strong>Lidy Nacpil (<\/strong><\/em><em><strong>F<\/strong><\/em><em><strong>ilipina y miembro de Asian People &#8216;s Movement on Debt and Development):<\/strong><\/em><\/p>\n\n\n\n<p>Hay que fomentar la colaboraci\u00f3n y las alianzas para un cambio de paradigma. Tenemos que trabajar m\u00e1s r\u00e1pido y m\u00e1s fuerte para derribar este sistema y construir otro, antes de que sea tarde. Porque el aumento de las temperaturas provocado por el cambio clim\u00e1tico nos impedir\u00e1 vivir en este planeta.<\/p>\n\n\n\n<p><a><\/a> <em><strong>Hamza Hamouchene (de Argelia y miembro del Transnational Institute):<\/strong><\/em><\/p>\n\n\n\n<p>La vida de personas americanas y occidentales no se est\u00e1 poniendo en duda y deber\u00eda estar en el centro.<\/p>\n\n\n\n<p><a><\/a> <em><strong>F\u00e1tima Ouassak (escritora del Rif y miembro del Front de M\u00e8res):<\/strong><\/em><\/p>\n\n\n\n<p>La reparaci\u00f3n desde Europa debe ser ecologista y anticolonial. En la actualidad el movimiento ecologista europeo no est\u00e1 a la altura de las circunstancias. A la hora de proponer soluciones, no llegan al sur, solo plantean alternativas para el norte.<\/p>\n\n\n\n<p>En cuanto a la reparaci\u00f3n y compensaci\u00f3n, debemos integrar a los \u00abmigrantes ecol\u00f3gicos\u00bb en las reivindicaciones y\/o exigencias: la libertad de movimiento y circulaci\u00f3n por las consecuencias del cambio clim\u00e1tico como derecho fundamental.<\/p>\n\n\n\n<p><a><\/a> Para el reparto de la riqueza <em><strong>ATTAC Europa<\/strong><\/em> plante\u00f3 una propuesta de aplicaci\u00f3n de 3 impuestos:<\/p>\n\n\n\n<p>\u2022 Impuesto de transacciones financieras;<\/p>\n\n\n\n<p>\u2022 Impuesto global sobre la riqueza;<\/p>\n\n\n\n<p>\u2022 Impuesto real sobre corporaciones internacionales.<\/p>\n\n\n<div class=\"wp-block-image\">\n<figure class=\"aligncenter size-full\"><img loading=\"lazy\" decoding=\"async\" width=\"437\" height=\"532\" src=\"https:\/\/www.lab.eus\/wp-content\/uploads\/2023\/10\/marrakex-azkena.jpg\" alt=\"\" class=\"wp-image-62816\" srcset=\"https:\/\/www.lab.eus\/wp-content\/uploads\/2023\/10\/marrakex-azkena.jpg 437w, https:\/\/www.lab.eus\/wp-content\/uploads\/2023\/10\/marrakex-azkena-246x300.jpg 246w, https:\/\/www.lab.eus\/wp-content\/uploads\/2023\/10\/marrakex-azkena-150x183.jpg 150w, https:\/\/www.lab.eus\/wp-content\/uploads\/2023\/10\/marrakex-azkena-300x365.jpg 300w\" sizes=\"auto, (max-width: 437px) 100vw, 437px\" \/><\/figure><\/div>\n\n\n<p>Participar en la Contracumbre en Marrakech nos posibilit\u00f3 aprendizajes interculturales valiosos para seguir reiterando que el endeudamiento &#8211; que no es solo financiero, como tambi\u00e9n clim\u00e1tico &#8211; es una problem\u00e1tica estructural del capitalismo. Un mecanismo que genera saqueo medioambiental, escaladas b\u00e9licas, violencias contra las mujeres, empobrecimiento de las trabajadoras, privatizaci\u00f3n de los servicios esenciales, recortes de los derechos sociales y persecuci\u00f3n de la soberan\u00eda de los pueblos.<\/p>\n\n\n\n<p><a><\/a> Son muchos los retos que tenemos para construir la transici\u00f3n ecosocial que queremos en Euskal Herria. Para ello, el papel del sindicalismo de clase, soberan\u00eda y contra-poder es central, para aglutinar fuerzas y unir las banderas de las luchas, consolidando el protagonismo de las personas trabajadoras en todos los rincones del mundo. En este camino, desde LAB afirmamos nuestra responsabilidad como pueblo para que no se repita el modelo actual; y queremos dar paso a las reivindicaciones y exigencias recogidas en la contracumbre.<\/p>\n\n\n\n<p>Enlace para leer: <strong>Declaraci\u00f3n de Marrakech<\/strong><strong>:<\/strong><strong> 79 a\u00f1os de explotaci\u00f3n y destrucci\u00f3n neocolonial por parte del BM y del FMI, \u00a1basta ya!<\/strong><\/p>\n\n\n\n<figure class=\"wp-block-embed is-type-wp-embed is-provider-counter-summit wp-block-embed-counter-summit\"><div class=\"wp-block-embed__wrapper\">\n<blockquote class=\"wp-embedded-content\" data-secret=\"X0fMHwPzYS\"><a href=\"https:\/\/www.countersummitimfwbmarrakech.org\/es\/declaracion-de-marrakech-79-anos-de-explotacion-y-destruccion-neocolonial-por-parte-del-bm-y-del-fmi-basta-ya\/\">Declaraci\u00f3n de Marrakech 79 a\u00f1os de explotaci\u00f3n y destrucci\u00f3n neocolonial por parte del BM y del FMI, \u00a1basta ya!<\/a><\/blockquote><iframe loading=\"lazy\" class=\"wp-embedded-content\" sandbox=\"allow-scripts\" security=\"restricted\" style=\"position: absolute; clip: rect(1px, 1px, 1px, 1px);\" title=\"\u00ab\u00a0Declaraci\u00f3n de Marrakech 79 a\u00f1os de explotaci\u00f3n y destrucci\u00f3n neocolonial por parte del BM y del FMI, \u00a1basta ya!\u00a0\u00bb &#8212; Counter Summit\" src=\"https:\/\/www.countersummitimfwbmarrakech.org\/es\/declaracion-de-marrakech-79-anos-de-explotacion-y-destruccion-neocolonial-por-parte-del-bm-y-del-fmi-basta-ya\/embed\/#?secret=mFhwWqw8iP#?secret=X0fMHwPzYS\" data-secret=\"X0fMHwPzYS\" width=\"600\" height=\"338\" frameborder=\"0\" marginwidth=\"0\" marginheight=\"0\" scrolling=\"no\"><\/iframe>\n<\/div><\/figure>\n","protected":false},"excerpt":{"rendered":"<p>Entre los d\u00edas 12 y 15 de octubre Alaitz Ajuriagerra y Amanda Verrone del Sindicato LAB participaron en la Contracumbre Mundial de los Movimientos Sociales en Marrakech. Encuentro que cont\u00f3 con la participaci\u00f3n de m\u00e1s de 60 organizaciones sociales, ecologistas, feministas, sindicatos, campesinos y pueblos ind\u00edgenas, en contra de la reuni\u00f3n anual del Banco Mundial (BM) y del Fondo Monetario Internacional (FMI), que concurr\u00eda en la misma ciudad.<\/p>\n","protected":false},"author":1191,"featured_media":62811,"comment_status":"closed","ping_status":"closed","sticky":false,"template":"","format":"standard","meta":{"_monsterinsights_skip_tracking":false,"_monsterinsights_sitenote_active":false,"_monsterinsights_sitenote_note":"","_monsterinsights_sitenote_category":0,"footnotes":"","_links_to":"","_links_to_target":""},"categories":[2994,4,2973],"tags":[3182,3178],"class_list":{"0":"post-62845","1":"post","2":"type-post","3":"status-publish","4":"format-standard","5":"has-post-thumbnail","7":"category-accion-social","8":"category-es-internacional","9":"category-secretarias","10":"tag-accion-social-es","11":"tag-destacado-1"},"_links":{"self":[{"href":"https:\/\/www.lab.eus\/es\/wp-json\/wp\/v2\/posts\/62845","targetHints":{"allow":["GET"]}}],"collection":[{"href":"https:\/\/www.lab.eus\/es\/wp-json\/wp\/v2\/posts"}],"about":[{"href":"https:\/\/www.lab.eus\/es\/wp-json\/wp\/v2\/types\/post"}],"author":[{"embeddable":true,"href":"https:\/\/www.lab.eus\/es\/wp-json\/wp\/v2\/users\/1191"}],"replies":[{"embeddable":true,"href":"https:\/\/www.lab.eus\/es\/wp-json\/wp\/v2\/comments?post=62845"}],"version-history":[{"count":0,"href":"https:\/\/www.lab.eus\/es\/wp-json\/wp\/v2\/posts\/62845\/revisions"}],"wp:featuredmedia":[{"embeddable":true,"href":"https:\/\/www.lab.eus\/es\/wp-json\/wp\/v2\/media\/62811"}],"wp:attachment":[{"href":"https:\/\/www.lab.eus\/es\/wp-json\/wp\/v2\/media?parent=62845"}],"wp:term":[{"taxonomy":"category","embeddable":true,"href":"https:\/\/www.lab.eus\/es\/wp-json\/wp\/v2\/categories?post=62845"},{"taxonomy":"post_tag","embeddable":true,"href":"https:\/\/www.lab.eus\/es\/wp-json\/wp\/v2\/tags?post=62845"}],"curies":[{"name":"wp","href":"https:\/\/api.w.org\/{rel}","templated":true}]}}