{"id":62804,"date":"2023-10-26T09:46:41","date_gmt":"2023-10-26T09:46:41","guid":{"rendered":"https:\/\/www.lab.eus\/?p=62804"},"modified":"2023-10-26T09:46:47","modified_gmt":"2023-10-26T09:46:47","slug":"lab-paraliza-el-trafico-en-el-centro-de-irunea-para-exigir-el-desbloqueo-del-convenio-de-residencias-de-nafarroa","status":"publish","type":"post","link":"https:\/\/www.lab.eus\/es\/lab-paraliza-el-trafico-en-el-centro-de-irunea-para-exigir-el-desbloqueo-del-convenio-de-residencias-de-nafarroa\/","title":{"rendered":"LAB paraliza el tr\u00e1fico en el centro de Iru\u00f1ea para exigir el desbloqueo del convenio de residencias de Nafarroa"},"content":{"rendered":"\n<p>Unas 40 personas del sindicato LAB, la mayor\u00eda de ellas trabajadoras de residencias, han cortado hoy por la ma\u00f1ana la calle Conde Oliveto de Pamplona, para protestar por el bloqueo que sufre la negociaci\u00f3n del que tiene que ser el primer convenio sectorial de Nafarroa. Mediante esta acci\u00f3n, las trabajadoras han querido trasladar al Gobierno de Nafarroa y a la patronal el mensaje de que ya es hora de que se muevan y debloqueen la negociaci\u00f3n del convenio.<\/p>\n\n\n\n<p>Las trabajadoras han exigido que se reanude la negociaci\u00f3n que lleva paralizada desde hace meses, lo que demuestra una total falta de inter\u00e9s por parte de la patronal en que se dignifiquen las condiciones del sector. La par\u00e1lisis de la negociaci\u00f3n no es aceptable de ninguna manera y, por eso, LAB se ha movilizado junto a las trabajadoras del sector para que se desbloquee de una vez por todas<\/p>\n\n\n\n<p>Todo esto sigue en la l\u00ednea que ha llevado el sindicato LAB desde el comienzo de la negociaci\u00f3n, hace ya casi tres a\u00f1os, pero especialmente desde junio, cuando desde este sindicato se dio un golpe de efecto en la negociaci\u00f3n, consiguiendo que se reactivase; aunque bien es cierto que luego se volvieron a paralizar.<\/p>\n\n\n\n<p>El pasado jueves 20 de octubre LAB reuni\u00f3 a 65 personas en una concentraci\u00f3n frente al Palacio de Navarra, para exigir lo mismo que ha exigido hoy mediante el corte de la calle. LAB seguir\u00e1 moviliz\u00e1ndose las veces que haga falta hasta conseguir que el primer convenio de residencias de Nafarroa sea una realidad.<\/p>\n\n\n\n<p>Desde LAB se reivindican unas condiciones laborales dignas, en las que, por ejemplo, las bajas no se vinculen al absentismo, no se incluya ninguna cl\u00e1usula abusiva, no haya ninguna congelaci\u00f3n de ning\u00fan concepto, que tengan salarios y jornadas laborales dignas que permitan conciliar el trabajo, la vida y los cuidados, etc.<\/p>\n","protected":false},"excerpt":{"rendered":"<p>Unas 40 personas del sindicato LAB, la mayor\u00eda de ellas trabajadoras de residencias, han cortado hoy por la ma\u00f1ana la calle Conde Oliveto de Pamplona, para protestar por el bloqueo que sufre la negociaci\u00f3n del que tiene que ser el primer convenio sectorial de Nafarroa. Mediante esta acci\u00f3n, las trabajadoras han querido trasladar al Gobierno de Nafarroa y a la patronal el mensaje de que ya es hora de que se muevan y debloqueen la negociaci\u00f3n del convenio.<\/p>\n","protected":false},"author":1191,"featured_media":62802,"comment_status":"closed","ping_status":"closed","sticky":false,"template":"","format":"standard","meta":{"_monsterinsights_skip_tracking":false,"_monsterinsights_sitenote_active":false,"_monsterinsights_sitenote_note":"","_monsterinsights_sitenote_category":0,"footnotes":"","_links_to":"","_links_to_target":""},"categories":[18,2867,2961,8,6,3283],"tags":[3033,3178,3353,3172],"class_list":{"0":"post-62804","1":"post","2":"type-post","3":"status-publish","4":"format-standard","5":"has-post-thumbnail","7":"category-es-accion-sindical","8":"category-federaciones","9":"category-residencias-personas-mayores","10":"category-es-servicios-privados","11":"category-es-servicios-publicos","12":"category-sin-categorizar","13":"tag-accion-sindical-es","14":"tag-destacado-1","15":"tag-residencias-es","16":"tag-servicios-privados-es"},"_links":{"self":[{"href":"https:\/\/www.lab.eus\/es\/wp-json\/wp\/v2\/posts\/62804","targetHints":{"allow":["GET"]}}],"collection":[{"href":"https:\/\/www.lab.eus\/es\/wp-json\/wp\/v2\/posts"}],"about":[{"href":"https:\/\/www.lab.eus\/es\/wp-json\/wp\/v2\/types\/post"}],"author":[{"embeddable":true,"href":"https:\/\/www.lab.eus\/es\/wp-json\/wp\/v2\/users\/1191"}],"replies":[{"embeddable":true,"href":"https:\/\/www.lab.eus\/es\/wp-json\/wp\/v2\/comments?post=62804"}],"version-history":[{"count":0,"href":"https:\/\/www.lab.eus\/es\/wp-json\/wp\/v2\/posts\/62804\/revisions"}],"wp:featuredmedia":[{"embeddable":true,"href":"https:\/\/www.lab.eus\/es\/wp-json\/wp\/v2\/media\/62802"}],"wp:attachment":[{"href":"https:\/\/www.lab.eus\/es\/wp-json\/wp\/v2\/media?parent=62804"}],"wp:term":[{"taxonomy":"category","embeddable":true,"href":"https:\/\/www.lab.eus\/es\/wp-json\/wp\/v2\/categories?post=62804"},{"taxonomy":"post_tag","embeddable":true,"href":"https:\/\/www.lab.eus\/es\/wp-json\/wp\/v2\/tags?post=62804"}],"curies":[{"name":"wp","href":"https:\/\/api.w.org\/{rel}","templated":true}]}}