{"id":62651,"date":"2023-10-24T11:55:10","date_gmt":"2023-10-24T11:55:10","guid":{"rendered":"https:\/\/www.lab.eus\/?p=62651"},"modified":"2023-10-26T10:36:28","modified_gmt":"2023-10-26T10:36:28","slug":"hemos-publicado-una-guia-de-derechos-laborales-para-personas-trabajadoras-migradas-y-racializadas","status":"publish","type":"post","link":"https:\/\/www.lab.eus\/es\/hemos-publicado-una-guia-de-derechos-laborales-para-personas-trabajadoras-migradas-y-racializadas\/","title":{"rendered":"Hemos publicado una \u201cGU\u00cdA de derechos laborales para personas trabajadoras migradas y racializadas\u201d"},"content":{"rendered":"\n<p>LAB ha publicado la \u00ab<strong>GU\u00cdA de derechos laborales para personas trabajadoras migradas y racializadas<\/strong>\u00ab, que adem\u00e1s de cuestiones relativas a los derechos laborales, recoge claves para una acci\u00f3n sindical antirracista. Queremos que el sindicato sea la casa de TODOS Y TODAS las trabajadoras. LAB est\u00e1 trabajando en esta l\u00ednea, dando pasos concretos, como la propia creaci\u00f3n de la Secretar\u00eda Antirracista.<\/p>\n\n\n\n<div data-wp-interactive=\"core\/file\" class=\"wp-block-file\"><object data-wp-bind--hidden=\"!state.hasPdfPreview\" hidden class=\"wp-block-file__embed\" data=\"https:\/\/www.lab.eus\/wp-content\/uploads\/2023\/10\/LAB_GUIA-de-derechos-para-personas-trabajadoras-migradas-y-racializadas_.pdf\" type=\"application\/pdf\" style=\"width:100%;height:600px\" aria-label=\"Incrustado de LAB_GUIA-de-derechos-para-personas-trabajadoras-migradas-y-racializadas_.\"><\/object><a id=\"wp-block-file--media-6c6f29dc-a574-4b9e-8311-75b500ac3923\" href=\"https:\/\/www.lab.eus\/wp-content\/uploads\/2023\/10\/LAB_GUIA-de-derechos-para-personas-trabajadoras-migradas-y-racializadas_.pdf\">LAB_GUIA-de-derechos-para-personas-trabajadoras-migradas-y-racializadas_<\/a><a href=\"https:\/\/www.lab.eus\/wp-content\/uploads\/2023\/10\/LAB_GUIA-de-derechos-para-personas-trabajadoras-migradas-y-racializadas_.pdf\" class=\"wp-block-file__button wp-element-button\" download aria-describedby=\"wp-block-file--media-6c6f29dc-a574-4b9e-8311-75b500ac3923\">Deskargatu<\/a><\/div>\n\n\n\n<p>Frente a la precarizaci\u00f3n, el empobrecimiento y el recorte de derechos, la apuesta de LAB es recrear un nuevo sindicalismo que atienda las realidades de un sujeto trabajador diverso y din\u00e1mico en Euskal Herria.<br><br>En Euskal Herria hay racismo. Este es nuestro punto de partida. Y permea en todos los \u00e1mbitos, en las instituciones, en las calles y en los centros de trabajo. Cada vez es m\u00e1s evidente que los empresarios utilizan la situaci\u00f3n administrativa, la raza, la lengua, la religi\u00f3n, el sexo y\/o la clases sociales para explotar a las personas migradas, aprovechando la situaci\u00f3n vulnerable en que viven muchas y muchos de ellos.<br><br>La informaci\u00f3n es poder. Por tanto, para que no nos enga\u00f1en como trabajadores y trabajadoras es importante saber que tenemos derechos y conocer cu\u00e1les son. Por eso ha publicado LAB la <strong>\u00abGU\u00cdA de derechos laborales para personas trabajadoras migradas y racializadas\u00bb.<\/strong><br><br>Queremos que esta publicaci\u00f3n sea una herramienta \u00fatil para la acci\u00f3n sindical antirracista, con informaci\u00f3n b\u00e1sica y observaciones sobre el mundo laboral, con el objetivo de ayudar a defender los derechos y la organizaci\u00f3n colectiva de las y los trabajadores migrados y\/o racializados.<br><br>En la GU\u00cdA se incluyen recomendaciones en torno a la entrevista laboral; informaci\u00f3n sobre el contrato, el salario, el tiempo de trabajo y descanso, la Seguridad Social y la salud laboral, adem\u00e1s de consejos posteriores a la extinci\u00f3n de la relaci\u00f3n laboral; acuerdos, despidos, excedencias, liquidaci\u00f3n, finiquito y plazos de reclamaci\u00f3n.<br><br>La GU\u00cdA est\u00e1 disponible en las sedes de LAB en Hego Euskal Herria y adem\u00e1s de utilizarla en las sesiones de formaci\u00f3n dirigidas a trabajadores migrados y racializados, se la trasladaremos a los agentes que est\u00e1n trabajando con ellos y ellas.<\/p>\n\n\n\n<figure class=\"wp-block-gallery has-nested-images columns-default is-cropped wp-block-gallery-1 is-layout-flex wp-block-gallery-is-layout-flex\">\n<figure class=\"wp-block-image size-large\"><img loading=\"lazy\" decoding=\"async\" width=\"1024\" height=\"385\" data-id=\"62647\" src=\"https:\/\/www.lab.eus\/wp-content\/uploads\/2023\/10\/2023-10-24-Langile-migratu-eta-arrazializatuentzako-prestakuntza-Bilbon_3-1-1024x385.jpeg\" alt=\"\" class=\"wp-image-62647\" srcset=\"https:\/\/www.lab.eus\/wp-content\/uploads\/2023\/10\/2023-10-24-Langile-migratu-eta-arrazializatuentzako-prestakuntza-Bilbon_3-1-1024x385.jpeg 1024w, https:\/\/www.lab.eus\/wp-content\/uploads\/2023\/10\/2023-10-24-Langile-migratu-eta-arrazializatuentzako-prestakuntza-Bilbon_3-1-300x113.jpeg 300w, https:\/\/www.lab.eus\/wp-content\/uploads\/2023\/10\/2023-10-24-Langile-migratu-eta-arrazializatuentzako-prestakuntza-Bilbon_3-1-768x289.jpeg 768w, https:\/\/www.lab.eus\/wp-content\/uploads\/2023\/10\/2023-10-24-Langile-migratu-eta-arrazializatuentzako-prestakuntza-Bilbon_3-1-1536x578.jpeg 1536w, https:\/\/www.lab.eus\/wp-content\/uploads\/2023\/10\/2023-10-24-Langile-migratu-eta-arrazializatuentzako-prestakuntza-Bilbon_3-1-150x56.jpeg 150w, https:\/\/www.lab.eus\/wp-content\/uploads\/2023\/10\/2023-10-24-Langile-migratu-eta-arrazializatuentzako-prestakuntza-Bilbon_3-1-696x262.jpeg 696w, https:\/\/www.lab.eus\/wp-content\/uploads\/2023\/10\/2023-10-24-Langile-migratu-eta-arrazializatuentzako-prestakuntza-Bilbon_3-1-1068x402.jpeg 1068w, https:\/\/www.lab.eus\/wp-content\/uploads\/2023\/10\/2023-10-24-Langile-migratu-eta-arrazializatuentzako-prestakuntza-Bilbon_3-1-1920x722.jpeg 1920w, https:\/\/www.lab.eus\/wp-content\/uploads\/2023\/10\/2023-10-24-Langile-migratu-eta-arrazializatuentzako-prestakuntza-Bilbon_3-1.jpeg 2028w\" sizes=\"auto, (max-width: 1024px) 100vw, 1024px\" \/><\/figure>\n\n\n\n<figure class=\"wp-block-image size-large\"><img loading=\"lazy\" decoding=\"async\" width=\"1024\" height=\"417\" data-id=\"62645\" src=\"https:\/\/www.lab.eus\/wp-content\/uploads\/2023\/10\/2023-10-24-Langile-migratu-eta-arrazializatuentzako-prestakuntza-Bilbon_1-1024x417.jpeg\" alt=\"\" class=\"wp-image-62645\" srcset=\"https:\/\/www.lab.eus\/wp-content\/uploads\/2023\/10\/2023-10-24-Langile-migratu-eta-arrazializatuentzako-prestakuntza-Bilbon_1-1024x417.jpeg 1024w, https:\/\/www.lab.eus\/wp-content\/uploads\/2023\/10\/2023-10-24-Langile-migratu-eta-arrazializatuentzako-prestakuntza-Bilbon_1-300x122.jpeg 300w, https:\/\/www.lab.eus\/wp-content\/uploads\/2023\/10\/2023-10-24-Langile-migratu-eta-arrazializatuentzako-prestakuntza-Bilbon_1-768x313.jpeg 768w, https:\/\/www.lab.eus\/wp-content\/uploads\/2023\/10\/2023-10-24-Langile-migratu-eta-arrazializatuentzako-prestakuntza-Bilbon_1-1536x626.jpeg 1536w, https:\/\/www.lab.eus\/wp-content\/uploads\/2023\/10\/2023-10-24-Langile-migratu-eta-arrazializatuentzako-prestakuntza-Bilbon_1-150x61.jpeg 150w, https:\/\/www.lab.eus\/wp-content\/uploads\/2023\/10\/2023-10-24-Langile-migratu-eta-arrazializatuentzako-prestakuntza-Bilbon_1-696x284.jpeg 696w, https:\/\/www.lab.eus\/wp-content\/uploads\/2023\/10\/2023-10-24-Langile-migratu-eta-arrazializatuentzako-prestakuntza-Bilbon_1-1068x435.jpeg 1068w, https:\/\/www.lab.eus\/wp-content\/uploads\/2023\/10\/2023-10-24-Langile-migratu-eta-arrazializatuentzako-prestakuntza-Bilbon_1.jpeg 1600w\" sizes=\"auto, (max-width: 1024px) 100vw, 1024px\" \/><\/figure>\n\n\n\n<figure class=\"wp-block-image size-large\"><img loading=\"lazy\" decoding=\"async\" width=\"1024\" height=\"442\" data-id=\"62643\" src=\"https:\/\/www.lab.eus\/wp-content\/uploads\/2023\/10\/2023-10-24-Langile-migratu-eta-arrazializatuentzako-prestakuntza-Bilbon_2-1024x442.jpeg\" alt=\"\" class=\"wp-image-62643\" srcset=\"https:\/\/www.lab.eus\/wp-content\/uploads\/2023\/10\/2023-10-24-Langile-migratu-eta-arrazializatuentzako-prestakuntza-Bilbon_2-1024x442.jpeg 1024w, https:\/\/www.lab.eus\/wp-content\/uploads\/2023\/10\/2023-10-24-Langile-migratu-eta-arrazializatuentzako-prestakuntza-Bilbon_2-300x129.jpeg 300w, https:\/\/www.lab.eus\/wp-content\/uploads\/2023\/10\/2023-10-24-Langile-migratu-eta-arrazializatuentzako-prestakuntza-Bilbon_2-768x331.jpeg 768w, https:\/\/www.lab.eus\/wp-content\/uploads\/2023\/10\/2023-10-24-Langile-migratu-eta-arrazializatuentzako-prestakuntza-Bilbon_2-150x65.jpeg 150w, https:\/\/www.lab.eus\/wp-content\/uploads\/2023\/10\/2023-10-24-Langile-migratu-eta-arrazializatuentzako-prestakuntza-Bilbon_2-696x300.jpeg 696w, https:\/\/www.lab.eus\/wp-content\/uploads\/2023\/10\/2023-10-24-Langile-migratu-eta-arrazializatuentzako-prestakuntza-Bilbon_2-1068x461.jpeg 1068w, https:\/\/www.lab.eus\/wp-content\/uploads\/2023\/10\/2023-10-24-Langile-migratu-eta-arrazializatuentzako-prestakuntza-Bilbon_2.jpeg 1379w\" sizes=\"auto, (max-width: 1024px) 100vw, 1024px\" \/><\/figure>\n<\/figure>\n","protected":false},"excerpt":{"rendered":"<p>LAB ha publicado la \u00abGU\u00cdA para trabajadores migrados y racializados\u00bb, que adem\u00e1s de cuestiones relativas a los derechos laborales, recoge claves para una acci\u00f3n sindical antirracista. Queremos que el sindicato sea la casa de TODOS Y TODAS las trabajadoras. LAB est\u00e1 trabajando en esta l\u00ednea, dando pasos concretos, como la propia creaci\u00f3n de la Secretar\u00eda Antirracista.<\/p>\n","protected":false},"author":1191,"featured_media":62649,"comment_status":"closed","ping_status":"closed","sticky":false,"template":"","format":"standard","meta":{"_monsterinsights_skip_tracking":false,"_monsterinsights_sitenote_active":false,"_monsterinsights_sitenote_note":"","_monsterinsights_sitenote_category":0,"footnotes":"","_links_to":"","_links_to_target":""},"categories":[18,2994,2973],"tags":[3182,3034,3178,4303,4304,4302,3623,4119],"class_list":{"0":"post-62651","1":"post","2":"type-post","3":"status-publish","4":"format-standard","5":"has-post-thumbnail","7":"category-es-accion-sindical","8":"category-accion-social","9":"category-secretarias","10":"tag-accion-social-es","11":"tag-accion-social","12":"tag-destacado-1","13":"tag-guia","14":"tag-guia-de-derechos-laborales-para-personas-trabajadoras-migradas-y-racializadas","15":"tag-publicaciones","16":"tag-secretaria-antirracista","17":"tag-secretaria-antirracista-es"},"_links":{"self":[{"href":"https:\/\/www.lab.eus\/es\/wp-json\/wp\/v2\/posts\/62651","targetHints":{"allow":["GET"]}}],"collection":[{"href":"https:\/\/www.lab.eus\/es\/wp-json\/wp\/v2\/posts"}],"about":[{"href":"https:\/\/www.lab.eus\/es\/wp-json\/wp\/v2\/types\/post"}],"author":[{"embeddable":true,"href":"https:\/\/www.lab.eus\/es\/wp-json\/wp\/v2\/users\/1191"}],"replies":[{"embeddable":true,"href":"https:\/\/www.lab.eus\/es\/wp-json\/wp\/v2\/comments?post=62651"}],"version-history":[{"count":0,"href":"https:\/\/www.lab.eus\/es\/wp-json\/wp\/v2\/posts\/62651\/revisions"}],"wp:featuredmedia":[{"embeddable":true,"href":"https:\/\/www.lab.eus\/es\/wp-json\/wp\/v2\/media\/62649"}],"wp:attachment":[{"href":"https:\/\/www.lab.eus\/es\/wp-json\/wp\/v2\/media?parent=62651"}],"wp:term":[{"taxonomy":"category","embeddable":true,"href":"https:\/\/www.lab.eus\/es\/wp-json\/wp\/v2\/categories?post=62651"},{"taxonomy":"post_tag","embeddable":true,"href":"https:\/\/www.lab.eus\/es\/wp-json\/wp\/v2\/tags?post=62651"}],"curies":[{"name":"wp","href":"https:\/\/api.w.org\/{rel}","templated":true}]}}