{"id":62635,"date":"2023-10-24T11:05:35","date_gmt":"2023-10-24T11:05:35","guid":{"rendered":"https:\/\/www.lab.eus\/?p=62635"},"modified":"2023-10-24T11:05:47","modified_gmt":"2023-10-24T11:05:47","slug":"reivindicaremos-que-las-trabajadores-del-sector-de-cuidados-privatizados-somos-trabajadoras-publicas-en-las-huelgas-del-sector-publico","status":"publish","type":"post","link":"https:\/\/www.lab.eus\/es\/reivindicaremos-que-las-trabajadores-del-sector-de-cuidados-privatizados-somos-trabajadoras-publicas-en-las-huelgas-del-sector-publico\/","title":{"rendered":"Reivindicaremos que las trabajadores del sector de cuidados privatizados somos trabajadoras p\u00fablicas en las huelgas del sector p\u00fablico"},"content":{"rendered":"\n<p>Nuestras compa\u00f1eras del sector p\u00fablico van a la huelga los d\u00edas 25 de octubre y 19 de diciembre, ante lo cual queremos trasladarles toda nuestra solidaridad desde los sectores de cuidados privatizados. Nosotras deber\u00edamos ser sujetos activos en esas huelgas, porque no tenemos ninguna duda de que realizamos un trabajo p\u00fablico. Pero las instituciones se niegan a reconocernos como trabajadoras p\u00fablicas, mientras las empresas privadas se llenan los bolsillos con beneficios econ\u00f3micos, a costa de este servicio b\u00e1sico y esencial.<\/p>\n\n\n\n<p>Estas dos jornadas de huelga en el sector p\u00fablico est\u00e1n enmarcadas en el contexto de una huelga feminista general a favor de un sistema p\u00fablico y comunitario de cuidados, y, en este contexto, el sindicato LAB se\u00f1ala que es necesario acabar con la privatizaci\u00f3n. Ya es hora de tomar las medidas y decisiones pol\u00edticas necesarias para acabar con el negocio de las empresas privadas. Para que estas empresas queden fuera de nuestros cuerpos y vidas, es necesario reforzar los servicios p\u00fablicos; necesitamos una red integral de cuidados basada en el servicio p\u00fablico. Los trabajos de cuidado deben estar garantizados desde el \u00e1mbito p\u00fablico y basados en la gesti\u00f3n directa de las instituciones. Exigimos que se publifiquen los servicios actualmente privatizados y se cierren las puertas a nuevas privatizaciones.<\/p>\n\n\n\n<p>El PNV ha pasado a\u00f1os convirti\u00e9ndonos en trabajadoras de segunda, precarizando nuestras condiciones laborales, aumentando nuestras cargas de trabajo, decidiendo da\u00f1ar nuestra salud, dejando la supervivencia de las trabajadoras y la calidad del servicio en manos de unos pocos ricos. Esta decisi\u00f3n pol\u00edtica del PNV nos ha convertido en sujetos activos en la lucha obrera, y, hoy, las trabajadoras de los servicios de cuidado privatizados reclamamos unos servicios de cuidados de gesti\u00f3n directa a las instituciones, porque tenemos claro que no hacer eso es una decisi\u00f3n pol\u00edtica. Est\u00e1 en manos del PNV dejar fuera de los servicios de cuidados la intervenci\u00f3n empresarial. Decimos en voz alta que los cuidados no se pueden privatizar y que vamos a llevar a cabo la lucha por la publificaci\u00f3n para hacer frente a la degradaci\u00f3n y el empeoramiento de los servicios.<\/p>\n\n\n\n<p>La defensa y reivindicaci\u00f3n de la publificaci\u00f3n implica necesariamente el reconocimiento de que nuestro trabajo es p\u00fablico. Somos trabajadoras de un servicio p\u00fablico, reivindicamos un servicio p\u00fablico, universal, gratuito y de calidad, y exigimos la dignificaci\u00f3n y mejora de las condiciones laborales que ello supone.<\/p>\n\n\n\n<p>Hoy, las trabajadoras de los sectores de cuidado privatizados que estamos organizadas en el sindicato LAB queremos trasladar toda nuestra solidaridad a las compa\u00f1eras del sector p\u00fablico, y queremos manifestar que vamos a llenar con ellas las calles de las capitales. Porque tenemos que reforzar y defender los servicios p\u00fablicos. Denok elkarrekin, segi aurrera!<\/p>\n","protected":false},"excerpt":{"rendered":"<p>Nuestras compa\u00f1eras del sector p\u00fablico van a la huelga los d\u00edas 25 de octubre y 19 de diciembre, ante lo cual queremos trasladarles toda nuestra solidaridad desde los sectores de cuidados privatizados. Nosotras deber\u00edamos ser sujetos activos en esas huelgas, porque no tenemos ninguna duda de que realizamos un trabajo p\u00fablico. Pero las instituciones se niegan a reconocernos como trabajadoras p\u00fablicas, mientras las empresas privadas se llenan los bolsillos con beneficios econ\u00f3micos, a costa de este servicio b\u00e1sico y esencial.<\/p>\n","protected":false},"author":1191,"featured_media":62633,"comment_status":"closed","ping_status":"closed","sticky":false,"template":"","format":"standard","meta":{"_monsterinsights_skip_tracking":false,"_monsterinsights_sitenote_active":false,"_monsterinsights_sitenote_note":"","_monsterinsights_sitenote_category":0,"footnotes":"","_links_to":"","_links_to_target":""},"categories":[18,2867,3000,6],"tags":[3033,3178,3066,4299,3171,3272],"class_list":{"0":"post-62635","1":"post","2":"type-post","3":"status-publish","4":"format-standard","5":"has-post-thumbnail","7":"category-es-accion-sindical","8":"category-federaciones","9":"category-servicio-sociocomunitario","10":"category-es-servicios-publicos","11":"tag-accion-sindical-es","12":"tag-destacado-1","13":"tag-federaciones-es","14":"tag-huelgas-en-el-sector-publico-de-la-cav","15":"tag-servicios-publicos-es","16":"tag-sociocomunitario-es"},"_links":{"self":[{"href":"https:\/\/www.lab.eus\/es\/wp-json\/wp\/v2\/posts\/62635","targetHints":{"allow":["GET"]}}],"collection":[{"href":"https:\/\/www.lab.eus\/es\/wp-json\/wp\/v2\/posts"}],"about":[{"href":"https:\/\/www.lab.eus\/es\/wp-json\/wp\/v2\/types\/post"}],"author":[{"embeddable":true,"href":"https:\/\/www.lab.eus\/es\/wp-json\/wp\/v2\/users\/1191"}],"replies":[{"embeddable":true,"href":"https:\/\/www.lab.eus\/es\/wp-json\/wp\/v2\/comments?post=62635"}],"version-history":[{"count":0,"href":"https:\/\/www.lab.eus\/es\/wp-json\/wp\/v2\/posts\/62635\/revisions"}],"wp:featuredmedia":[{"embeddable":true,"href":"https:\/\/www.lab.eus\/es\/wp-json\/wp\/v2\/media\/62633"}],"wp:attachment":[{"href":"https:\/\/www.lab.eus\/es\/wp-json\/wp\/v2\/media?parent=62635"}],"wp:term":[{"taxonomy":"category","embeddable":true,"href":"https:\/\/www.lab.eus\/es\/wp-json\/wp\/v2\/categories?post=62635"},{"taxonomy":"post_tag","embeddable":true,"href":"https:\/\/www.lab.eus\/es\/wp-json\/wp\/v2\/tags?post=62635"}],"curies":[{"name":"wp","href":"https:\/\/api.w.org\/{rel}","templated":true}]}}