{"id":62611,"date":"2023-10-23T15:10:19","date_gmt":"2023-10-23T15:10:19","guid":{"rendered":"https:\/\/www.lab.eus\/?p=62611"},"modified":"2023-10-23T15:10:21","modified_gmt":"2023-10-23T15:10:21","slug":"ya-son-46-las-y-los-trabajadores-fallecidos-durante-el-2023-en-euskal-herria","status":"publish","type":"post","link":"https:\/\/www.lab.eus\/es\/ya-son-46-las-y-los-trabajadores-fallecidos-durante-el-2023-en-euskal-herria\/","title":{"rendered":"Ya son 46 las y los trabajadores fallecidos durante el 2023 en Euskal Herria"},"content":{"rendered":"\n<p>Esta ma\u00f1ana el trabajador U.A.A., de 46 a\u00f1os, ha fallecido a causa de un accidente en la empresa Piergburg S.A, en Abadi\u00f1o. Se trataba de unempleado de Electricidad Anboto que trabajaba como subcontratado en la citada empresa.<\/p>\n\n\n\n<p>El sindicato LAB ha querido mostrar su solidaridad y comparte el dolor con amigos y amigas, compa\u00f1eros y compa\u00f1eras y familiares del fallecido.<\/p>\n\n\n\n<p>El sindicato ha vuelto a condenar que el incumplimiento de las medidas de prevenci\u00f3n es generalizado en las empresas. Por ello, pide a Osalan y a Inspecci\u00f3n de Trabajo que obliguen de una vez por todas a la patronal a cumplir la normativa.<\/p>\n\n\n\n<p><strong>Denunciamos la muerte laboral ocurrida en Erandio<\/strong><\/p>\n\n\n\n<p>La noticia de esta \u00faltima muerte ha venido precisamente el mismo d\u00eda en el que nos hemos concentrado para denunciar otro fallecimiento laboral ocurrido recientemente. En la concentraci\u00f3n convocada por la intersindical LAB-ESK-STEILAS-HIRU hemos recordado al trabajador que falleci\u00f3 d\u00edas despu\u00e9s de un accidente sufrido mientras realizaba trabajos en altura y recordamos que existen medidas concretas para que no se repitan este tipo de desgracias. Corresponde, por tanto, a la patronal y a las instituciones su cumplimiento y ejecuci\u00f3n.<\/p>\n\n\n\n<figure class=\"wp-block-image size-large\"><img loading=\"lazy\" decoding=\"async\" width=\"1024\" height=\"768\" src=\"https:\/\/www.lab.eus\/wp-content\/uploads\/2023\/10\/2023-10-23-ErandionElkarretaratzeaLanOSasuna-1024x768.jpg\" alt=\"\" class=\"wp-image-62607\" srcset=\"https:\/\/www.lab.eus\/wp-content\/uploads\/2023\/10\/2023-10-23-ErandionElkarretaratzeaLanOSasuna-1024x768.jpg 1024w, https:\/\/www.lab.eus\/wp-content\/uploads\/2023\/10\/2023-10-23-ErandionElkarretaratzeaLanOSasuna-300x225.jpg 300w, https:\/\/www.lab.eus\/wp-content\/uploads\/2023\/10\/2023-10-23-ErandionElkarretaratzeaLanOSasuna-768x576.jpg 768w, https:\/\/www.lab.eus\/wp-content\/uploads\/2023\/10\/2023-10-23-ErandionElkarretaratzeaLanOSasuna-1536x1152.jpg 1536w, https:\/\/www.lab.eus\/wp-content\/uploads\/2023\/10\/2023-10-23-ErandionElkarretaratzeaLanOSasuna-150x113.jpg 150w, https:\/\/www.lab.eus\/wp-content\/uploads\/2023\/10\/2023-10-23-ErandionElkarretaratzeaLanOSasuna-696x522.jpg 696w, https:\/\/www.lab.eus\/wp-content\/uploads\/2023\/10\/2023-10-23-ErandionElkarretaratzeaLanOSasuna-1068x801.jpg 1068w, https:\/\/www.lab.eus\/wp-content\/uploads\/2023\/10\/2023-10-23-ErandionElkarretaratzeaLanOSasuna.jpg 1600w\" sizes=\"auto, (max-width: 1024px) 100vw, 1024px\" \/><\/figure>\n","protected":false},"excerpt":{"rendered":"<p>Esta ma\u00f1ana el trabajador U.A.A., de 46 a\u00f1os, ha fallecido a causa de un accidente en la empresa Piergburg S.A, en Abadi\u00f1o. Se trataba de unempleado de Electricidad Anboto que trabajaba como subcontratado en la citada empresa.<\/p>\n","protected":false},"author":1191,"featured_media":37493,"comment_status":"closed","ping_status":"closed","sticky":false,"template":"","format":"standard","meta":{"_monsterinsights_skip_tracking":false,"_monsterinsights_sitenote_active":false,"_monsterinsights_sitenote_note":"","_monsterinsights_sitenote_category":0,"footnotes":"","_links_to":"","_links_to_target":""},"categories":[18],"tags":[3033,3178,2992,3334],"class_list":{"0":"post-62611","1":"post","2":"type-post","3":"status-publish","4":"format-standard","5":"has-post-thumbnail","7":"category-es-accion-sindical","8":"tag-accion-sindical-es","9":"tag-destacado-1","10":"tag-salud-laboral","11":"tag-secretaria-de-salud-laboral"},"_links":{"self":[{"href":"https:\/\/www.lab.eus\/es\/wp-json\/wp\/v2\/posts\/62611","targetHints":{"allow":["GET"]}}],"collection":[{"href":"https:\/\/www.lab.eus\/es\/wp-json\/wp\/v2\/posts"}],"about":[{"href":"https:\/\/www.lab.eus\/es\/wp-json\/wp\/v2\/types\/post"}],"author":[{"embeddable":true,"href":"https:\/\/www.lab.eus\/es\/wp-json\/wp\/v2\/users\/1191"}],"replies":[{"embeddable":true,"href":"https:\/\/www.lab.eus\/es\/wp-json\/wp\/v2\/comments?post=62611"}],"version-history":[{"count":0,"href":"https:\/\/www.lab.eus\/es\/wp-json\/wp\/v2\/posts\/62611\/revisions"}],"wp:featuredmedia":[{"embeddable":true,"href":"https:\/\/www.lab.eus\/es\/wp-json\/wp\/v2\/media\/37493"}],"wp:attachment":[{"href":"https:\/\/www.lab.eus\/es\/wp-json\/wp\/v2\/media?parent=62611"}],"wp:term":[{"taxonomy":"category","embeddable":true,"href":"https:\/\/www.lab.eus\/es\/wp-json\/wp\/v2\/categories?post=62611"},{"taxonomy":"post_tag","embeddable":true,"href":"https:\/\/www.lab.eus\/es\/wp-json\/wp\/v2\/tags?post=62611"}],"curies":[{"name":"wp","href":"https:\/\/api.w.org\/{rel}","templated":true}]}}