{"id":62602,"date":"2023-10-23T14:50:30","date_gmt":"2023-10-23T14:50:30","guid":{"rendered":"https:\/\/www.lab.eus\/?p=62602"},"modified":"2023-10-23T15:18:09","modified_gmt":"2023-10-23T15:18:09","slug":"hoy-hemos-celebrado-asambleas-de-delegadas-del-sector-sociocomunitario-en-araba-bizkaia-gipuzkoa-y-nafarroa-para-preparar-la-huelga-feminista-general-del-30-de-noviembre","status":"publish","type":"post","link":"https:\/\/www.lab.eus\/es\/hoy-hemos-celebrado-asambleas-de-delegadas-del-sector-sociocomunitario-en-araba-bizkaia-gipuzkoa-y-nafarroa-para-preparar-la-huelga-feminista-general-del-30-de-noviembre\/","title":{"rendered":"Hoy hemos celebrado asambleas de delegadas del sector sociocomunitario en Araba, Bizkaia, Gipuzkoa y Nafarroa para preparar la Huelga Feminista General del 30 de noviembre"},"content":{"rendered":"\n<p>Delegadas del sector sociocomunitario se han reunido hoy en los cuatro herrialdes de Hego Euskal Herria. Todo ello en un momento especial, porque se han reunido para preparar la Huelga Feminista General. La comunidad de LAB est\u00e1 preparando esta jornada de huelga con ilusi\u00f3n y responsabilidad. Esta jornada de huelga es m\u00e1s especial para las y los trabajadores de este sector, ya que son los principales sujetos de la privatizaci\u00f3n del cuidado y las reivindicaciones de esta huelga atraviesan plenamente sus condiciones laborales y de vida. Las reivindicaciones por las que llevan a\u00f1os luchando estar\u00e1n sobre la mesa el 30 de noviembre.<\/p>\n","protected":false},"excerpt":{"rendered":"<p>Delegadas del sector sociocomunitario se han reunido hoy en los cuatro herrialdes de Hego Euskal Herria. Todo ello en un momento especial, porque se han reunido para preparar la Huelga Feminista General. La comunidad de LAB est\u00e1 preparando esta jornada de huelga con ilusi\u00f3n y responsabilidad.<\/p>\n","protected":false},"author":1191,"featured_media":62618,"comment_status":"closed","ping_status":"closed","sticky":false,"template":"","format":"video","meta":{"_monsterinsights_skip_tracking":false,"_monsterinsights_sitenote_active":false,"_monsterinsights_sitenote_note":"","_monsterinsights_sitenote_category":0,"footnotes":"","_links_to":"","_links_to_target":""},"categories":[18,2867,3000,6],"tags":[3033,3178,3066,4212,3217,3171,3272],"class_list":{"0":"post-62602","1":"post","2":"type-post","3":"status-publish","4":"format-video","5":"has-post-thumbnail","7":"category-es-accion-sindical","8":"category-federaciones","9":"category-servicio-sociocomunitario","10":"category-es-servicios-publicos","11":"tag-accion-sindical-es","12":"tag-destacado-1","13":"tag-federaciones-es","14":"tag-huelga-feminista-general-es","15":"tag-servicios-sociocomunitarios","16":"tag-servicios-publicos-es","17":"tag-sociocomunitario-es","18":"post_format-post-format-video"},"_links":{"self":[{"href":"https:\/\/www.lab.eus\/es\/wp-json\/wp\/v2\/posts\/62602","targetHints":{"allow":["GET"]}}],"collection":[{"href":"https:\/\/www.lab.eus\/es\/wp-json\/wp\/v2\/posts"}],"about":[{"href":"https:\/\/www.lab.eus\/es\/wp-json\/wp\/v2\/types\/post"}],"author":[{"embeddable":true,"href":"https:\/\/www.lab.eus\/es\/wp-json\/wp\/v2\/users\/1191"}],"replies":[{"embeddable":true,"href":"https:\/\/www.lab.eus\/es\/wp-json\/wp\/v2\/comments?post=62602"}],"version-history":[{"count":0,"href":"https:\/\/www.lab.eus\/es\/wp-json\/wp\/v2\/posts\/62602\/revisions"}],"wp:featuredmedia":[{"embeddable":true,"href":"https:\/\/www.lab.eus\/es\/wp-json\/wp\/v2\/media\/62618"}],"wp:attachment":[{"href":"https:\/\/www.lab.eus\/es\/wp-json\/wp\/v2\/media?parent=62602"}],"wp:term":[{"taxonomy":"category","embeddable":true,"href":"https:\/\/www.lab.eus\/es\/wp-json\/wp\/v2\/categories?post=62602"},{"taxonomy":"post_tag","embeddable":true,"href":"https:\/\/www.lab.eus\/es\/wp-json\/wp\/v2\/tags?post=62602"}],"curies":[{"name":"wp","href":"https:\/\/api.w.org\/{rel}","templated":true}]}}