{"id":62591,"date":"2023-10-23T11:21:54","date_gmt":"2023-10-23T11:21:54","guid":{"rendered":"https:\/\/www.lab.eus\/?p=62591"},"modified":"2023-10-23T11:21:57","modified_gmt":"2023-10-23T11:21:57","slug":"los-sindicatos-convocantes-de-la-huelga-en-los-servicios-publicos-nos-hemos-reunido-con-eh-bildu-y-elkarrekin-podemos-iu","status":"publish","type":"post","link":"https:\/\/www.lab.eus\/es\/los-sindicatos-convocantes-de-la-huelga-en-los-servicios-publicos-nos-hemos-reunido-con-eh-bildu-y-elkarrekin-podemos-iu\/","title":{"rendered":"Los sindicatos convocantes de la huelga en los servicios p\u00fablicos nos hemos reunido con EH Bildu y Elkarrekin Podemos-IU"},"content":{"rendered":"\n<p>Tras solicitar reuniones con los cinco partidos pol\u00edticos de con representaci\u00f3n en el congreso de Madrid por la CAV, hoy hemos tenido la oportunidad de reunirnos con EH Bildu y Elkarrekin Podemos-IU, que aceptaron la petici\u00f3n.<\/p>\n\n\n\n<p>En lo que se refiere al contenido de las reuniones, los sindicatos les hemos explicado las principales reivindicaciones que se encuentran detr\u00e1s de las dos jornadas de huelga convocadas el 25 de octubre y el 19 de diciembre. \u00abPodemos decir que de alguna manera compartimos el diagn\u00f3stico y que estas dos formaciones nos han trasladado que en sus agendas pol\u00edticas tambi\u00e9n existen esas reivindicaciones \u00ab, ha explicado el representante de LAB, Jonan Altube.<\/p>\n\n\n\n<p>Por lo tanto, hacemos una valoraci\u00f3n positiva de las reuniones. Siempre hemos dicho que estamos dispuestos y dispuestas a abrir marcos diferentes y estamos haciendo un intento de estar con todas las instituciones y partidos pol\u00edticos. Porque, insistimos, hace falta voluntad pol\u00edtica, voluntad de negociaci\u00f3n.<\/p>\n\n\n\n<figure class=\"wp-block-image size-large\"><img loading=\"lazy\" decoding=\"async\" width=\"1024\" height=\"576\" src=\"https:\/\/www.lab.eus\/wp-content\/uploads\/2023\/10\/2023-10-23-BileraAlderdiekinZerbitzuPublikoak-1024x576.jpg\" alt=\"\" class=\"wp-image-62587\" srcset=\"https:\/\/www.lab.eus\/wp-content\/uploads\/2023\/10\/2023-10-23-BileraAlderdiekinZerbitzuPublikoak-1024x576.jpg 1024w, https:\/\/www.lab.eus\/wp-content\/uploads\/2023\/10\/2023-10-23-BileraAlderdiekinZerbitzuPublikoak-300x169.jpg 300w, https:\/\/www.lab.eus\/wp-content\/uploads\/2023\/10\/2023-10-23-BileraAlderdiekinZerbitzuPublikoak-768x432.jpg 768w, https:\/\/www.lab.eus\/wp-content\/uploads\/2023\/10\/2023-10-23-BileraAlderdiekinZerbitzuPublikoak-150x84.jpg 150w, https:\/\/www.lab.eus\/wp-content\/uploads\/2023\/10\/2023-10-23-BileraAlderdiekinZerbitzuPublikoak-696x392.jpg 696w, https:\/\/www.lab.eus\/wp-content\/uploads\/2023\/10\/2023-10-23-BileraAlderdiekinZerbitzuPublikoak-1068x601.jpg 1068w, https:\/\/www.lab.eus\/wp-content\/uploads\/2023\/10\/2023-10-23-BileraAlderdiekinZerbitzuPublikoak.jpg 1280w\" sizes=\"auto, (max-width: 1024px) 100vw, 1024px\" \/><\/figure>\n","protected":false},"excerpt":{"rendered":"<p>Tras solicitar reuniones con los cinco partidos pol\u00edticos de con representaci\u00f3n en el congreso de Madrid por la CAV, hoy hemos tenido la oportunidad de reunirnos con EH Bildu y Elkarrekin Podemos-IU, que aceptaron la petici\u00f3n.<\/p>\n","protected":false},"author":1191,"featured_media":62585,"comment_status":"closed","ping_status":"closed","sticky":false,"template":"","format":"standard","meta":{"_monsterinsights_skip_tracking":false,"_monsterinsights_sitenote_active":false,"_monsterinsights_sitenote_note":"","_monsterinsights_sitenote_category":0,"footnotes":"","_links_to":"","_links_to_target":""},"categories":[18,2867,6,3283],"tags":[3033,3178,3171],"class_list":{"0":"post-62591","1":"post","2":"type-post","3":"status-publish","4":"format-standard","5":"has-post-thumbnail","7":"category-es-accion-sindical","8":"category-federaciones","9":"category-es-servicios-publicos","10":"category-sin-categorizar","11":"tag-accion-sindical-es","12":"tag-destacado-1","13":"tag-servicios-publicos-es"},"_links":{"self":[{"href":"https:\/\/www.lab.eus\/es\/wp-json\/wp\/v2\/posts\/62591","targetHints":{"allow":["GET"]}}],"collection":[{"href":"https:\/\/www.lab.eus\/es\/wp-json\/wp\/v2\/posts"}],"about":[{"href":"https:\/\/www.lab.eus\/es\/wp-json\/wp\/v2\/types\/post"}],"author":[{"embeddable":true,"href":"https:\/\/www.lab.eus\/es\/wp-json\/wp\/v2\/users\/1191"}],"replies":[{"embeddable":true,"href":"https:\/\/www.lab.eus\/es\/wp-json\/wp\/v2\/comments?post=62591"}],"version-history":[{"count":0,"href":"https:\/\/www.lab.eus\/es\/wp-json\/wp\/v2\/posts\/62591\/revisions"}],"wp:featuredmedia":[{"embeddable":true,"href":"https:\/\/www.lab.eus\/es\/wp-json\/wp\/v2\/media\/62585"}],"wp:attachment":[{"href":"https:\/\/www.lab.eus\/es\/wp-json\/wp\/v2\/media?parent=62591"}],"wp:term":[{"taxonomy":"category","embeddable":true,"href":"https:\/\/www.lab.eus\/es\/wp-json\/wp\/v2\/categories?post=62591"},{"taxonomy":"post_tag","embeddable":true,"href":"https:\/\/www.lab.eus\/es\/wp-json\/wp\/v2\/tags?post=62591"}],"curies":[{"name":"wp","href":"https:\/\/api.w.org\/{rel}","templated":true}]}}