{"id":62546,"date":"2023-10-20T08:35:43","date_gmt":"2023-10-20T08:35:43","guid":{"rendered":"https:\/\/www.lab.eus\/?p=62546"},"modified":"2023-10-20T09:37:04","modified_gmt":"2023-10-20T09:37:04","slug":"nos-volvemos-a-movilizar-para-exigir-el-desbloqueo-de-las-negociaciones-del-convenio-de-residencias-de-navarra","status":"publish","type":"post","link":"https:\/\/www.lab.eus\/es\/nos-volvemos-a-movilizar-para-exigir-el-desbloqueo-de-las-negociaciones-del-convenio-de-residencias-de-navarra\/","title":{"rendered":"Nos volvemos a movilizar para exigir el desbloqueo de las negociaciones del convenio de residencias de Nafarroa"},"content":{"rendered":"\n<p>Hoy por la ma\u00f1ana miembros del sindicato LAB nos hemos concentrado en Iru\u00f1ea, frente al Palacio de Navarra, para reclamar una vez m\u00e1s que se desbloqueen las negociaciones del que deber\u00eda ser el primer convenio sectorial de residencias de Nafarroa. Seguiremos interpelando tanto al Gobierno como a la patronal para que se muevan de sus posiciones y den pasos que ayuden a la consecuci\u00f3n de un convenio digno, con contenidos reales que mejoren sustancialmente las condiciones laborales de las trabajadoras.<\/p>\n\n\n\n<p>Tras casi tres a\u00f1os de lucha, la negociaci\u00f3n del convenio sigue enquistada. La falta de inter\u00e9s de la patronal por otorgar unas mejores condiciones laborales a sus trabajadoras es evidente, pero tambi\u00e9n preocupa la actitud de pasividad que tiene el Gobierno de Nafarroa, en un servicio p\u00fablico que, desgraciadamente, est\u00e1 privatizado con el permiso de las instituciones p\u00fablicas. El Gobierno no est\u00e1 buscando de manera activa el desbloqueo y eso hace que haya una paral\u00edsis integral de la negociaci\u00f3n.<\/p>\n\n\n\n<p>A pesar de ser la tercera fuera sindical del sector, el pasado junio LAB ya dio un golpe sobre la mesa para que se reuniera la mesa de negociaci\u00f3n y lo consigui\u00f3. Ahora vuelve a dar un paso m\u00e1s para que esta negociaci\u00f3n no quede en nada. Siempre con el objetivo de conseguir un convenio sectorial propio que dignifique las condiciones laborales de las trabajadoras.<\/p>\n\n\n\n<p>Por todo ello, el sindicato LAB vuelve a salir a las calles, junto a las trabajadoras de este sector feminizado y precarizado, para interpelar tanto al Gobierno como a la patronal, para que las bajas no se vinculen al absentismo, para no asumir ninguna clausula abusiva, para no aceptar ninguna congelaci\u00f3n de ningun concepto, por unos salarios y jornadas laborales dignas que permitan conciliar las vidas&#8230; En definitiva, para exigir unas condiciones de trabajo dignas.<\/p>\n\n\n\n<p>Estando cerca de una Huelga Feminista General, este sector tiene muchos motivos para salir a la calle, ya no solamente por el convenio, sino tambi\u00e9n por el reconocimiento de su trabajo de cuidados. Este convenio ser\u00e1 un primer paso en la lucha por el sistema de cuidados p\u00fablico comunitario, tan necesario para la sociedad como para las propias trabajadoras.<\/p>\n","protected":false},"excerpt":{"rendered":"<p>Hoy por la ma\u00f1ana miembros del sindicato LAB nos hemos concentrado en Iru\u00f1ea, frente al Palacio de Navarra, para reclamar una vez m\u00e1s que se desbloqueen las negociaciones del que deber\u00eda ser el primer convenio sectorial de residencias de Nafarroa. Seguiremos interpelando tanto al Gobierno como a la patronal para que se muevan de sus posiciones y den pasos que ayuden a la consecuci\u00f3n de un convenio digno, con contenidos reales que mejoren sustancialmente las condiciones laborales de las trabajadoras.<\/p>\n","protected":false},"author":1191,"featured_media":62552,"comment_status":"closed","ping_status":"closed","sticky":false,"template":"","format":"standard","meta":{"_monsterinsights_skip_tracking":false,"_monsterinsights_sitenote_active":false,"_monsterinsights_sitenote_note":"","_monsterinsights_sitenote_category":0,"footnotes":"","_links_to":"","_links_to_target":""},"categories":[18,2867,2961,8],"tags":[3033,3178,3066,3353,3217],"class_list":{"0":"post-62546","1":"post","2":"type-post","3":"status-publish","4":"format-standard","5":"has-post-thumbnail","7":"category-es-accion-sindical","8":"category-federaciones","9":"category-residencias-personas-mayores","10":"category-es-servicios-privados","11":"tag-accion-sindical-es","12":"tag-destacado-1","13":"tag-federaciones-es","14":"tag-residencias-es","15":"tag-servicios-sociocomunitarios"},"_links":{"self":[{"href":"https:\/\/www.lab.eus\/es\/wp-json\/wp\/v2\/posts\/62546","targetHints":{"allow":["GET"]}}],"collection":[{"href":"https:\/\/www.lab.eus\/es\/wp-json\/wp\/v2\/posts"}],"about":[{"href":"https:\/\/www.lab.eus\/es\/wp-json\/wp\/v2\/types\/post"}],"author":[{"embeddable":true,"href":"https:\/\/www.lab.eus\/es\/wp-json\/wp\/v2\/users\/1191"}],"replies":[{"embeddable":true,"href":"https:\/\/www.lab.eus\/es\/wp-json\/wp\/v2\/comments?post=62546"}],"version-history":[{"count":0,"href":"https:\/\/www.lab.eus\/es\/wp-json\/wp\/v2\/posts\/62546\/revisions"}],"wp:featuredmedia":[{"embeddable":true,"href":"https:\/\/www.lab.eus\/es\/wp-json\/wp\/v2\/media\/62552"}],"wp:attachment":[{"href":"https:\/\/www.lab.eus\/es\/wp-json\/wp\/v2\/media?parent=62546"}],"wp:term":[{"taxonomy":"category","embeddable":true,"href":"https:\/\/www.lab.eus\/es\/wp-json\/wp\/v2\/categories?post=62546"},{"taxonomy":"post_tag","embeddable":true,"href":"https:\/\/www.lab.eus\/es\/wp-json\/wp\/v2\/tags?post=62546"}],"curies":[{"name":"wp","href":"https:\/\/api.w.org\/{rel}","templated":true}]}}