{"id":62234,"date":"2023-10-18T10:49:32","date_gmt":"2023-10-18T10:49:32","guid":{"rendered":"https:\/\/www.lab.eus\/?p=62234"},"modified":"2023-10-18T10:49:33","modified_gmt":"2023-10-18T10:49:33","slug":"la-plantilla-de-knauf-de-noain-realiza-paros-parciales-por-unas-condiciones-laborales-dignas","status":"publish","type":"post","link":"https:\/\/www.lab.eus\/es\/la-plantilla-de-knauf-de-noain-realiza-paros-parciales-por-unas-condiciones-laborales-dignas\/","title":{"rendered":"La plantilla de Knauf de Noain realiza paros parciales por unas condiciones laborales dignas"},"content":{"rendered":"\n<p>Una vez transcurridos tres a\u00f1os desde que la plantilla de la factor\u00eda Knauf de Noain decidiera interpelar a la empresa para acordar un pacto que mejorase las condiciones laborales que el convenio estatal de Qu\u00edmicas les marca; tras tres a\u00f1os de dilataciones, inconcreciones e incluso faltas de respeto a la representante de LAB, los trabajadores y trabajadoras de esta peque\u00f1a f\u00e1brica han decidido plantarse y realizar paros durante los d\u00edas 18, 19 y 20 de octubre por un pacto con unas condiciones dignas.<\/p>\n\n\n\n<p>En opini\u00f3n del sindicato LAB, el convenio estatal de Qu\u00edmicas es totalmente insuficiente para la realidad navarra, y por eso aboga por conseguir un convenio propio. Pero mientras llegue, en el caso concreto de Knauf, LAB y los trabajadores y trabajadoras buscan alcanzar un pacto con la empresa que dignifique sus condiciones laborales. De momento no ha sido posible, ya que la empresa ha dilatado la negociaci\u00f3n seg\u00fan sus intereses e incluso ha tenido faltas de respeto a la \u00fanica representante sindical.<\/p>\n\n\n\n<p>En este contexto, la plantilla de Knauf ha dicho basta y se ha plantado: realizar\u00e1n paros parciales los d\u00edas 18, 19 y 20 de octubre de 12:00 a 13:00 y de 14:00 a 15:00. El paro de hoy se puede valorar como exitoso, y es importante destacar el apoyo que han brindado trabajadoras y trabajadores de otras empresas, entre ellas las de BSH, para la que Knauf realiza el 90% de la producci\u00f3n. En BSH el Comit\u00e9 de Empresa presentar\u00e1 una moci\u00f3n de solidaridad con la lucha que se est\u00e1 llevando en Knauf.<\/p>\n\n\n\n<p>Estos tres d\u00edas de paros no son m\u00e1s que un comienzo. La plantilla de Knauf tiene claro cu\u00e1l es el objetivo y no desistir\u00e1 hasta conseguirlo: unas condiciones laborales dignas y una relaci\u00f3n normalizada y de respeto por parte de la empresa. Tras los paros de estos tres d\u00edas, si la empresa persiste en su actitud, habr\u00e1 m\u00e1s movilizaciones.<\/p>\n\n\n<div class=\"wp-block-image\">\n<figure class=\"aligncenter size-large is-resized\"><img loading=\"lazy\" decoding=\"async\" width=\"724\" height=\"1024\" src=\"https:\/\/www.lab.eus\/wp-content\/uploads\/2023\/10\/knaufKARTELA-724x1024.jpg\" alt=\"\" class=\"wp-image-62232\" style=\"aspect-ratio:0.70703125;width:358px;height:auto\" srcset=\"https:\/\/www.lab.eus\/wp-content\/uploads\/2023\/10\/knaufKARTELA-724x1024.jpg 724w, https:\/\/www.lab.eus\/wp-content\/uploads\/2023\/10\/knaufKARTELA-212x300.jpg 212w, https:\/\/www.lab.eus\/wp-content\/uploads\/2023\/10\/knaufKARTELA-768x1086.jpg 768w, https:\/\/www.lab.eus\/wp-content\/uploads\/2023\/10\/knaufKARTELA-150x212.jpg 150w, https:\/\/www.lab.eus\/wp-content\/uploads\/2023\/10\/knaufKARTELA-300x424.jpg 300w, https:\/\/www.lab.eus\/wp-content\/uploads\/2023\/10\/knaufKARTELA-696x984.jpg 696w, https:\/\/www.lab.eus\/wp-content\/uploads\/2023\/10\/knaufKARTELA.jpg 905w\" sizes=\"auto, (max-width: 724px) 100vw, 724px\" \/><\/figure><\/div>","protected":false},"excerpt":{"rendered":"<p>Una vez transcurridos tres a\u00f1os desde que la plantilla de la factor\u00eda Knauf de Noain decidiera interpelar a la empresa para acordar un pacto que mejorase las condiciones laborales que el convenio estatal de Qu\u00edmicas les marca; tras tres a\u00f1os de dilataciones, inconcreciones e incluso faltas de respeto a la representante de LAB, los trabajadores y trabajadoras de esta peque\u00f1a f\u00e1brica han decidido plantarse y realizar paros durante los d\u00edas 18, 19 y 20 de octubre por un pacto con unas condiciones dignas.<\/p>\n","protected":false},"author":1191,"featured_media":62230,"comment_status":"closed","ping_status":"closed","sticky":false,"template":"","format":"standard","meta":{"_monsterinsights_skip_tracking":false,"_monsterinsights_sitenote_active":false,"_monsterinsights_sitenote_note":"","_monsterinsights_sitenote_category":0,"footnotes":"","_links_to":"","_links_to_target":""},"categories":[18,2867,2868,98],"tags":[3028,3178,2980,2979,2069],"class_list":{"0":"post-62234","1":"post","2":"type-post","3":"status-publish","4":"format-standard","5":"has-post-thumbnail","7":"category-es-accion-sindical","8":"category-federaciones","9":"category-industria-es","10":"category-es-industria-quimica","11":"tag-accion-sindical-2","12":"tag-destacado-1","13":"tag-federaciones","14":"tag-industria-2","15":"tag-knauf"},"_links":{"self":[{"href":"https:\/\/www.lab.eus\/es\/wp-json\/wp\/v2\/posts\/62234","targetHints":{"allow":["GET"]}}],"collection":[{"href":"https:\/\/www.lab.eus\/es\/wp-json\/wp\/v2\/posts"}],"about":[{"href":"https:\/\/www.lab.eus\/es\/wp-json\/wp\/v2\/types\/post"}],"author":[{"embeddable":true,"href":"https:\/\/www.lab.eus\/es\/wp-json\/wp\/v2\/users\/1191"}],"replies":[{"embeddable":true,"href":"https:\/\/www.lab.eus\/es\/wp-json\/wp\/v2\/comments?post=62234"}],"version-history":[{"count":0,"href":"https:\/\/www.lab.eus\/es\/wp-json\/wp\/v2\/posts\/62234\/revisions"}],"wp:featuredmedia":[{"embeddable":true,"href":"https:\/\/www.lab.eus\/es\/wp-json\/wp\/v2\/media\/62230"}],"wp:attachment":[{"href":"https:\/\/www.lab.eus\/es\/wp-json\/wp\/v2\/media?parent=62234"}],"wp:term":[{"taxonomy":"category","embeddable":true,"href":"https:\/\/www.lab.eus\/es\/wp-json\/wp\/v2\/categories?post=62234"},{"taxonomy":"post_tag","embeddable":true,"href":"https:\/\/www.lab.eus\/es\/wp-json\/wp\/v2\/tags?post=62234"}],"curies":[{"name":"wp","href":"https:\/\/api.w.org\/{rel}","templated":true}]}}