{"id":62221,"date":"2023-10-18T10:31:51","date_gmt":"2023-10-18T10:31:51","guid":{"rendered":"https:\/\/www.lab.eus\/?p=62221"},"modified":"2023-10-18T12:06:09","modified_gmt":"2023-10-18T12:06:09","slug":"llamamos-a-las-trabajadoras-y-a-los-trabajadores-a-tomar-las-calles-el-4-de-noviembre-por-el-derecho-a-vivir-y-trabajar-en-euskera","status":"publish","type":"post","link":"https:\/\/www.lab.eus\/es\/llamamos-a-las-trabajadoras-y-a-los-trabajadores-a-tomar-las-calles-el-4-de-noviembre-por-el-derecho-a-vivir-y-trabajar-en-euskera\/","title":{"rendered":"Llamamos a las trabajadoras y a los trabajadores a tomar las calles el 4 de noviembre por el derecho a vivir y trabajar en euskera"},"content":{"rendered":"\n<p>A principios del pr\u00f3ximo mes se celebrar\u00e1 en Bilbao una movilizaci\u00f3n nacional para hacer frente a los ataques judiciales que \u00faltimamente se han producido contra el euskera. En este sentido, representantes sindicales y del mundo del trabajo hemos comparecido hoy junto a Euskalgintzaren Konsteilua, precisamente despu\u00e9s de que ayer se diera a conocer el \u00faltimo ataque judicial.<\/p>\n\n\n\n<p>La Sala de lo Contencioso-Administrativo del Tribunal Superior de Justicia del Pa\u00eds Vasco ha dictado resoluci\u00f3n contraria al Decreto 179\/2019 sobre normalizaci\u00f3n del uso institucional y administrativo de las lenguas oficiales en las entidades locales de Euskadi. Este decreto desarrollaba la Ley Municipal de 2016 y los jueces han anulado, total o parcialmente, varios art\u00edculos. Al igual que Euskalgintzaren Kontseilua, LAB opina que se trata de una agresi\u00f3n muy grave y multiplica la necesidad de participar en la manifestaci\u00f3n del 4 de noviembre.<\/p>\n\n\n\n<p>La coordinadora general, Garbi\u00f1e Aranburu, ha comparecido en el Kafe Antzokia de Bilbao en representaci\u00f3n del sindicato. En primer lugar, ha destacado la l\u00ednea de trabajo trazada junto con Kontseilua, que busca garantizar el derecho a vivir y trabajar en euskera: \u00abJunto con Euskalgintzaren Kontseilua, desde la mayor\u00eda sindical solicitamos un plan para euskaldunizar la administraci\u00f3n. El objetivo de este plan es garantizar el derecho de la ciudadan\u00eda a ser atendida en euskera y el de los empleados p\u00fablicos a trabajar en ese mismo idioma\u00bb.<\/p>\n\n\n\n<figure class=\"wp-block-image size-large\"><img loading=\"lazy\" decoding=\"async\" width=\"1024\" height=\"683\" src=\"https:\/\/www.lab.eus\/wp-content\/uploads\/2023\/10\/garbine-antzokian-ona-1-1024x683.jpeg\" alt=\"\" class=\"wp-image-62247\" srcset=\"https:\/\/www.lab.eus\/wp-content\/uploads\/2023\/10\/garbine-antzokian-ona-1-1024x683.jpeg 1024w, https:\/\/www.lab.eus\/wp-content\/uploads\/2023\/10\/garbine-antzokian-ona-1-300x200.jpeg 300w, https:\/\/www.lab.eus\/wp-content\/uploads\/2023\/10\/garbine-antzokian-ona-1-768x512.jpeg 768w, https:\/\/www.lab.eus\/wp-content\/uploads\/2023\/10\/garbine-antzokian-ona-1-1536x1024.jpeg 1536w, https:\/\/www.lab.eus\/wp-content\/uploads\/2023\/10\/garbine-antzokian-ona-1-2048x1365.jpeg 2048w, https:\/\/www.lab.eus\/wp-content\/uploads\/2023\/10\/garbine-antzokian-ona-1-150x100.jpeg 150w, https:\/\/www.lab.eus\/wp-content\/uploads\/2023\/10\/garbine-antzokian-ona-1-696x464.jpeg 696w, https:\/\/www.lab.eus\/wp-content\/uploads\/2023\/10\/garbine-antzokian-ona-1-1068x712.jpeg 1068w, https:\/\/www.lab.eus\/wp-content\/uploads\/2023\/10\/garbine-antzokian-ona-1-1920x1280.jpeg 1920w\" sizes=\"auto, (max-width: 1024px) 100vw, 1024px\" \/><\/figure>\n\n\n\n<p>Asimismo, ha destacado que la ofensiva judicial contra el euskera tambi\u00e9n la sufrimos de lleno los trabajadores y trabajadoras y que las sucesivas decisiones judiciales que se oponen a la implantaci\u00f3n de perfiles ling\u00fc\u00edsticos ponen de manifiesto que se trata de una ofensiva generalizada y no de casos aislados: \u00abAyer nos enteramos de la en\u00e9sima sentencia llegada de los juzgados. Denunciamos firmemente que el Tribunal de Justicia del Pa\u00eds Vasco haya vulnerado nuestro derecho a trabajar en euskera \u00ab.<\/p>\n\n\n\n<p>El s\u00e1bado 4 de noviembre, a las 17:00 horas, la manifestaci\u00f3n convocada por Euskalgintzaren Kontseilua partir\u00e1 desde el Palacio Euskalduna de Bilbo y tendr\u00e1 como lema principal el siguiente: <em>Oldarraldia aurrean, euskararekin bat, euskaraz bat<\/em>.<\/p>\n","protected":false},"excerpt":{"rendered":"<p>A principios del pr\u00f3ximo mes se celebrar\u00e1 en Bilbao una movilizaci\u00f3n nacional para hacer frente a los ataques judiciales que \u00faltimamente se han producido contra el euskera. En este sentido, representantes sindicales y del mundo del trabajo hemos comparecido hoy junto a Euskalgintzaren Konsteilua, precisamente despu\u00e9s de que ayer se diera a conocer el \u00faltimo ataque judicial.<\/p>\n","protected":false},"author":1191,"featured_media":62249,"comment_status":"closed","ping_status":"closed","sticky":false,"template":"","format":"standard","meta":{"_monsterinsights_skip_tracking":false,"_monsterinsights_sitenote_active":false,"_monsterinsights_sitenote_note":"","_monsterinsights_sitenote_category":0,"footnotes":"","_links_to":"","_links_to_target":""},"categories":[3402,18,2994,3280,2973],"tags":[3033,3182,3178,3277,3279],"class_list":{"0":"post-62221","1":"post","2":"type-post","3":"status-publish","4":"format-standard","5":"has-post-thumbnail","7":"category-accion-politica","8":"category-es-accion-sindical","9":"category-accion-social","10":"category-secretaria-de-euskara","11":"category-secretarias","12":"tag-accion-sindical-es","13":"tag-accion-social-es","14":"tag-destacado-1","15":"tag-garbine-aranburu-es","16":"tag-portada-es"},"_links":{"self":[{"href":"https:\/\/www.lab.eus\/es\/wp-json\/wp\/v2\/posts\/62221","targetHints":{"allow":["GET"]}}],"collection":[{"href":"https:\/\/www.lab.eus\/es\/wp-json\/wp\/v2\/posts"}],"about":[{"href":"https:\/\/www.lab.eus\/es\/wp-json\/wp\/v2\/types\/post"}],"author":[{"embeddable":true,"href":"https:\/\/www.lab.eus\/es\/wp-json\/wp\/v2\/users\/1191"}],"replies":[{"embeddable":true,"href":"https:\/\/www.lab.eus\/es\/wp-json\/wp\/v2\/comments?post=62221"}],"version-history":[{"count":0,"href":"https:\/\/www.lab.eus\/es\/wp-json\/wp\/v2\/posts\/62221\/revisions"}],"wp:featuredmedia":[{"embeddable":true,"href":"https:\/\/www.lab.eus\/es\/wp-json\/wp\/v2\/media\/62249"}],"wp:attachment":[{"href":"https:\/\/www.lab.eus\/es\/wp-json\/wp\/v2\/media?parent=62221"}],"wp:term":[{"taxonomy":"category","embeddable":true,"href":"https:\/\/www.lab.eus\/es\/wp-json\/wp\/v2\/categories?post=62221"},{"taxonomy":"post_tag","embeddable":true,"href":"https:\/\/www.lab.eus\/es\/wp-json\/wp\/v2\/tags?post=62221"}],"curies":[{"name":"wp","href":"https:\/\/api.w.org\/{rel}","templated":true}]}}