{"id":61958,"date":"2023-10-13T10:36:57","date_gmt":"2023-10-13T10:36:57","guid":{"rendered":"https:\/\/www.lab.eus\/?p=61958"},"modified":"2023-10-13T10:36:59","modified_gmt":"2023-10-13T10:36:59","slug":"tras-conseguir-la-reapertura-parcial-de-la-frontera-gracias-a-la-presion-de-los-movimientos-sociales-seguiremos-trabajando-por-medidas-concretas-para-garantizar-derechos","status":"publish","type":"post","link":"https:\/\/www.lab.eus\/es\/tras-conseguir-la-reapertura-parcial-de-la-frontera-gracias-a-la-presion-de-los-movimientos-sociales-seguiremos-trabajando-por-medidas-concretas-para-garantizar-derechos\/","title":{"rendered":"Tras conseguir la reapertura parcial de la frontera gracias a la presi\u00f3n de los movimientos sociales, seguiremos trabajando por medidas concretas para garantizar derechos"},"content":{"rendered":"\n<p>Esta semana se ha hecho p\u00fablico que el 30 de octubre, al finalizar el Mundial de Rugby en Francia, se reabrir\u00e1n 4 v\u00edas fronterizas de las 8 que fueron cerradas en enero de 2021, por la Prefectura de los Pirineos Atl\u00e1nticos, con el argumento de frenar la migraci\u00f3n ilegal y el terrorismo.<\/p>\n\n\n\n<p>Despu\u00e9s de casi 3 a\u00f1os de su cierre, en enero de 2021, el puente peatonal Ir\u00fan-Hendaia y los pasos de Aldude (Nafarroa Beherea), Izpegi (Nafarroa Beherea) y Larraine (Zuberoa) ser\u00e1n reabiertos a cambio de un aumento del control policial terrestre fruto de la colaboraci\u00f3n entre las fuerzas policiales de los estados franc\u00e9s y espa\u00f1ol.<\/p>\n\n\n\n<p>La noticia de esta semana no es casualidad, la leemos como parte del recrudecimiento del car\u00e1cter restrictictivo y securitizador de las fronteras, tras el acuerdo entre 27 pa\u00edses del Pacto Europeo de Migraci\u00f3n y Asilo hace una semana en Granada.<\/p>\n\n\n\n<p>M\u00e1s de lo mismo, pero peor. Vulneraci\u00f3n sistematica de los derechos fundamentales de las personas en tr\u00e1nsito migratorio, negaci\u00f3n del derecho a las v\u00edas de tr\u00e1nsito seguro y perpetuaci\u00f3n de las \u201cdevoluciones en caliente\u201d no s\u00f3lo seguir\u00e1n siendo moneda corriente en la muga, sino que se expandir\u00e1n.<\/p>\n\n\n\n<p>Como venimos haciendo desde hace meses, permaneceremos atentos y atentas a la evoluci\u00f3n de los acontecimientos en los pr\u00f3ximos d\u00edas y, si es necesario, seguiremos moviliz\u00e1ndonos con todos los agentes sociales, sindicatos y organizaciones que lo deseen, hasta que se abran todos los pasos fronterizos. Seguiremos luchando por medidas concretas y dignas que garanticen la protecci\u00f3n y los derechos de todos y todas.<\/p>\n","protected":false},"excerpt":{"rendered":"<p>Esta semana se ha hecho p\u00fablico que el 30 de octubre, al finalizar el Mundial de Rugby en Francia, se reabrir\u00e1n 4 v\u00edas fronterizas de las 8 que fueron cerradas en enero de 2021, por la Prefectura de los Pirineos Atl\u00e1nticos, con el argumento de frenar la migraci\u00f3n ilegal y el terrorismo.<\/p>\n","protected":false},"author":1191,"featured_media":61959,"comment_status":"closed","ping_status":"closed","sticky":false,"template":"","format":"standard","meta":{"_monsterinsights_skip_tracking":false,"_monsterinsights_sitenote_active":false,"_monsterinsights_sitenote_note":"","_monsterinsights_sitenote_category":0,"footnotes":"","_links_to":"","_links_to_target":""},"categories":[2994],"tags":[3182,4278,3178,3540,4119],"class_list":{"0":"post-61958","1":"post","2":"type-post","3":"status-publish","4":"format-standard","5":"has-post-thumbnail","7":"category-accion-social","8":"tag-accion-social-es","9":"tag-control-de-fronteras","10":"tag-destacado-1","11":"tag-migraciones","12":"tag-secretaria-antirracista-es"},"_links":{"self":[{"href":"https:\/\/www.lab.eus\/es\/wp-json\/wp\/v2\/posts\/61958","targetHints":{"allow":["GET"]}}],"collection":[{"href":"https:\/\/www.lab.eus\/es\/wp-json\/wp\/v2\/posts"}],"about":[{"href":"https:\/\/www.lab.eus\/es\/wp-json\/wp\/v2\/types\/post"}],"author":[{"embeddable":true,"href":"https:\/\/www.lab.eus\/es\/wp-json\/wp\/v2\/users\/1191"}],"replies":[{"embeddable":true,"href":"https:\/\/www.lab.eus\/es\/wp-json\/wp\/v2\/comments?post=61958"}],"version-history":[{"count":0,"href":"https:\/\/www.lab.eus\/es\/wp-json\/wp\/v2\/posts\/61958\/revisions"}],"wp:featuredmedia":[{"embeddable":true,"href":"https:\/\/www.lab.eus\/es\/wp-json\/wp\/v2\/media\/61959"}],"wp:attachment":[{"href":"https:\/\/www.lab.eus\/es\/wp-json\/wp\/v2\/media?parent=61958"}],"wp:term":[{"taxonomy":"category","embeddable":true,"href":"https:\/\/www.lab.eus\/es\/wp-json\/wp\/v2\/categories?post=61958"},{"taxonomy":"post_tag","embeddable":true,"href":"https:\/\/www.lab.eus\/es\/wp-json\/wp\/v2\/tags?post=61958"}],"curies":[{"name":"wp","href":"https:\/\/api.w.org\/{rel}","templated":true}]}}