{"id":61942,"date":"2023-10-13T09:20:31","date_gmt":"2023-10-13T09:20:31","guid":{"rendered":"https:\/\/www.lab.eus\/?p=61942"},"modified":"2023-10-13T11:36:31","modified_gmt":"2023-10-13T11:36:31","slug":"ofrecermos-formacion-a-trabajadores-y-trabajadoras-migradas-y-racializadas","status":"publish","type":"post","link":"https:\/\/www.lab.eus\/es\/ofrecermos-formacion-a-trabajadores-y-trabajadoras-migradas-y-racializadas\/","title":{"rendered":"Ofrecemos formaci\u00f3n a trabajadores y trabajadoras migradas y racializadas"},"content":{"rendered":"\n<p>La Secretar\u00eda Antirracista del sindicato, dentro del trabajo que est\u00e1 realizando de cara a transformar LAB en un sindicato antirracista, ofrecer\u00e1 formaci\u00f3n a trabajadoras migradas y racializadas sobre derechos laborales en Bizkaia, Gipuzkoa y Nafarroa.<\/p>\n\n\n\n<p>La formaci\u00f3n ser\u00e1 sobre derechos laborales y autodefensa colectiva antirracista, y tendr\u00e1 los siguientes objetivos:<\/p>\n\n\n\n<ul class=\"wp-block-list\">\n<li>Facilitar un espacio de encuentro y reconocimiento entre trabajadoras migradas y racializadas.<\/li>\n\n\n\n<li>Facilitar herramientas \u00fatiles e informaci\u00f3n clave en derechos laborales claves.<\/li>\n\n\n\n<li>Poner en com\u00fan estrategias de resistencia y autodefensa colectiva, desde una acci\u00f3n sindical antirracista.<\/li>\n<\/ul>\n\n\n\n<p>Las sesiones formativas, de una duraci\u00f3n de dos horas, se llevar\u00e1n a cabo en Azpeitia, Iru\u00f1ea, Tutera y Bilbo.<\/p>\n\n\n\n<ul class=\"wp-block-list\">\n<li><strong>Azpeitia<\/strong>. 16 de octubre. De 17:30 a 19:30 en la sede de la Mancomunidad de Urola Erdia (Plaza nagusia, 11).<\/li>\n\n\n\n<li><strong>Iru\u00f1ea<\/strong>. 18 de octubre. De 17:30 a 19:30 en la sede de LAB (R\u00edo Arga, 12-14).<\/li>\n\n\n\n<li><strong>Tutera<\/strong>. 19 de octubre. De 18:30 a 20:30 en el centro c\u00edvico R\u00faa (R\u00faa, 33).<\/li>\n\n\n\n<li><strong>Bilbo<\/strong>. 23 de octubre. De 17:30 a 19:30 en la sede de LAB (Alda. Rekalde, 62).<\/li>\n<\/ul>\n\n\n\n<p>Si eres trabajadora migrada y racializada y est\u00e1s interesada en participar en alguna de las sesiones, escribe a j.roco@lab.eus.<\/p>\n","protected":false},"excerpt":{"rendered":"<p>La Secretar\u00eda Antirracista del sindicato, dentro del trabajo que est\u00e1 realizando de cara a transformar LAB en un sindicato antirracista, ofrecer\u00e1 formaci\u00f3n a trabajadoras migradas y racializadas sobre derechos laborales en Bizkaia, Gipuzkoa y Nafarroa.<\/p>\n","protected":false},"author":1191,"featured_media":61940,"comment_status":"closed","ping_status":"closed","sticky":false,"template":"","format":"standard","meta":{"_monsterinsights_skip_tracking":false,"_monsterinsights_sitenote_active":false,"_monsterinsights_sitenote_note":"","_monsterinsights_sitenote_category":0,"footnotes":"","_links_to":"","_links_to_target":""},"categories":[2994,2973],"tags":[3182,3178,4119],"class_list":{"0":"post-61942","1":"post","2":"type-post","3":"status-publish","4":"format-standard","5":"has-post-thumbnail","7":"category-accion-social","8":"category-secretarias","9":"tag-accion-social-es","10":"tag-destacado-1","11":"tag-secretaria-antirracista-es"},"_links":{"self":[{"href":"https:\/\/www.lab.eus\/es\/wp-json\/wp\/v2\/posts\/61942","targetHints":{"allow":["GET"]}}],"collection":[{"href":"https:\/\/www.lab.eus\/es\/wp-json\/wp\/v2\/posts"}],"about":[{"href":"https:\/\/www.lab.eus\/es\/wp-json\/wp\/v2\/types\/post"}],"author":[{"embeddable":true,"href":"https:\/\/www.lab.eus\/es\/wp-json\/wp\/v2\/users\/1191"}],"replies":[{"embeddable":true,"href":"https:\/\/www.lab.eus\/es\/wp-json\/wp\/v2\/comments?post=61942"}],"version-history":[{"count":0,"href":"https:\/\/www.lab.eus\/es\/wp-json\/wp\/v2\/posts\/61942\/revisions"}],"wp:featuredmedia":[{"embeddable":true,"href":"https:\/\/www.lab.eus\/es\/wp-json\/wp\/v2\/media\/61940"}],"wp:attachment":[{"href":"https:\/\/www.lab.eus\/es\/wp-json\/wp\/v2\/media?parent=61942"}],"wp:term":[{"taxonomy":"category","embeddable":true,"href":"https:\/\/www.lab.eus\/es\/wp-json\/wp\/v2\/categories?post=61942"},{"taxonomy":"post_tag","embeddable":true,"href":"https:\/\/www.lab.eus\/es\/wp-json\/wp\/v2\/tags?post=61942"}],"curies":[{"name":"wp","href":"https:\/\/api.w.org\/{rel}","templated":true}]}}