{"id":61916,"date":"2023-10-12T13:51:00","date_gmt":"2023-10-12T13:51:00","guid":{"rendered":"https:\/\/www.lab.eus\/?p=61916"},"modified":"2023-10-12T14:05:38","modified_gmt":"2023-10-12T14:05:38","slug":"dos-accidentes-laborales-muy-graves-ocurridos-en-bizkaia-ponen-de-manifiesto-que-la-ley-de-prevencion-es-incumplida-sistematicamente-por-la-patronal","status":"publish","type":"post","link":"https:\/\/www.lab.eus\/es\/dos-accidentes-laborales-muy-graves-ocurridos-en-bizkaia-ponen-de-manifiesto-que-la-ley-de-prevencion-es-incumplida-sistematicamente-por-la-patronal\/","title":{"rendered":"Dos accidentes laborales muy graves ocurridos en Bizkaia ponen de manifiesto que la Ley de Prevenci\u00f3n es incumplida sistem\u00e1ticamente por la patronal"},"content":{"rendered":"\n<p>Denunciamos nuevamente dos accidentes laborales muy graves cuyo resultado es de tres heridos, dos de ellos de gravedad. Ambos accidentes laborales ocurrieron el mismo d\u00eda, lunes 9 de octubre, a pocos kil\u00f3metros entre s\u00ed, uno de ellos en Getxo y el otro en Erandio.<\/p>\n\n\n\n<p><strong>Dos trabajadores heridos en Getxo al caer el ascensor en el que trabajaban<\/strong><br>Tal y como inform\u00f3 por las redes sociales Bomberos de Bizkaia, debieron rescatar a dos trabajadores que hab\u00edan sufrido heridas al caer el ascensor en el que trabajaban. El ascensor se encontraba en una vivienda particular en la calle Urkiola. Consecuencia de ello, un trabajador result\u00f3 con heridas graves en un brazo, y el otro debi\u00f3 ser rescatado por los bomberos al quedar atrapado bajo la cabina del ascensor.<\/p>\n\n\n\n<p><strong>Herido grave al caer de una altura de cuatro metros en Erandio<\/strong><br>Un trabajador se precipit\u00f3 desde una altura de cuatro metros, al pisar una placa trasl\u00facida cuando realizaba trabajos de desamiantado en una nave industrial de la calle Ribera en Erandio. El trabajador herido, de 32 a\u00f1os, trabaja en la empresa Reformas Maver.<\/p>\n\n\n\n<p>Consecuencia de los dos accidentes laborales, los trabajadores necesitaron atenci\u00f3n sanitaria, siendo conducidos al hospital.<\/p>\n\n\n\n<p>Nuevamente dos accidente de trabajo por ca\u00edda desde altura. Todos los a\u00f1os hay varios trabajadores y trabajadoras que pierden la vida como consecuencia de este tipo de accidentes, por lo que LAB se pregunta cu\u00e1ndo se va a reforzar el control de este tipo de trabajos. Lo que est\u00e1 claro es que esas condiciones en las que se desarrollan los trabajos y la falta o fallo de las medidas de prevenci\u00f3n y seguridad es lo que produce la ca\u00edda.<\/p>\n\n\n\n<p>Adem\u00e1s, el caso del accidente de Erandio conlleva un plus, ya que se trata del desamiantado de una nave, que tiene que tener protocolos de seguridad m\u00e1s estrictos y un plan espec\u00edfico de c\u00f3mo desarrollar las tareas, un control y un seguimiento de los trabajos\u2026 Pero esto no sucede. Lo que est\u00e1 sucediendo en los trabajos de desamiantado, como en algunos casos recientes, es que est\u00e1n primando los altos ritmos de trabajo, para hacerlo cuento antes y tener el menor tiempo de parada de la actividad o de parte de la misma.<\/p>\n\n\n\n<p>El sindicato LAB quiere mostrar su solidaridad y apoyo a los trabajadores heridos, as\u00ed como a sus familiares, compa\u00f1eras y compa\u00f1eros de trabajo y amigos y amigas.<\/p>\n\n\n\n<p>Asimismo, denuncia que estos accidentes laborales no son una cosa aislada, sino que es el pan de cada d\u00eda para las y los trabajadores. Los ritmos elevados de trabajo, las presiones para terminar cuanto antes en definitiva, la prioridad de la patronal de obtener beneficios econ\u00f3micos r\u00e1pidamente por encima de la seguridad y salud de las y los trabajadores est\u00e1 detr\u00e1s del incumplimiento sistem\u00e1tico de la ley de prevenci\u00f3n. Un incumplimiento que es posible por la complicidad y dejadez de unas instituciones que ni los vigilan ni los castigan.<\/p>\n","protected":false},"excerpt":{"rendered":"<p>Denunciamos nuevamente dos accidentes laborales muy graves cuyo resultado es de tres heridos, dos de ellos de gravedad. Ambos accidentes laborales ocurrieron el mismo d\u00eda, lunes 9 de octubre, a pocos kil\u00f3metros entre s\u00ed, uno de ellos en Getxo y el otro en Erandio.<\/p>\n","protected":false},"author":1191,"featured_media":61923,"comment_status":"closed","ping_status":"closed","sticky":false,"template":"","format":"standard","meta":{"_monsterinsights_skip_tracking":false,"_monsterinsights_sitenote_active":false,"_monsterinsights_sitenote_note":"","_monsterinsights_sitenote_category":0,"footnotes":"","_links_to":"","_links_to_target":""},"categories":[18,15,2973],"tags":[3460,3033,3178,3083,3024],"class_list":{"0":"post-61916","1":"post","2":"type-post","3":"status-publish","4":"format-standard","5":"has-post-thumbnail","7":"category-es-accion-sindical","8":"category-es-salud-laboral","9":"category-secretarias","10":"tag-accidentes-laborales","11":"tag-accion-sindical-es","12":"tag-destacado-1","13":"tag-salud-laboral-es","14":"tag-secretarias"},"_links":{"self":[{"href":"https:\/\/www.lab.eus\/es\/wp-json\/wp\/v2\/posts\/61916","targetHints":{"allow":["GET"]}}],"collection":[{"href":"https:\/\/www.lab.eus\/es\/wp-json\/wp\/v2\/posts"}],"about":[{"href":"https:\/\/www.lab.eus\/es\/wp-json\/wp\/v2\/types\/post"}],"author":[{"embeddable":true,"href":"https:\/\/www.lab.eus\/es\/wp-json\/wp\/v2\/users\/1191"}],"replies":[{"embeddable":true,"href":"https:\/\/www.lab.eus\/es\/wp-json\/wp\/v2\/comments?post=61916"}],"version-history":[{"count":0,"href":"https:\/\/www.lab.eus\/es\/wp-json\/wp\/v2\/posts\/61916\/revisions"}],"wp:featuredmedia":[{"embeddable":true,"href":"https:\/\/www.lab.eus\/es\/wp-json\/wp\/v2\/media\/61923"}],"wp:attachment":[{"href":"https:\/\/www.lab.eus\/es\/wp-json\/wp\/v2\/media?parent=61916"}],"wp:term":[{"taxonomy":"category","embeddable":true,"href":"https:\/\/www.lab.eus\/es\/wp-json\/wp\/v2\/categories?post=61916"},{"taxonomy":"post_tag","embeddable":true,"href":"https:\/\/www.lab.eus\/es\/wp-json\/wp\/v2\/tags?post=61916"}],"curies":[{"name":"wp","href":"https:\/\/api.w.org\/{rel}","templated":true}]}}