{"id":61886,"date":"2023-10-12T09:48:52","date_gmt":"2023-10-12T09:48:52","guid":{"rendered":"https:\/\/www.lab.eus\/?p=61886"},"modified":"2023-10-12T09:54:00","modified_gmt":"2023-10-12T09:54:00","slug":"exigimos-que-cese-la-criminalicacion-contra-la-lucha-de-los-y-las-trabajadoras-de-diversidad-funcional","status":"publish","type":"post","link":"https:\/\/www.lab.eus\/es\/exigimos-que-cese-la-criminalicacion-contra-la-lucha-de-los-y-las-trabajadoras-de-diversidad-funcional\/","title":{"rendered":"Exigimos que cese la criminalizaci\u00f3n contra la lucha de los y las trabajadoras de diversidad funcional"},"content":{"rendered":"\n<p>El 9 de mayo trabajadoras y trabajadores del sector de la diversidad funcional, movimiento conocido como <em>Marea Azul<\/em>, organizaron una movilizaci\u00f3n frente al Itsas Museum de Bilbo en defensa de los convenios de las empresas en lucha. Pues bien, una de las huelguistas, representante de LAB, ha sido citada a declarar en el juzgado el pr\u00f3ximo 17 de octubre y el sindicato ha organizado una concentraci\u00f3n ese d\u00eda para mostrar su apoyo y hacer ver que la lucha sindical no es delito. La movilizaci\u00f3n ser\u00e1 a las 9:15 ante el juzgado de la calle Buenos Aires, en Bilbo.<\/p>\n\n\n\n<p>En el Itsas Musuem, el diputado de Acci\u00f3n Social de la Diputaci\u00f3n Foral de Bizkaia, Sergio Murillo, y las asociaciones y partidos pol\u00edticos hab\u00edan convocado un acto y se movilizaron cerca de 500 trabajadores y trabajadoras de Gorabide, Aspace, Gaude, Madres Mercedarias, etc.<\/p>\n\n\n\n<p>Desde el primer momento la presencia policial fue notable y en varias ocasiones, antes del inicio de la movilizaci\u00f3n, los agentes se acercaron amenazando tanto a quienes preparaban la concentraci\u00f3n como a quienes se un\u00edan a ella, identificando a algunos de sus miembros.<\/p>\n\n\n\n<p>El punto \u00e1lgido de tensi\u00f3n se produjo con la entrada de Sergio Murillo y los miembros de la Diputaci\u00f3n Foral de Bizkaia. Cabe recordar que la Diputaci\u00f3n Foral de Bizkaia ha cedido el servicio que deber\u00eda prestar a estas empresas, pero a la hora de firmar los convenios tiene el control sobre ellas, ya que es la que da el s\u00ed o el no a los convenios de las empresas. Para ese momento, la entrada y la explanada estaba tomada por la polic\u00eda y cargaron violentamente contra los y las trabajadoras concentradas, hiriendo a dos miembros de LAB que tuvieron que acudir al hospital por las lesiones sufridas en la cabeza e identificando adem\u00e1s a varias personas.<\/p>\n\n\n\n<p>Ahora, una delegada de LAB y trabajadora de la Asociaci\u00f3n Gaude ha sido citada a declarar en los juzgados para el 17 de octubre a las 10:00 de la ma\u00f1ana. Asimismo, les han llegado sanciones administrativas a otros miembros de LAB, entre los que se encuentra una persona que acab\u00f3 en el hospital.<\/p>\n\n\n\n<p>LAB tiene claro qu\u00e9 funci\u00f3n desempe\u00f1a cada uno en el sistema capitalista actual y qui\u00e9n ordena y ejecuta la persecuci\u00f3n contra los trabajadores y trabajadoras y contra la lucha sindical. As\u00ed las cosas, ha querido expresar su solidaridad con quienes est\u00e1n en lucha: personal de ambulancias, Mecaner y Glavista, sectores que luchan por un sistema p\u00fablico comunitario de cuidados, trabajadores y trabajadoras de hosteler\u00eda y de la UPV\/EHU.<\/p>\n\n\n\n<p>El sindicato tambi\u00e9n tiene claro que luchar merece la pena y que eso les ha llevado a ir cerrando convenios en este sector. Aprovecha, adem\u00e1s, para trasladar \u00e1nimos a las trabajadoras de ASPACE que todav\u00eda est\u00e1n enlucha. LAB expresa, asimismo, que lucha sindical no es delito y que el camino que ha emprendido la <em>Marea Azul<\/em> seguir\u00e1 siendo una herramienta para luchar en el sector.<\/p>\n\n\n\n<p>LAB muestra la firme intenci\u00f3n de seguir dibujando y ganando el sistema p\u00fablico comunitario de cuidados por encima de amenazas, persecuciones y obst\u00e1culos. Con ese mismo objetivo llenar\u00e1n las calles en la Huelga General Feminista del 30 de noviembre.<\/p>\n\n\n\n<p>Por todo ello, el 17 de octubre a partir de las 9:15, ante el juzgado de la calle Buenos Aires de Bilbao, han convocado una concentraci\u00f3n bajo el lema La lucha sindical no es delito.<\/p>\n\n\n\n<figure class=\"wp-block-image size-large\"><img loading=\"lazy\" decoding=\"async\" width=\"724\" height=\"1024\" src=\"https:\/\/www.lab.eus\/wp-content\/uploads\/2023\/10\/2023-10-17-LAB_Gaude-724x1024.jpg\" alt=\"\" class=\"wp-image-61882\" srcset=\"https:\/\/www.lab.eus\/wp-content\/uploads\/2023\/10\/2023-10-17-LAB_Gaude-724x1024.jpg 724w, https:\/\/www.lab.eus\/wp-content\/uploads\/2023\/10\/2023-10-17-LAB_Gaude-212x300.jpg 212w, https:\/\/www.lab.eus\/wp-content\/uploads\/2023\/10\/2023-10-17-LAB_Gaude-768x1086.jpg 768w, https:\/\/www.lab.eus\/wp-content\/uploads\/2023\/10\/2023-10-17-LAB_Gaude-1086x1536.jpg 1086w, https:\/\/www.lab.eus\/wp-content\/uploads\/2023\/10\/2023-10-17-LAB_Gaude-150x212.jpg 150w, https:\/\/www.lab.eus\/wp-content\/uploads\/2023\/10\/2023-10-17-LAB_Gaude-300x424.jpg 300w, https:\/\/www.lab.eus\/wp-content\/uploads\/2023\/10\/2023-10-17-LAB_Gaude-696x985.jpg 696w, https:\/\/www.lab.eus\/wp-content\/uploads\/2023\/10\/2023-10-17-LAB_Gaude-1068x1511.jpg 1068w, https:\/\/www.lab.eus\/wp-content\/uploads\/2023\/10\/2023-10-17-LAB_Gaude-297x420.jpg 297w, https:\/\/www.lab.eus\/wp-content\/uploads\/2023\/10\/2023-10-17-LAB_Gaude.jpg 1131w\" sizes=\"auto, (max-width: 724px) 100vw, 724px\" \/><\/figure>\n\n\n\n\n","protected":false},"excerpt":{"rendered":"<p>El 9 de mayo trabajadoras y trabajadores del sector de la diversidad funcional, movimiento conocido como Marea Azul, organizaron una movilizaci\u00f3n frente al Itsas Museum de Bilbo en defensa de los convenios de las empresas en lucha. Pues bien, una de las huelguistas, representante de LAB, ha sido citada a declarar en el juzgado el pr\u00f3ximo 17 de octubre y el sindicato ha organizado una concentraci\u00f3n ese d\u00eda para mostrar su apoyo y hacer ver que la lucha sindical no es delito. La movilizaci\u00f3n ser\u00e1 a las 9:15 ante el juzgado de la calle Buenos Aires, en Bilbo.<\/p>\n","protected":false},"author":1191,"featured_media":61884,"comment_status":"closed","ping_status":"closed","sticky":false,"template":"","format":"standard","meta":{"_monsterinsights_skip_tracking":false,"_monsterinsights_sitenote_active":false,"_monsterinsights_sitenote_note":"","_monsterinsights_sitenote_category":0,"footnotes":"","_links_to":"","_links_to_target":""},"categories":[18,2867,3000,6,3283],"tags":[3033,3178,3415,3066,3689,3171,3272],"class_list":{"0":"post-61886","1":"post","2":"type-post","3":"status-publish","4":"format-standard","5":"has-post-thumbnail","7":"category-es-accion-sindical","8":"category-federaciones","9":"category-servicio-sociocomunitario","10":"category-es-servicios-publicos","11":"category-sin-categorizar","12":"tag-accion-sindical-es","13":"tag-destacado-1","14":"tag-diversidad-funcional","15":"tag-federaciones-es","16":"tag-gaude","17":"tag-servicios-publicos-es","18":"tag-sociocomunitario-es"},"_links":{"self":[{"href":"https:\/\/www.lab.eus\/es\/wp-json\/wp\/v2\/posts\/61886","targetHints":{"allow":["GET"]}}],"collection":[{"href":"https:\/\/www.lab.eus\/es\/wp-json\/wp\/v2\/posts"}],"about":[{"href":"https:\/\/www.lab.eus\/es\/wp-json\/wp\/v2\/types\/post"}],"author":[{"embeddable":true,"href":"https:\/\/www.lab.eus\/es\/wp-json\/wp\/v2\/users\/1191"}],"replies":[{"embeddable":true,"href":"https:\/\/www.lab.eus\/es\/wp-json\/wp\/v2\/comments?post=61886"}],"version-history":[{"count":0,"href":"https:\/\/www.lab.eus\/es\/wp-json\/wp\/v2\/posts\/61886\/revisions"}],"wp:featuredmedia":[{"embeddable":true,"href":"https:\/\/www.lab.eus\/es\/wp-json\/wp\/v2\/media\/61884"}],"wp:attachment":[{"href":"https:\/\/www.lab.eus\/es\/wp-json\/wp\/v2\/media?parent=61886"}],"wp:term":[{"taxonomy":"category","embeddable":true,"href":"https:\/\/www.lab.eus\/es\/wp-json\/wp\/v2\/categories?post=61886"},{"taxonomy":"post_tag","embeddable":true,"href":"https:\/\/www.lab.eus\/es\/wp-json\/wp\/v2\/tags?post=61886"}],"curies":[{"name":"wp","href":"https:\/\/api.w.org\/{rel}","templated":true}]}}