{"id":61868,"date":"2023-10-11T14:43:41","date_gmt":"2023-10-11T14:43:41","guid":{"rendered":"https:\/\/www.lab.eus\/?p=61868"},"modified":"2023-10-11T15:16:06","modified_gmt":"2023-10-11T15:16:06","slug":"la-plantilla-de-mecaner-secunda-en-su-totalidad-la-huelga-y-toma-las-calles-de-bilbo","status":"publish","type":"post","link":"https:\/\/www.lab.eus\/es\/la-plantilla-de-mecaner-secunda-en-su-totalidad-la-huelga-y-toma-las-calles-de-bilbo\/","title":{"rendered":"La plantilla de Mecaner secunda en su totalidad la huelga y toma las calles de Bilbo"},"content":{"rendered":"\n<p>Hoy, 11 de octubre, la plantilla de Mecaner ha realizado el segundo d\u00eda de huelga en contra del cierre de la f\u00e1brica de Urduliz y en defensa del tejido industrial de la comarca.<\/p>\n\n\n\n<p>Los y las trabajadoras de Mecaner han secundado la huelga en defensa de sus puestos de trabajo y han tomado las calles de Bilbo.<\/p>\n\n\n\n<p>Desde bien pronto, los y las trabajadoras de Mecaner se han concentrado a las puertas de la f\u00e1brica y tras varias horas de piquete, han llevado sus reivindicaciones al coraz\u00f3n de Bilbo.<\/p>\n\n\n\n<p>A las 9:00 de la ma\u00f1ana se ha llevado a cabo una manifestaci\u00f3n por la gran v\u00eda hasta las puertas del Gobierno Vasco para denunciar, la avaricia empresarial, el cierre de la planta y la deslocalizaci\u00f3n que quiere llevar a cabo el grupo Stellantis en la planta de Urduliz.<\/p>\n\n\n\n<p>Posteriormente, el comit\u00e9 de empresa de Mecaner se ha reunido con el departamento de trabajo.<\/p>\n\n\n\n<p>En dicha reuni\u00f3n, el comit\u00e9 de empresa ha trasladado la situaci\u00f3n que sufren los y las trabajadoras de Mecaner y de las intenciones de Stellantis.<\/p>\n\n\n\n<p>En la reuni\u00f3n se han querido querido remarcar varias cuestiones:<\/p>\n\n\n\n<ul class=\"wp-block-list\">\n<li>La decisi\u00f3n de la empresa est\u00e1 enmarcada dentro de un plan estrat\u00e9gico, llevar a cabo un proceso de deslocalizaci\u00f3n y cerrar la planta de Urduliz, con un objetivo claro: aumentar sus margenes de beneficios, reduciendo costes.<\/li>\n\n\n\n<li>Que Mecaner es una empresa viable y competitiva. En el \u00faltimo a\u00f1o, Mecaner ha obtenido 606.000 euros de beneficios y el grupo Stellantis m\u00e1s de 16.000 millones.<\/li>\n\n\n\n<li>Las consecuencias negativas tanto laborales como sociales que conlleva el cierre de Mecaner; destrucci\u00f3n de empleo directo e indirecto,&#8230;<\/li>\n\n\n\n<li>La necesidad de que las instituciones jueguen un papel activo y se impliquen en la busqueda de una soluci\u00f3n que permita la continuidad de Mecaner.<\/li>\n<\/ul>\n\n\n\n<p>Tras la reuni\u00f3n con el departamento de trabajo, la plantilla de Mecaner, se ha acercado a la concentraci\u00f3n convocada por el comit\u00e9 de empresa de Autoglas-Glavista a las puertas del despacho del abogado de Parter Capital, para mostrar nuestro apoyo y solidaridad a las 240 trabajadores y trabajadoras.<\/p>\n\n\n\n<p>LAB, lo tiene claro, no vamos a asumir el futuro negro que nos quieren imponer. Ante estos ataques y el desmantelamiento progresivo de nuestra industria solo no queda luchar y responder como pueblo.<\/p>\n\n\n\n<figure class=\"wp-block-image size-large\"><img loading=\"lazy\" decoding=\"async\" width=\"1024\" height=\"576\" src=\"https:\/\/www.lab.eus\/wp-content\/uploads\/2023\/10\/amaierakoargazkiamecanerglavista-1024x576.jpg\" alt=\"\" class=\"wp-image-61873\" srcset=\"https:\/\/www.lab.eus\/wp-content\/uploads\/2023\/10\/amaierakoargazkiamecanerglavista-1024x576.jpg 1024w, https:\/\/www.lab.eus\/wp-content\/uploads\/2023\/10\/amaierakoargazkiamecanerglavista-300x169.jpg 300w, https:\/\/www.lab.eus\/wp-content\/uploads\/2023\/10\/amaierakoargazkiamecanerglavista-768x432.jpg 768w, https:\/\/www.lab.eus\/wp-content\/uploads\/2023\/10\/amaierakoargazkiamecanerglavista-150x84.jpg 150w, https:\/\/www.lab.eus\/wp-content\/uploads\/2023\/10\/amaierakoargazkiamecanerglavista-696x392.jpg 696w, https:\/\/www.lab.eus\/wp-content\/uploads\/2023\/10\/amaierakoargazkiamecanerglavista-1068x601.jpg 1068w, https:\/\/www.lab.eus\/wp-content\/uploads\/2023\/10\/amaierakoargazkiamecanerglavista-747x420.jpg 747w, https:\/\/www.lab.eus\/wp-content\/uploads\/2023\/10\/amaierakoargazkiamecanerglavista.jpg 1280w\" sizes=\"auto, (max-width: 1024px) 100vw, 1024px\" \/><\/figure>\n","protected":false},"excerpt":{"rendered":"<p>Hoy, 11 de octubre, la plantilla de Mecaner ha realizado el segundo d\u00eda de huelga en contra del cierre de la f\u00e1brica de Urduliz y en defensa del tejido industrial de la comarca.<\/p>\n","protected":false},"author":1191,"featured_media":61866,"comment_status":"closed","ping_status":"closed","sticky":false,"template":"","format":"standard","meta":{"_monsterinsights_skip_tracking":false,"_monsterinsights_sitenote_active":false,"_monsterinsights_sitenote_note":"","_monsterinsights_sitenote_category":0,"footnotes":"","_links_to":"","_links_to_target":""},"categories":[18,2867,2868],"tags":[3028,3925,2979],"class_list":{"0":"post-61868","1":"post","2":"type-post","3":"status-publish","4":"format-standard","5":"has-post-thumbnail","7":"category-es-accion-sindical","8":"category-federaciones","9":"category-industria-es","10":"tag-accion-sindical-2","11":"tag-destacado-1-3","12":"tag-industria-2"},"_links":{"self":[{"href":"https:\/\/www.lab.eus\/es\/wp-json\/wp\/v2\/posts\/61868","targetHints":{"allow":["GET"]}}],"collection":[{"href":"https:\/\/www.lab.eus\/es\/wp-json\/wp\/v2\/posts"}],"about":[{"href":"https:\/\/www.lab.eus\/es\/wp-json\/wp\/v2\/types\/post"}],"author":[{"embeddable":true,"href":"https:\/\/www.lab.eus\/es\/wp-json\/wp\/v2\/users\/1191"}],"replies":[{"embeddable":true,"href":"https:\/\/www.lab.eus\/es\/wp-json\/wp\/v2\/comments?post=61868"}],"version-history":[{"count":0,"href":"https:\/\/www.lab.eus\/es\/wp-json\/wp\/v2\/posts\/61868\/revisions"}],"wp:featuredmedia":[{"embeddable":true,"href":"https:\/\/www.lab.eus\/es\/wp-json\/wp\/v2\/media\/61866"}],"wp:attachment":[{"href":"https:\/\/www.lab.eus\/es\/wp-json\/wp\/v2\/media?parent=61868"}],"wp:term":[{"taxonomy":"category","embeddable":true,"href":"https:\/\/www.lab.eus\/es\/wp-json\/wp\/v2\/categories?post=61868"},{"taxonomy":"post_tag","embeddable":true,"href":"https:\/\/www.lab.eus\/es\/wp-json\/wp\/v2\/tags?post=61868"}],"curies":[{"name":"wp","href":"https:\/\/api.w.org\/{rel}","templated":true}]}}