{"id":61794,"date":"2023-10-11T12:32:02","date_gmt":"2023-10-11T12:32:02","guid":{"rendered":"https:\/\/www.lab.eus\/?p=61794"},"modified":"2023-10-11T12:32:22","modified_gmt":"2023-10-11T12:32:22","slug":"segunda-jornada-de-huelga-en-la-hosteleria-de-bizkaia","status":"publish","type":"post","link":"https:\/\/www.lab.eus\/es\/segunda-jornada-de-huelga-en-la-hosteleria-de-bizkaia\/","title":{"rendered":"Segunda jornada de huelga en la hosteler\u00eda de Bizkaia"},"content":{"rendered":"\n<p>Tras la del 4 de octubre, las y los trabajadores de hosteler\u00eda de Bizkaia han realizado una segunda jornada de huelga, convocada por los sindicatos LAB, ELA, CCOO y UGT. Las y los trabajadores del sector han hecho este llamamiento ante la actitud de la patronal y la convocatoria ha afectado de forma notable a los hoteles y colectividades de Bizkaia. El 12 de octubre realizar\u00e1n la tercera jornada de huelga en el sector.<br><br>Hoy, las y los trabajadores han realizado piquetes en las cocinas centrales de las empresas Gasca y Basca a primeras horas de la ma\u00f1ana. Seguidamente, se han movilizado ante varios hoteles de Bilbao, como Meli\u00e1, Vinci, Domine, Hesperia, Albia y Raddison. A mediod\u00eda, han realizado una kalejira desde la sede de la Diputaci\u00f3n Foral hasta la Plaza Nueva.<br><br>Las y los trabajadores del sector hotelero y de colectividades mantienen congelados sus salarios desde 2020. En la mesa negociadora no hay ning\u00fan movimiento y no se prev\u00e9n reuniones para los pr\u00f3ximos meses. En este contexto, las y los trabajadores han decidido ir a la huelga.<br><br>Han mostrado su hartazgo al ver que la inflaci\u00f3n, y en consecuencia los precios, suben y ellos y ellas, en cambio, siguen con los mismos sueldos que hace tres a\u00f1os. Adem\u00e1s, cada d\u00eda son testigos de los datos de ocupaci\u00f3n hotelera y ven que Bizkaia es cada vez m\u00e1s atractiva para los turistas.<br><br>Adem\u00e1s de los salarios precarios y congelados, han subrayado que su jornada anual es de 1.750 horas, cuando en Gipuzkoa es de 1.716 horas este a\u00f1o y ser\u00e1 de 1.709 en 2024.<\/p>\n\n\n\n<p><br><br><\/p>\n\n\n\n<figure class=\"wp-block-gallery has-nested-images columns-default is-cropped wp-block-gallery-1 is-layout-flex wp-block-gallery-is-layout-flex\">\n<figure class=\"wp-block-image size-large\"><img loading=\"lazy\" decoding=\"async\" width=\"1024\" height=\"768\" data-id=\"61842\" src=\"https:\/\/www.lab.eus\/wp-content\/uploads\/2023\/10\/2023-10-11-Greba-Bizkaiko-ostalaritzan_5-2-1024x768.jpeg\" alt=\"\" class=\"wp-image-61842\" srcset=\"https:\/\/www.lab.eus\/wp-content\/uploads\/2023\/10\/2023-10-11-Greba-Bizkaiko-ostalaritzan_5-2-1024x768.jpeg 1024w, https:\/\/www.lab.eus\/wp-content\/uploads\/2023\/10\/2023-10-11-Greba-Bizkaiko-ostalaritzan_5-2-300x225.jpeg 300w, https:\/\/www.lab.eus\/wp-content\/uploads\/2023\/10\/2023-10-11-Greba-Bizkaiko-ostalaritzan_5-2-768x576.jpeg 768w, https:\/\/www.lab.eus\/wp-content\/uploads\/2023\/10\/2023-10-11-Greba-Bizkaiko-ostalaritzan_5-2-1536x1152.jpeg 1536w, https:\/\/www.lab.eus\/wp-content\/uploads\/2023\/10\/2023-10-11-Greba-Bizkaiko-ostalaritzan_5-2-150x113.jpeg 150w, https:\/\/www.lab.eus\/wp-content\/uploads\/2023\/10\/2023-10-11-Greba-Bizkaiko-ostalaritzan_5-2-696x522.jpeg 696w, https:\/\/www.lab.eus\/wp-content\/uploads\/2023\/10\/2023-10-11-Greba-Bizkaiko-ostalaritzan_5-2-1068x801.jpeg 1068w, https:\/\/www.lab.eus\/wp-content\/uploads\/2023\/10\/2023-10-11-Greba-Bizkaiko-ostalaritzan_5-2-560x420.jpeg 560w, https:\/\/www.lab.eus\/wp-content\/uploads\/2023\/10\/2023-10-11-Greba-Bizkaiko-ostalaritzan_5-2-80x60.jpeg 80w, https:\/\/www.lab.eus\/wp-content\/uploads\/2023\/10\/2023-10-11-Greba-Bizkaiko-ostalaritzan_5-2-265x198.jpeg 265w, https:\/\/www.lab.eus\/wp-content\/uploads\/2023\/10\/2023-10-11-Greba-Bizkaiko-ostalaritzan_5-2.jpeg 1600w\" sizes=\"auto, (max-width: 1024px) 100vw, 1024px\" \/><\/figure>\n\n\n\n<figure class=\"wp-block-image size-large\"><img loading=\"lazy\" decoding=\"async\" width=\"1024\" height=\"768\" data-id=\"61844\" src=\"https:\/\/www.lab.eus\/wp-content\/uploads\/2023\/10\/2023-10-11-Greba-Bizkaiko-ostalaritzan_4-2-1024x768.jpeg\" alt=\"\" class=\"wp-image-61844\" srcset=\"https:\/\/www.lab.eus\/wp-content\/uploads\/2023\/10\/2023-10-11-Greba-Bizkaiko-ostalaritzan_4-2-1024x768.jpeg 1024w, https:\/\/www.lab.eus\/wp-content\/uploads\/2023\/10\/2023-10-11-Greba-Bizkaiko-ostalaritzan_4-2-300x225.jpeg 300w, https:\/\/www.lab.eus\/wp-content\/uploads\/2023\/10\/2023-10-11-Greba-Bizkaiko-ostalaritzan_4-2-768x576.jpeg 768w, https:\/\/www.lab.eus\/wp-content\/uploads\/2023\/10\/2023-10-11-Greba-Bizkaiko-ostalaritzan_4-2-1536x1152.jpeg 1536w, https:\/\/www.lab.eus\/wp-content\/uploads\/2023\/10\/2023-10-11-Greba-Bizkaiko-ostalaritzan_4-2-150x113.jpeg 150w, https:\/\/www.lab.eus\/wp-content\/uploads\/2023\/10\/2023-10-11-Greba-Bizkaiko-ostalaritzan_4-2-696x522.jpeg 696w, https:\/\/www.lab.eus\/wp-content\/uploads\/2023\/10\/2023-10-11-Greba-Bizkaiko-ostalaritzan_4-2-1068x801.jpeg 1068w, https:\/\/www.lab.eus\/wp-content\/uploads\/2023\/10\/2023-10-11-Greba-Bizkaiko-ostalaritzan_4-2-1920x1440.jpeg 1920w, https:\/\/www.lab.eus\/wp-content\/uploads\/2023\/10\/2023-10-11-Greba-Bizkaiko-ostalaritzan_4-2-560x420.jpeg 560w, https:\/\/www.lab.eus\/wp-content\/uploads\/2023\/10\/2023-10-11-Greba-Bizkaiko-ostalaritzan_4-2-80x60.jpeg 80w, https:\/\/www.lab.eus\/wp-content\/uploads\/2023\/10\/2023-10-11-Greba-Bizkaiko-ostalaritzan_4-2-265x198.jpeg 265w, https:\/\/www.lab.eus\/wp-content\/uploads\/2023\/10\/2023-10-11-Greba-Bizkaiko-ostalaritzan_4-2.jpeg 2048w\" sizes=\"auto, (max-width: 1024px) 100vw, 1024px\" \/><\/figure>\n\n\n\n<figure class=\"wp-block-image size-large\"><img loading=\"lazy\" decoding=\"async\" width=\"1024\" height=\"689\" data-id=\"61841\" src=\"https:\/\/www.lab.eus\/wp-content\/uploads\/2023\/10\/2023-10-11-Greba-Bizkaiko-ostalaritzan_3-2-1024x689.jpeg\" alt=\"\" class=\"wp-image-61841\" srcset=\"https:\/\/www.lab.eus\/wp-content\/uploads\/2023\/10\/2023-10-11-Greba-Bizkaiko-ostalaritzan_3-2-1024x689.jpeg 1024w, https:\/\/www.lab.eus\/wp-content\/uploads\/2023\/10\/2023-10-11-Greba-Bizkaiko-ostalaritzan_3-2-300x202.jpeg 300w, https:\/\/www.lab.eus\/wp-content\/uploads\/2023\/10\/2023-10-11-Greba-Bizkaiko-ostalaritzan_3-2-768x517.jpeg 768w, https:\/\/www.lab.eus\/wp-content\/uploads\/2023\/10\/2023-10-11-Greba-Bizkaiko-ostalaritzan_3-2-1536x1033.jpeg 1536w, https:\/\/www.lab.eus\/wp-content\/uploads\/2023\/10\/2023-10-11-Greba-Bizkaiko-ostalaritzan_3-2-150x101.jpeg 150w, https:\/\/www.lab.eus\/wp-content\/uploads\/2023\/10\/2023-10-11-Greba-Bizkaiko-ostalaritzan_3-2-696x468.jpeg 696w, https:\/\/www.lab.eus\/wp-content\/uploads\/2023\/10\/2023-10-11-Greba-Bizkaiko-ostalaritzan_3-2-1068x719.jpeg 1068w, https:\/\/www.lab.eus\/wp-content\/uploads\/2023\/10\/2023-10-11-Greba-Bizkaiko-ostalaritzan_3-2-624x420.jpeg 624w, https:\/\/www.lab.eus\/wp-content\/uploads\/2023\/10\/2023-10-11-Greba-Bizkaiko-ostalaritzan_3-2.jpeg 1580w\" sizes=\"auto, (max-width: 1024px) 100vw, 1024px\" \/><\/figure>\n\n\n\n<figure class=\"wp-block-image size-large\"><img loading=\"lazy\" decoding=\"async\" width=\"1024\" height=\"768\" data-id=\"61846\" src=\"https:\/\/www.lab.eus\/wp-content\/uploads\/2023\/10\/2023-10-11-Greba-Bizkaiko-ostalaritzan_2-2-1024x768.jpeg\" alt=\"\" class=\"wp-image-61846\" srcset=\"https:\/\/www.lab.eus\/wp-content\/uploads\/2023\/10\/2023-10-11-Greba-Bizkaiko-ostalaritzan_2-2-1024x768.jpeg 1024w, https:\/\/www.lab.eus\/wp-content\/uploads\/2023\/10\/2023-10-11-Greba-Bizkaiko-ostalaritzan_2-2-300x225.jpeg 300w, https:\/\/www.lab.eus\/wp-content\/uploads\/2023\/10\/2023-10-11-Greba-Bizkaiko-ostalaritzan_2-2-768x576.jpeg 768w, https:\/\/www.lab.eus\/wp-content\/uploads\/2023\/10\/2023-10-11-Greba-Bizkaiko-ostalaritzan_2-2-1536x1152.jpeg 1536w, https:\/\/www.lab.eus\/wp-content\/uploads\/2023\/10\/2023-10-11-Greba-Bizkaiko-ostalaritzan_2-2-150x113.jpeg 150w, https:\/\/www.lab.eus\/wp-content\/uploads\/2023\/10\/2023-10-11-Greba-Bizkaiko-ostalaritzan_2-2-696x522.jpeg 696w, https:\/\/www.lab.eus\/wp-content\/uploads\/2023\/10\/2023-10-11-Greba-Bizkaiko-ostalaritzan_2-2-1068x801.jpeg 1068w, https:\/\/www.lab.eus\/wp-content\/uploads\/2023\/10\/2023-10-11-Greba-Bizkaiko-ostalaritzan_2-2-1920x1440.jpeg 1920w, https:\/\/www.lab.eus\/wp-content\/uploads\/2023\/10\/2023-10-11-Greba-Bizkaiko-ostalaritzan_2-2-560x420.jpeg 560w, https:\/\/www.lab.eus\/wp-content\/uploads\/2023\/10\/2023-10-11-Greba-Bizkaiko-ostalaritzan_2-2-80x60.jpeg 80w, https:\/\/www.lab.eus\/wp-content\/uploads\/2023\/10\/2023-10-11-Greba-Bizkaiko-ostalaritzan_2-2-265x198.jpeg 265w, https:\/\/www.lab.eus\/wp-content\/uploads\/2023\/10\/2023-10-11-Greba-Bizkaiko-ostalaritzan_2-2.jpeg 2048w\" sizes=\"auto, (max-width: 1024px) 100vw, 1024px\" \/><\/figure>\n<\/figure>\n","protected":false},"excerpt":{"rendered":"<p>Tras la del 4 de octubre, las y los trabajadores de hosteler\u00eda de Bizkaia han realizado una segunda jornada de huelga, convocada por los sindicatos LAB, ELA, CCOO y UGT. Las y los trabajadores del sector han hecho este llamamiento ante la actitud de la patronal y la convocatoria ha afectado de forma notable a los hoteles y colectividades de Bizkaia. El 12 de octubre realizar\u00e1n la tercera jornada de huelga en el sector.<\/p>\n","protected":false},"author":1191,"featured_media":61827,"comment_status":"closed","ping_status":"closed","sticky":false,"template":"","format":"standard","meta":{"_monsterinsights_skip_tracking":false,"_monsterinsights_sitenote_active":false,"_monsterinsights_sitenote_note":"","_monsterinsights_sitenote_category":0,"footnotes":"","_links_to":"","_links_to_target":""},"categories":[18,2867,2956,8,3283],"tags":[3033,3178,3066,3592,4031,3172],"class_list":{"0":"post-61794","1":"post","2":"type-post","3":"status-publish","4":"format-standard","5":"has-post-thumbnail","7":"category-es-accion-sindical","8":"category-federaciones","9":"category-hosteleria","10":"category-es-servicios-privados","11":"category-sin-categorizar","12":"tag-accion-sindical-es","13":"tag-destacado-1","14":"tag-federaciones-es","15":"tag-hosteleria","16":"tag-hosteleria-de-bizkaia","17":"tag-servicios-privados-es"},"_links":{"self":[{"href":"https:\/\/www.lab.eus\/es\/wp-json\/wp\/v2\/posts\/61794","targetHints":{"allow":["GET"]}}],"collection":[{"href":"https:\/\/www.lab.eus\/es\/wp-json\/wp\/v2\/posts"}],"about":[{"href":"https:\/\/www.lab.eus\/es\/wp-json\/wp\/v2\/types\/post"}],"author":[{"embeddable":true,"href":"https:\/\/www.lab.eus\/es\/wp-json\/wp\/v2\/users\/1191"}],"replies":[{"embeddable":true,"href":"https:\/\/www.lab.eus\/es\/wp-json\/wp\/v2\/comments?post=61794"}],"version-history":[{"count":0,"href":"https:\/\/www.lab.eus\/es\/wp-json\/wp\/v2\/posts\/61794\/revisions"}],"wp:featuredmedia":[{"embeddable":true,"href":"https:\/\/www.lab.eus\/es\/wp-json\/wp\/v2\/media\/61827"}],"wp:attachment":[{"href":"https:\/\/www.lab.eus\/es\/wp-json\/wp\/v2\/media?parent=61794"}],"wp:term":[{"taxonomy":"category","embeddable":true,"href":"https:\/\/www.lab.eus\/es\/wp-json\/wp\/v2\/categories?post=61794"},{"taxonomy":"post_tag","embeddable":true,"href":"https:\/\/www.lab.eus\/es\/wp-json\/wp\/v2\/tags?post=61794"}],"curies":[{"name":"wp","href":"https:\/\/api.w.org\/{rel}","templated":true}]}}