{"id":61757,"date":"2023-10-10T11:59:27","date_gmt":"2023-10-10T11:59:27","guid":{"rendered":"https:\/\/www.lab.eus\/?p=61757"},"modified":"2023-10-10T12:22:07","modified_gmt":"2023-10-10T12:22:07","slug":"el-gobierno-vasco-sigue-dando-motivos-para-ir-a-la-huelga-el-25-de-octubre","status":"publish","type":"post","link":"https:\/\/www.lab.eus\/es\/el-gobierno-vasco-sigue-dando-motivos-para-ir-a-la-huelga-el-25-de-octubre\/","title":{"rendered":"El Gobierno Vasco sigue dando motivos para ir a la huelga el 25 de octubre"},"content":{"rendered":"\n<p>Como era de esperar, la reuni\u00f3n de la Mesa General que deber\u00eda negociar las condiciones laborales de los y las trabajadoras del sector p\u00fablico no ha supuesto ninguna novedad y el Gobierno Vasco sigue negando la negociaci\u00f3n colectiva. Los sindicatos recibieron la noticia de la subida salarial para 2022 directamente de los medios de comunicaci\u00f3n y la subida para 2023 ya recoge la subordinaci\u00f3n a los presupuestos de la CAV.<\/p>\n\n\n\n<p>Los sindicatos que participan en la mesa y convocan la huelga han puesto sobre la mesa sus propuestas y reivindicaciones, pero el gobierno las ha ignorado y ha insinuado que viven en una realidad diferente. <\/p>\n\n\n\n<p>Por ello, denuncian una vez m\u00e1s la evidencia de que los reiterados llamamientos a la colaboraci\u00f3n que realiza el lehendakari de la CAV, I\u00f1igo Urkullu, son meras palabras, cuando, en realidad, opta por el autoritarismo. La mesa de negociaci\u00f3n colectiva es percibida como un mero teatro por el Gobierno Vasco que dirige e impone las medidas, porque puede y quiere. No quiere comprometerse a tomar decisiones de mutuo acuerdo, como se hace en cualquier otro \u00e1mbito de trabajo.<\/p>\n\n\n\n<p>El Gobierno Vasco sigue con la intenci\u00f3n de ahondar en los problemas que los sindicatos denuncian en la convocatoria de huelga para el 25 de octubre y, por ello, se mantienen las reivindicaciones. Piden a Urkullu que haga de una vez por todas la autocr\u00edtica que tantas veces repite, y le solicitan el compromiso de abordar con sinceridad las necesidades de la sociedad y de los trabajadores y trabajadoras.<\/p>\n\n\n\n<p>Mientras no se modifiquen las condiciones, LAB seguir\u00e1 llamando a los trabajadores a movilizaciones y huelgas, primando la colaboraci\u00f3n sindical y la unidad de los trabajadores y trabajadoras.<\/p>\n","protected":false},"excerpt":{"rendered":"<p>Como era de esperar, la reuni\u00f3n de la Mesa General que deber\u00eda negociar las condiciones laborales de los y las trabajadoras del sector p\u00fablico no ha supuesto ninguna novedad y el Gobierno Vasco sigue negando la negociaci\u00f3n colectiva. Los sindicatos recibieron la noticia de la subida salarial para 2022 directamente de los medios de comunicaci\u00f3n y para 2023 ya ha recogido la subida en los presupuestos de la CAV, aceptando la subordinaci\u00f3n a los presupuestos de Madrid.<\/p>\n","protected":false},"author":1191,"featured_media":61755,"comment_status":"closed","ping_status":"closed","sticky":false,"template":"","format":"standard","meta":{"_monsterinsights_skip_tracking":false,"_monsterinsights_sitenote_active":false,"_monsterinsights_sitenote_note":"","_monsterinsights_sitenote_category":0,"footnotes":"","_links_to":"","_links_to_target":""},"categories":[18,2867,6],"tags":[3033,3178,3066,4271,3171],"class_list":{"0":"post-61757","1":"post","2":"type-post","3":"status-publish","4":"format-standard","5":"has-post-thumbnail","7":"category-es-accion-sindical","8":"category-federaciones","9":"category-es-servicios-publicos","10":"tag-accion-sindical-es","11":"tag-destacado-1","12":"tag-federaciones-es","13":"tag-sector-publico-de-la-cav","14":"tag-servicios-publicos-es"},"_links":{"self":[{"href":"https:\/\/www.lab.eus\/es\/wp-json\/wp\/v2\/posts\/61757","targetHints":{"allow":["GET"]}}],"collection":[{"href":"https:\/\/www.lab.eus\/es\/wp-json\/wp\/v2\/posts"}],"about":[{"href":"https:\/\/www.lab.eus\/es\/wp-json\/wp\/v2\/types\/post"}],"author":[{"embeddable":true,"href":"https:\/\/www.lab.eus\/es\/wp-json\/wp\/v2\/users\/1191"}],"replies":[{"embeddable":true,"href":"https:\/\/www.lab.eus\/es\/wp-json\/wp\/v2\/comments?post=61757"}],"version-history":[{"count":0,"href":"https:\/\/www.lab.eus\/es\/wp-json\/wp\/v2\/posts\/61757\/revisions"}],"wp:featuredmedia":[{"embeddable":true,"href":"https:\/\/www.lab.eus\/es\/wp-json\/wp\/v2\/media\/61755"}],"wp:attachment":[{"href":"https:\/\/www.lab.eus\/es\/wp-json\/wp\/v2\/media?parent=61757"}],"wp:term":[{"taxonomy":"category","embeddable":true,"href":"https:\/\/www.lab.eus\/es\/wp-json\/wp\/v2\/categories?post=61757"},{"taxonomy":"post_tag","embeddable":true,"href":"https:\/\/www.lab.eus\/es\/wp-json\/wp\/v2\/tags?post=61757"}],"curies":[{"name":"wp","href":"https:\/\/api.w.org\/{rel}","templated":true}]}}