{"id":61671,"date":"2023-10-09T11:45:07","date_gmt":"2023-10-09T11:45:07","guid":{"rendered":"https:\/\/www.lab.eus\/?p=61671"},"modified":"2023-10-09T11:45:49","modified_gmt":"2023-10-09T11:45:49","slug":"nos-hemos-movilizado-contra-el-erte-de-siemens-gamesa-de-asteasu-ante-el-juicio-celebrado-en-donostia","status":"publish","type":"post","link":"https:\/\/www.lab.eus\/es\/nos-hemos-movilizado-contra-el-erte-de-siemens-gamesa-de-asteasu-ante-el-juicio-celebrado-en-donostia\/","title":{"rendered":"Nos hemos movilizado contra el ERTE de Siemens Gamesa de Asteasu ante el juicio celebrado en Donostia"},"content":{"rendered":"\n<p>Hoy se ha celebrado el juicio por el ERTE presentado en Siemens Gamesa de Asteasu en Donostia y LAB se ha movilizado contra el mismo.<\/p>\n\n\n\n<p>En mayo, la direcci\u00f3n de la planta de Siemens Gamesa en Asteasu inici\u00f3 el procedimiento para aplicar un ERTE alegando problemas de producci\u00f3n y organizaci\u00f3n.<\/p>\n\n\n\n<p>En las tres reuniones celebradas durante el periodo de negociaci\u00f3n la empresa realiz\u00f3 diferentes intentos de argumentar la necesidad del ERTE. Sin embargo, los y las trabajadoras lo hemos tenido claro desde el principio, nunca ha habido necesidad de hacer uso de este ERTE, s\u00f3lo ha sido una de las consecuencia de las decisiones interesadas tomadas a su medida por la empresa, nunca ha habido una bajada de la produccion y los y las trabajadoras no vamos ha pagar las consecuencias de las decisiones adoptadas por la empresa a su medida.<\/p>\n\n\n\n<p>El plazo de negociaci\u00f3n del ERTE finaliz\u00f3 sin acuerdo, ya que para los trabajadores y trabajadoras es inadmisible que sean ellas y ellos quienes tengan que pagar las consecuencias de las decisiones adoptadas por la empresa, y en ning\u00fan momento se ha razonado realmente cu\u00e1les eran las razones por las que la empresa consideraba que se iba a utilizar el ERTE.<\/p>\n\n\n\n<p>Por eso, denunciamos el ERTE y hoy se celebra el juicio sobre esto. Tenemos claro que la medida adoptada nunca ha sido necesaria. Y as\u00ed lo demostraremos ante el juez.<\/p>\n\n\n\n<p>No podemos olvidar que en el centro de trabajo de Siemens Gamesa en Asteasu, que est\u00e1 en venta, hace unos meses, las y los trabajadores alcanzaron, a trav\u00e9s de la lucha, un acuerdo que garantiza los derechos y puestos de trabajo de la plantilla frente a la venta de la empresa.<\/p>\n","protected":false},"excerpt":{"rendered":"<p>Hoy se ha celebrado el juicio por el ERTE presentado en Siemens Gamesa de Asteasu en Donostia y LAB se ha movilizado contra el mismo.<\/p>\n","protected":false},"author":1191,"featured_media":61669,"comment_status":"closed","ping_status":"closed","sticky":false,"template":"","format":"standard","meta":{"_monsterinsights_skip_tracking":false,"_monsterinsights_sitenote_active":false,"_monsterinsights_sitenote_note":"","_monsterinsights_sitenote_category":0,"footnotes":"","_links_to":"","_links_to_target":""},"categories":[18,2867,2868,108],"tags":[3033,3178,3066,2996,3064,3561,3562],"class_list":{"0":"post-61671","1":"post","2":"type-post","3":"status-publish","4":"format-standard","5":"has-post-thumbnail","7":"category-es-accion-sindical","8":"category-federaciones","9":"category-industria-es","10":"category-es-metal","11":"tag-accion-sindical-es","12":"tag-destacado-1","13":"tag-federaciones-es","14":"tag-industria-es","15":"tag-metal-es","16":"tag-siemens-gamesa-2","17":"tag-siemens-gamesa-asteasu"},"_links":{"self":[{"href":"https:\/\/www.lab.eus\/es\/wp-json\/wp\/v2\/posts\/61671","targetHints":{"allow":["GET"]}}],"collection":[{"href":"https:\/\/www.lab.eus\/es\/wp-json\/wp\/v2\/posts"}],"about":[{"href":"https:\/\/www.lab.eus\/es\/wp-json\/wp\/v2\/types\/post"}],"author":[{"embeddable":true,"href":"https:\/\/www.lab.eus\/es\/wp-json\/wp\/v2\/users\/1191"}],"replies":[{"embeddable":true,"href":"https:\/\/www.lab.eus\/es\/wp-json\/wp\/v2\/comments?post=61671"}],"version-history":[{"count":0,"href":"https:\/\/www.lab.eus\/es\/wp-json\/wp\/v2\/posts\/61671\/revisions"}],"wp:featuredmedia":[{"embeddable":true,"href":"https:\/\/www.lab.eus\/es\/wp-json\/wp\/v2\/media\/61669"}],"wp:attachment":[{"href":"https:\/\/www.lab.eus\/es\/wp-json\/wp\/v2\/media?parent=61671"}],"wp:term":[{"taxonomy":"category","embeddable":true,"href":"https:\/\/www.lab.eus\/es\/wp-json\/wp\/v2\/categories?post=61671"},{"taxonomy":"post_tag","embeddable":true,"href":"https:\/\/www.lab.eus\/es\/wp-json\/wp\/v2\/tags?post=61671"}],"curies":[{"name":"wp","href":"https:\/\/api.w.org\/{rel}","templated":true}]}}