{"id":61664,"date":"2023-10-09T10:51:10","date_gmt":"2023-10-09T10:51:10","guid":{"rendered":"https:\/\/www.lab.eus\/?p=61664"},"modified":"2023-10-10T08:28:19","modified_gmt":"2023-10-10T08:28:19","slug":"nos-hemos-movilizado-para-reivindicar-el-fortalecimiento-de-los-servicios-publicos-y-llamar-a-la-huelga-convocada-en-el-sector","status":"publish","type":"post","link":"https:\/\/www.lab.eus\/es\/nos-hemos-movilizado-para-reivindicar-el-fortalecimiento-de-los-servicios-publicos-y-llamar-a-la-huelga-convocada-en-el-sector\/","title":{"rendered":"Nos hemos movilizado para reivindicar el fortalecimiento de los servicios p\u00fablicos y llamar a la huelga convocada en el sector"},"content":{"rendered":"\n<p>Dentro de la socilaizaci\u00f3n de la huelga de todo el sector p\u00fablico de los d\u00edas 25 de octubre y 19 de diciembre, los sindicatos  LAB, ELA, CCOO, Steilas, SATSE y ESK hemos realizado concentraciones ante el Gobierno vasco, EUDEL y la Diputaci\u00f3n Foral de Gipuzkoa.<\/p>\n\n\n\n<p>Hemos querido denunciar que la calidad de los servicios p\u00fablicos est\u00e1 sufriendo un deterioro notable, con un empeoramiento de las condiciones laborales. Ello repercute directamente en la calidad del servicio que se presta a la ciudadan\u00eda.<\/p>\n\n\n\n<p>La pandemia puso de manifiesto las consecuencias de este deterioro. Tres a\u00f1os despu\u00e9s, lejos de solventar esta situaci\u00f3n, de reforzar los servicios p\u00fablicos, nuestras instituciones-el Gobierno Vasco, las tres diputaciones forales y los ayuntamientos- cuentan con el mayor super\u00e1vit de su historia. Mientras tienen 10.000 millones de euros depositados en los bancos,las necesidades sociales se agravan y los servicios p\u00fablicos se van deteriorando . Y esto es as\u00ed a pesar de que algunos insisten en que estos problemas e inquietudes son artificiales.<\/p>\n\n\n\n<p>Hemos querido dejar claro que no se puede mirar hacia otro lado y hemos querido enviar un mensaje claro a nuestras instituciones y partidos pol\u00edticos: Que de una vez por todas tomen decisiones a favor de los servicios p\u00fablicos y de los y las trabajadoras que los hacen posible.<\/p>\n\n\n\n<p>En concreto, les hemos pedido lo siguiente:<\/p>\n\n\n\n<ul class=\"wp-block-list\">\n<li>Que se eliminen de una vez los limites marcados por el Estado, para poder decidir aqu\u00ed nuestras necesidades de empleo y los salarios<\/li>\n\n\n\n<li>Que se aprueben unos presupuestos que permitan a nuestras instituciones reforzar los servicios p\u00fablicos<\/li>\n\n\n\n<li>Que hagan una subida salarial del 10 % Para recuperar la p\u00e9rdida de poder adquisitivo de los dos \u00faltimos a\u00f1os y garantizar la de 2024. Adem\u00e1s deben reconocer reconocer la deuda sobre el poder adquisitivo perdido anteriormente y adquirir un compromiso real para recuperarlo.<\/li>\n\n\n\n<li>Que se cree y se estabilice el empleo p\u00fablico reduciendo la temporalidad real al 8 %<\/li>\n\n\n\n<li>Que se refuerce lo publico y se comprometan a no realizar nuevas privatizaciones y acuerden planes de publificaci\u00f3n<\/li>\n\n\n\n<li>Que se alivien las cargas de trabajo y se acuerden medidas para garantizar la salud de las plantillas<\/li>\n\n\n\n<li>Que se acuerden planes que garanticen la euskaldunizaci\u00f3n efectiva de la Administraci\u00f3n!<\/li>\n\n\n\n<li>Que se negocien y acuerden medidas en materia de g\u00e9nero que supongan pasos reales hacia la igualdad, con entre otros, la elaboraci\u00f3n de planes de igualdad reales y eficaces<\/li>\n\n\n\n<li>Que se acuerde la reducci\u00f3n de la jornada<\/li>\n<\/ul>\n\n\n\n<figure class=\"wp-block-gallery has-nested-images columns-default is-cropped wp-block-gallery-1 is-layout-flex wp-block-gallery-is-layout-flex\">\n<figure class=\"wp-block-image size-large\"><img loading=\"lazy\" decoding=\"async\" width=\"800\" height=\"533\" data-id=\"61660\" src=\"https:\/\/www.lab.eus\/wp-content\/uploads\/2023\/10\/gasteiz-ona-zerb-pub.jpg\" alt=\"\" class=\"wp-image-61660\" srcset=\"https:\/\/www.lab.eus\/wp-content\/uploads\/2023\/10\/gasteiz-ona-zerb-pub.jpg 800w, https:\/\/www.lab.eus\/wp-content\/uploads\/2023\/10\/gasteiz-ona-zerb-pub-300x200.jpg 300w, https:\/\/www.lab.eus\/wp-content\/uploads\/2023\/10\/gasteiz-ona-zerb-pub-768x512.jpg 768w, https:\/\/www.lab.eus\/wp-content\/uploads\/2023\/10\/gasteiz-ona-zerb-pub-150x100.jpg 150w, https:\/\/www.lab.eus\/wp-content\/uploads\/2023\/10\/gasteiz-ona-zerb-pub-696x464.jpg 696w, https:\/\/www.lab.eus\/wp-content\/uploads\/2023\/10\/gasteiz-ona-zerb-pub-630x420.jpg 630w\" sizes=\"auto, (max-width: 800px) 100vw, 800px\" \/><\/figure>\n\n\n\n<figure class=\"wp-block-image size-large\"><img loading=\"lazy\" decoding=\"async\" width=\"1024\" height=\"682\" data-id=\"61658\" src=\"https:\/\/www.lab.eus\/wp-content\/uploads\/2023\/10\/gasteiz-ona-zerb-pub2-1024x682.jpg\" alt=\"\" class=\"wp-image-61658\" srcset=\"https:\/\/www.lab.eus\/wp-content\/uploads\/2023\/10\/gasteiz-ona-zerb-pub2-1024x682.jpg 1024w, https:\/\/www.lab.eus\/wp-content\/uploads\/2023\/10\/gasteiz-ona-zerb-pub2-300x200.jpg 300w, https:\/\/www.lab.eus\/wp-content\/uploads\/2023\/10\/gasteiz-ona-zerb-pub2-768x512.jpg 768w, https:\/\/www.lab.eus\/wp-content\/uploads\/2023\/10\/gasteiz-ona-zerb-pub2-150x100.jpg 150w, https:\/\/www.lab.eus\/wp-content\/uploads\/2023\/10\/gasteiz-ona-zerb-pub2-696x464.jpg 696w, https:\/\/www.lab.eus\/wp-content\/uploads\/2023\/10\/gasteiz-ona-zerb-pub2-1068x712.jpg 1068w, https:\/\/www.lab.eus\/wp-content\/uploads\/2023\/10\/gasteiz-ona-zerb-pub2-630x420.jpg 630w, https:\/\/www.lab.eus\/wp-content\/uploads\/2023\/10\/gasteiz-ona-zerb-pub2.jpg 1280w\" sizes=\"auto, (max-width: 1024px) 100vw, 1024px\" \/><\/figure>\n\n\n\n<figure class=\"wp-block-image size-large\"><img loading=\"lazy\" decoding=\"async\" width=\"1024\" height=\"682\" data-id=\"61656\" src=\"https:\/\/www.lab.eus\/wp-content\/uploads\/2023\/10\/gasteiz-ona-zerb-pub-4-1024x682.jpg\" alt=\"\" class=\"wp-image-61656\" srcset=\"https:\/\/www.lab.eus\/wp-content\/uploads\/2023\/10\/gasteiz-ona-zerb-pub-4-1024x682.jpg 1024w, https:\/\/www.lab.eus\/wp-content\/uploads\/2023\/10\/gasteiz-ona-zerb-pub-4-300x200.jpg 300w, https:\/\/www.lab.eus\/wp-content\/uploads\/2023\/10\/gasteiz-ona-zerb-pub-4-768x512.jpg 768w, https:\/\/www.lab.eus\/wp-content\/uploads\/2023\/10\/gasteiz-ona-zerb-pub-4-150x100.jpg 150w, https:\/\/www.lab.eus\/wp-content\/uploads\/2023\/10\/gasteiz-ona-zerb-pub-4-696x464.jpg 696w, https:\/\/www.lab.eus\/wp-content\/uploads\/2023\/10\/gasteiz-ona-zerb-pub-4-1068x712.jpg 1068w, https:\/\/www.lab.eus\/wp-content\/uploads\/2023\/10\/gasteiz-ona-zerb-pub-4-630x420.jpg 630w, https:\/\/www.lab.eus\/wp-content\/uploads\/2023\/10\/gasteiz-ona-zerb-pub-4.jpg 1280w\" sizes=\"auto, (max-width: 1024px) 100vw, 1024px\" \/><\/figure>\n\n\n\n<figure class=\"wp-block-image size-large\"><img loading=\"lazy\" decoding=\"async\" width=\"1024\" height=\"682\" data-id=\"61649\" src=\"https:\/\/www.lab.eus\/wp-content\/uploads\/2023\/10\/zerb.-pub-donostia-1024x682.jpg\" alt=\"\" class=\"wp-image-61649\" srcset=\"https:\/\/www.lab.eus\/wp-content\/uploads\/2023\/10\/zerb.-pub-donostia-1024x682.jpg 1024w, https:\/\/www.lab.eus\/wp-content\/uploads\/2023\/10\/zerb.-pub-donostia-300x200.jpg 300w, https:\/\/www.lab.eus\/wp-content\/uploads\/2023\/10\/zerb.-pub-donostia-768x512.jpg 768w, https:\/\/www.lab.eus\/wp-content\/uploads\/2023\/10\/zerb.-pub-donostia-150x100.jpg 150w, https:\/\/www.lab.eus\/wp-content\/uploads\/2023\/10\/zerb.-pub-donostia-696x464.jpg 696w, https:\/\/www.lab.eus\/wp-content\/uploads\/2023\/10\/zerb.-pub-donostia-1068x712.jpg 1068w, https:\/\/www.lab.eus\/wp-content\/uploads\/2023\/10\/zerb.-pub-donostia-630x420.jpg 630w, https:\/\/www.lab.eus\/wp-content\/uploads\/2023\/10\/zerb.-pub-donostia.jpg 1280w\" sizes=\"auto, (max-width: 1024px) 100vw, 1024px\" \/><\/figure>\n\n\n\n<figure class=\"wp-block-image size-large\"><img loading=\"lazy\" decoding=\"async\" width=\"1024\" height=\"577\" data-id=\"61652\" src=\"https:\/\/www.lab.eus\/wp-content\/uploads\/2023\/10\/zerb-pub-bilbo1-1024x577.jpg\" alt=\"\" class=\"wp-image-61652\" srcset=\"https:\/\/www.lab.eus\/wp-content\/uploads\/2023\/10\/zerb-pub-bilbo1-1024x577.jpg 1024w, https:\/\/www.lab.eus\/wp-content\/uploads\/2023\/10\/zerb-pub-bilbo1-300x169.jpg 300w, https:\/\/www.lab.eus\/wp-content\/uploads\/2023\/10\/zerb-pub-bilbo1-768x433.jpg 768w, https:\/\/www.lab.eus\/wp-content\/uploads\/2023\/10\/zerb-pub-bilbo1-150x84.jpg 150w, https:\/\/www.lab.eus\/wp-content\/uploads\/2023\/10\/zerb-pub-bilbo1-696x392.jpg 696w, https:\/\/www.lab.eus\/wp-content\/uploads\/2023\/10\/zerb-pub-bilbo1-1068x602.jpg 1068w, https:\/\/www.lab.eus\/wp-content\/uploads\/2023\/10\/zerb-pub-bilbo1-746x420.jpg 746w, https:\/\/www.lab.eus\/wp-content\/uploads\/2023\/10\/zerb-pub-bilbo1.jpg 1280w\" sizes=\"auto, (max-width: 1024px) 100vw, 1024px\" \/><\/figure>\n\n\n\n<figure class=\"wp-block-image size-large\"><img loading=\"lazy\" decoding=\"async\" width=\"1024\" height=\"577\" data-id=\"61653\" src=\"https:\/\/www.lab.eus\/wp-content\/uploads\/2023\/10\/zerb-pub-bilbo-2-1024x577.jpg\" alt=\"\" class=\"wp-image-61653\" srcset=\"https:\/\/www.lab.eus\/wp-content\/uploads\/2023\/10\/zerb-pub-bilbo-2-1024x577.jpg 1024w, https:\/\/www.lab.eus\/wp-content\/uploads\/2023\/10\/zerb-pub-bilbo-2-300x169.jpg 300w, https:\/\/www.lab.eus\/wp-content\/uploads\/2023\/10\/zerb-pub-bilbo-2-768x433.jpg 768w, https:\/\/www.lab.eus\/wp-content\/uploads\/2023\/10\/zerb-pub-bilbo-2-150x84.jpg 150w, https:\/\/www.lab.eus\/wp-content\/uploads\/2023\/10\/zerb-pub-bilbo-2-696x392.jpg 696w, https:\/\/www.lab.eus\/wp-content\/uploads\/2023\/10\/zerb-pub-bilbo-2-1068x602.jpg 1068w, https:\/\/www.lab.eus\/wp-content\/uploads\/2023\/10\/zerb-pub-bilbo-2-746x420.jpg 746w, https:\/\/www.lab.eus\/wp-content\/uploads\/2023\/10\/zerb-pub-bilbo-2.jpg 1280w\" sizes=\"auto, (max-width: 1024px) 100vw, 1024px\" \/><\/figure>\n\n\n\n<figure class=\"wp-block-image size-large\"><img loading=\"lazy\" decoding=\"async\" width=\"1024\" height=\"682\" data-id=\"61647\" src=\"https:\/\/www.lab.eus\/wp-content\/uploads\/2023\/10\/zerb-pub-donostia2-1024x682.jpg\" alt=\"\" class=\"wp-image-61647\" srcset=\"https:\/\/www.lab.eus\/wp-content\/uploads\/2023\/10\/zerb-pub-donostia2-1024x682.jpg 1024w, https:\/\/www.lab.eus\/wp-content\/uploads\/2023\/10\/zerb-pub-donostia2-300x200.jpg 300w, https:\/\/www.lab.eus\/wp-content\/uploads\/2023\/10\/zerb-pub-donostia2-768x512.jpg 768w, https:\/\/www.lab.eus\/wp-content\/uploads\/2023\/10\/zerb-pub-donostia2-150x100.jpg 150w, https:\/\/www.lab.eus\/wp-content\/uploads\/2023\/10\/zerb-pub-donostia2-696x464.jpg 696w, https:\/\/www.lab.eus\/wp-content\/uploads\/2023\/10\/zerb-pub-donostia2-1068x712.jpg 1068w, https:\/\/www.lab.eus\/wp-content\/uploads\/2023\/10\/zerb-pub-donostia2-630x420.jpg 630w, https:\/\/www.lab.eus\/wp-content\/uploads\/2023\/10\/zerb-pub-donostia2.jpg 1280w\" sizes=\"auto, (max-width: 1024px) 100vw, 1024px\" \/><\/figure>\n\n\n\n<figure class=\"wp-block-image size-large\"><img loading=\"lazy\" decoding=\"async\" width=\"1024\" height=\"462\" data-id=\"61645\" src=\"https:\/\/www.lab.eus\/wp-content\/uploads\/2023\/10\/zerb-pub-gasteiz2-1024x462.jpg\" alt=\"\" class=\"wp-image-61645\" srcset=\"https:\/\/www.lab.eus\/wp-content\/uploads\/2023\/10\/zerb-pub-gasteiz2-1024x462.jpg 1024w, https:\/\/www.lab.eus\/wp-content\/uploads\/2023\/10\/zerb-pub-gasteiz2-300x135.jpg 300w, https:\/\/www.lab.eus\/wp-content\/uploads\/2023\/10\/zerb-pub-gasteiz2-768x346.jpg 768w, https:\/\/www.lab.eus\/wp-content\/uploads\/2023\/10\/zerb-pub-gasteiz2-150x68.jpg 150w, https:\/\/www.lab.eus\/wp-content\/uploads\/2023\/10\/zerb-pub-gasteiz2-696x314.jpg 696w, https:\/\/www.lab.eus\/wp-content\/uploads\/2023\/10\/zerb-pub-gasteiz2-1068x481.jpg 1068w, https:\/\/www.lab.eus\/wp-content\/uploads\/2023\/10\/zerb-pub-gasteiz2-932x420.jpg 932w, https:\/\/www.lab.eus\/wp-content\/uploads\/2023\/10\/zerb-pub-gasteiz2.jpg 1280w\" sizes=\"auto, (max-width: 1024px) 100vw, 1024px\" \/><\/figure>\n\n\n\n<figure class=\"wp-block-image size-large\"><img loading=\"lazy\" decoding=\"async\" width=\"1024\" height=\"576\" data-id=\"61640\" src=\"https:\/\/www.lab.eus\/wp-content\/uploads\/2023\/10\/zerb-pub-bilbo3-1024x576.jpg\" alt=\"\" class=\"wp-image-61640\" srcset=\"https:\/\/www.lab.eus\/wp-content\/uploads\/2023\/10\/zerb-pub-bilbo3-1024x576.jpg 1024w, https:\/\/www.lab.eus\/wp-content\/uploads\/2023\/10\/zerb-pub-bilbo3-300x169.jpg 300w, https:\/\/www.lab.eus\/wp-content\/uploads\/2023\/10\/zerb-pub-bilbo3-768x432.jpg 768w, https:\/\/www.lab.eus\/wp-content\/uploads\/2023\/10\/zerb-pub-bilbo3-150x84.jpg 150w, https:\/\/www.lab.eus\/wp-content\/uploads\/2023\/10\/zerb-pub-bilbo3-696x392.jpg 696w, https:\/\/www.lab.eus\/wp-content\/uploads\/2023\/10\/zerb-pub-bilbo3-1068x601.jpg 1068w, https:\/\/www.lab.eus\/wp-content\/uploads\/2023\/10\/zerb-pub-bilbo3-747x420.jpg 747w, https:\/\/www.lab.eus\/wp-content\/uploads\/2023\/10\/zerb-pub-bilbo3.jpg 1280w\" sizes=\"auto, (max-width: 1024px) 100vw, 1024px\" \/><\/figure>\n<\/figure>\n","protected":false},"excerpt":{"rendered":"<p>Dentro de la socilaizaci\u00f3n de la huelga de todo el sector p\u00fablico de los d\u00edas 25 de octubre y 9 de diciembre, los sindicatos  ELA, CCOO, Steilas, SATSE y ESK hemos realizado concentraciones ante el Gobierno vasco, EUDEL y la Diputaci\u00f3n Foral de Gipuzkoa.<\/p>\n","protected":false},"author":1191,"featured_media":61637,"comment_status":"closed","ping_status":"closed","sticky":false,"template":"","format":"standard","meta":{"_monsterinsights_skip_tracking":false,"_monsterinsights_sitenote_active":false,"_monsterinsights_sitenote_note":"","_monsterinsights_sitenote_category":0,"footnotes":"","_links_to":"","_links_to_target":""},"categories":[18,2867,6],"tags":[3033,3178,3066,3171],"class_list":{"0":"post-61664","1":"post","2":"type-post","3":"status-publish","4":"format-standard","5":"has-post-thumbnail","7":"category-es-accion-sindical","8":"category-federaciones","9":"category-es-servicios-publicos","10":"tag-accion-sindical-es","11":"tag-destacado-1","12":"tag-federaciones-es","13":"tag-servicios-publicos-es"},"_links":{"self":[{"href":"https:\/\/www.lab.eus\/es\/wp-json\/wp\/v2\/posts\/61664","targetHints":{"allow":["GET"]}}],"collection":[{"href":"https:\/\/www.lab.eus\/es\/wp-json\/wp\/v2\/posts"}],"about":[{"href":"https:\/\/www.lab.eus\/es\/wp-json\/wp\/v2\/types\/post"}],"author":[{"embeddable":true,"href":"https:\/\/www.lab.eus\/es\/wp-json\/wp\/v2\/users\/1191"}],"replies":[{"embeddable":true,"href":"https:\/\/www.lab.eus\/es\/wp-json\/wp\/v2\/comments?post=61664"}],"version-history":[{"count":0,"href":"https:\/\/www.lab.eus\/es\/wp-json\/wp\/v2\/posts\/61664\/revisions"}],"wp:featuredmedia":[{"embeddable":true,"href":"https:\/\/www.lab.eus\/es\/wp-json\/wp\/v2\/media\/61637"}],"wp:attachment":[{"href":"https:\/\/www.lab.eus\/es\/wp-json\/wp\/v2\/media?parent=61664"}],"wp:term":[{"taxonomy":"category","embeddable":true,"href":"https:\/\/www.lab.eus\/es\/wp-json\/wp\/v2\/categories?post=61664"},{"taxonomy":"post_tag","embeddable":true,"href":"https:\/\/www.lab.eus\/es\/wp-json\/wp\/v2\/tags?post=61664"}],"curies":[{"name":"wp","href":"https:\/\/api.w.org\/{rel}","templated":true}]}}