{"id":61631,"date":"2023-10-09T08:22:11","date_gmt":"2023-10-09T08:22:11","guid":{"rendered":"https:\/\/www.lab.eus\/?p=61631"},"modified":"2023-10-09T08:22:12","modified_gmt":"2023-10-09T08:22:12","slug":"el-fin-de-semana-hemos-salido-a-la-calle-contra-el-cierre-de-mecaner","status":"publish","type":"post","link":"https:\/\/www.lab.eus\/es\/el-fin-de-semana-hemos-salido-a-la-calle-contra-el-cierre-de-mecaner\/","title":{"rendered":"El fin de semana hemos salido a la calle contra el cierre de Mecaner"},"content":{"rendered":"\n<p>Cientos de trabajadores y trabajadoras, as\u00ed como vecinos y vecinas de la comarca, se han sumado a la movilizaci\u00f3n para mantener en la localidad la hist\u00f3rica planta de Urduliz y decir no a la deslocalizaci\u00f3n. Tras insistir en la necesidad de proteger el tejido industrial de la comarca, el comit\u00e9 de empresa ha pedido que la empresa d\u00e9 marcha atr\u00e1s y que se impliquen las instituciones p\u00fablicas.<\/p>\n\n\n\n<p>Al t\u00e9rmino de la manifestaci\u00f3n los y las trabajadoras han agradecido a todos y todas las participantes el apoyo y solidaridad que han recibido desde el 1 de septiembre, cuando se di\u00f3 a conocer la decisi\u00f3n de cerrar la planta.<\/p>\n\n\n\n<p>De la noche a la ma\u00f1ana, en medio de un proceso negociador para la renovaci\u00f3n del convenio colectivo, la direcci\u00f3n de Stellantis tom\u00f3 la decisi\u00f3n de cerrar Mecaner, dejando en la calle a 148 personas: 144 pertenecientes a Mecaner y 4 a la subcontrata de limpieza.<\/p>\n\n\n\n<p>Una decisi\u00f3n enmarcada dentro de un plan estrat\u00e9gico, y con un objetivo claro; aumentar sus m\u00e1rgenes de beneficios, deslocalizando y reduciendo costes (normalmente a trav\u00e9s de la explotaci\u00f3n de otras trabajadoras y trabajadores).<\/p>\n\n\n\n<p>Una vez m\u00e1s, la falta de viabilidad y competitividad como paraguas para el cierre de empresas, destrucci\u00f3n de empleo, empobrecimiento y precariedad. Hay que recordar que Stellantis tuvo 16.000 millones de Euros de beneficio en el a\u00f1o 2022\u2026 Hace falta ser muy caraduras para hablar de falta de competitividad con esos beneficios.<\/p>\n\n\n\n<p>Por desgracia, el anuncio del cierre de Mecaner no es una novedad. En los \u00faltimos a\u00f1os nos estamos enfrentando a un continuo cierre de empresas industriales en nuestro territorio. A todos nos vienen a la memoria empresas como Dismodel y Troquenor de hace unos a\u00f1os o Matricer\u00edas Deusto, GTS, Cables y Alambres, La Auxiliar Naval, \u2026<\/p>\n\n\n\n<p>Adem\u00e1s de los cierres, en Uribe Kosta se est\u00e1 produciendo una continua p\u00e9rdida de empleo industrial y de calidad, que est\u00e1 destruyendo por goteo el empleo industrial. Un claro ejemplo de ello son los despidos en Alconza. Estos hechos est\u00e1n provocando que el peso de la industria en Euskal Herria sea cada vez menor y que nos estemos convirtiendo en un pa\u00eds de turismo y servicios.<\/p>\n\n\n\n<p>La avaricia empresarial de Stellantis y la posterior decisi\u00f3n de cerrar Mecaner, ha marcado un antes y un despu\u00e9s. No vamos a asumir el futuro negro que nos quieren imponer, nunca ha sido una opci\u00f3n para nosotros y nosotras. Ante este ataque solo nos queda luchar. Luchar no solo contra lo que consideramos que es injusto sino contra una situaci\u00f3n que se viene repitiendo en nuestra comarca y en Euskal Herria.<\/p>\n\n\n\n<p>Mecaner es una empresa referente de la comarca, donde generaciones de este pueblo han trabajado en ella. Una Una f\u00e1brica de las \u201chist\u00f3ricas\u201d, de las que ya forman parte del paisaje y la historia de una comarca y de un pueblo.<\/p>\n\n\n\n<p>Esta lucha no es \u00fanica y exclusivamente la lucha de los trabajadores y trabajadoras de Mecaner, es una lucha de un pueblo, de una comarca y de la clase trabajadora en defensa de un tejido industrial que cada vez esta mas mermado por la falta de verdaderas y eficaces politicas industriales en el pa\u00eds.<\/p>\n\n\n\n<p>Es la lucha, compromiso y dignidad de un pueblo por la industria de la comarca, por el empleo y por el futuro. Por ello, es necesario enfrentarse a la multinacional para asegurar que la producci\u00f3n se queda aqu\u00ed, que los puestos de trabajo se mantengan.<\/p>\n\n\n\n<p>Es el momento de encender las alarmas y dar respuesta como pueblo. Desde los y las trabajadoras, pasando por los agentes sociales y pol\u00edticos, hasta la ciudadan\u00eda en general.<\/p>\n\n\n\n<p>Para finalizar, vemos necesario que el Gobierno Vasco y la Diputaci\u00f3n Foral de Bizkaia asuman su responsabilidad y se impliquen de manera activa en la b\u00fasqueda de una soluci\u00f3n que permita la continuidad de Mecaner. Que jueguen un papel activo, llevando a cabo unas pol\u00edticas reales y eficazes encaminadas al mantenimiento del tejido industrial y productivo de la comarca, no permitiendo el continuo cierre y deslocalizaci\u00f3n de empresas y destrucci\u00f3n de empleo.<\/p>\n\n\n\n<p>Queremos dejar muy claro a la Direcci\u00f3n que nos va a tener enfrente y que vamos a luchar hasta el final en la defensa de nuestros puestos de trabajo. Tenemos un gran reto y un objetivo claro por delante; revertir la decisi\u00f3n de Stellantis y salvar a Mecaner, garantizando el empleo y el futuro de la planta.<\/p>\n","protected":false},"excerpt":{"rendered":"<p>Cientos de trabajadores y trabajadoras, as\u00ed como vecinos y vecinas de la comarca, se han sumado a la movilizaci\u00f3n para mantener en la localidad la hist\u00f3rica planta de Urduliz y decir no a la deslocalizaci\u00f3n. Tras insistir en la necesidad de proteger el tejido industrial de la comarca, el comit\u00e9 de empresa ha pedido que la empresa d\u00e9 marcha atr\u00e1s y que se impliquen las instituciones p\u00fablicas.<\/p>\n","protected":false},"author":1191,"featured_media":61629,"comment_status":"closed","ping_status":"closed","sticky":false,"template":"","format":"standard","meta":{"_monsterinsights_skip_tracking":false,"_monsterinsights_sitenote_active":false,"_monsterinsights_sitenote_note":"","_monsterinsights_sitenote_category":0,"footnotes":"","_links_to":"","_links_to_target":""},"categories":[3283],"tags":[3033,3178,2996],"class_list":{"0":"post-61631","1":"post","2":"type-post","3":"status-publish","4":"format-standard","5":"has-post-thumbnail","7":"category-sin-categorizar","8":"tag-accion-sindical-es","9":"tag-destacado-1","10":"tag-industria-es"},"_links":{"self":[{"href":"https:\/\/www.lab.eus\/es\/wp-json\/wp\/v2\/posts\/61631","targetHints":{"allow":["GET"]}}],"collection":[{"href":"https:\/\/www.lab.eus\/es\/wp-json\/wp\/v2\/posts"}],"about":[{"href":"https:\/\/www.lab.eus\/es\/wp-json\/wp\/v2\/types\/post"}],"author":[{"embeddable":true,"href":"https:\/\/www.lab.eus\/es\/wp-json\/wp\/v2\/users\/1191"}],"replies":[{"embeddable":true,"href":"https:\/\/www.lab.eus\/es\/wp-json\/wp\/v2\/comments?post=61631"}],"version-history":[{"count":0,"href":"https:\/\/www.lab.eus\/es\/wp-json\/wp\/v2\/posts\/61631\/revisions"}],"wp:featuredmedia":[{"embeddable":true,"href":"https:\/\/www.lab.eus\/es\/wp-json\/wp\/v2\/media\/61629"}],"wp:attachment":[{"href":"https:\/\/www.lab.eus\/es\/wp-json\/wp\/v2\/media?parent=61631"}],"wp:term":[{"taxonomy":"category","embeddable":true,"href":"https:\/\/www.lab.eus\/es\/wp-json\/wp\/v2\/categories?post=61631"},{"taxonomy":"post_tag","embeddable":true,"href":"https:\/\/www.lab.eus\/es\/wp-json\/wp\/v2\/tags?post=61631"}],"curies":[{"name":"wp","href":"https:\/\/api.w.org\/{rel}","templated":true}]}}