{"id":61552,"date":"2023-10-06T07:30:37","date_gmt":"2023-10-06T07:30:37","guid":{"rendered":"https:\/\/www.lab.eus\/?p=61552"},"modified":"2023-10-06T07:30:38","modified_gmt":"2023-10-06T07:30:38","slug":"arcelor-vuelve-a-hacer-un-uso-interesado-del-erte-con-la-complicidad-de-los-sindicatos-estatales","status":"publish","type":"post","link":"https:\/\/www.lab.eus\/es\/arcelor-vuelve-a-hacer-un-uso-interesado-del-erte-con-la-complicidad-de-los-sindicatos-estatales\/","title":{"rendered":"Arcelor vuelve a hacer un uso interesado del ERTE con la complicidad de los sindicatos estatales"},"content":{"rendered":"\n<p>Arcelor, UGT, CCOO y USO han vuelto a acordar un ERTE. Pese a que la empresa lo defina como una herramienta de flexibilidad, su finalidad es ayudar a empresas y plantillas que se encuentran en una situaci\u00f3n dif\u00edcil. LAB tiene claro que Arcelor, desde luego, no entra en esa definici\u00f3n y que este nuevo cap\u00edtulo del ERTE sigue respondiendo a intereses particulares del grupo a costa de las cotizaciones de la plantilla, ya que llevan en el grupo 14 a\u00f1os entre pr\u00f3rrogas y nuevos ERTEs.<\/p>\n\n\n\n<p>Este acuerdo crea mayor enfado tomando en cuenta la situaci\u00f3n que en las diferentes plantas de Euskal Herria existe en las negociaciones de los convenios. Ya que esos sindicatos y la empresa no tienen problema para, una vez m\u00e1s, llegar a acuerdos para precarizar a la plantilla, pero s\u00ed que lo tienen a la hora de actualizar y mejorar las condiciones de la misma.<\/p>\n\n\n\n<p>Cabe recordar que la empresa y el grupo est\u00e1n obteniendo a\u00f1o a a\u00f1o mayores beneficios y la plantilla no hace m\u00e1s que disminuir mientras las plantas se caen a pedazos, con el riesgo que ello supone, por la nula inversi\u00f3n. <\/p>\n\n\n\n<p>Seg\u00fan LAB, desde Euskal Herria se debe poner una vez m\u00e1s sobre la mesa la necesidad de marcos de negociaci\u00f3n vascos. Por un lado, por el condicionante que supone el acuerdo marco estatal a la hora de regular las condiciones laborales y el bloqueo que ello supone con el benepl\u00e1cito de UGT y CCOO. As\u00edmismo, por el favoritismo a aquellas plantas en las que estos sindicatos cuentan con representaci\u00f3n mayoritaria. Prueba de ello es que los porcentajes de aplicaci\u00f3n de este nuevo ERTE propuestos en principio por la empresa se han disminuido en este acuerdo, a excepci\u00f3n de la plantas de Euskal Herria.<\/p>\n\n\n\n<p>El sindicato subraya que no se puede esperar a que desde fuera, mayor\u00edas sindicales que no responden a la realidad de aqu\u00ed condicionen el d\u00eda a d\u00eda y future de los y las trabajadora de Euskal Herria. Asimismo, LAB considera que los sindicatos UGT y CCOO en las plantas de Euskal Herria deber\u00edan, como poco, dar la cara y explicar el motivo de vender a estas plantillas a la direcci\u00f3n de Arcelor.<\/p>\n","protected":false},"excerpt":{"rendered":"<p>Arcelor, UGT, CCOO y USO han vuelto a acordar un ERTE. Pese a que la empresa lo defina como una herramienta de flexibilidad, su finalidad es ayudar a empresas y plantillas que se encuentran en una situaci\u00f3n dif\u00edcil. LAB tiene claro que Arcelor, desde luego, no entra en esa definici\u00f3n y que este nuevo cap\u00edtulo del ERTE sigue respondiendo a intereses particulares del grupo a costa de las cotizaciones de la plantilla, ya que llevan en el grupo 14 a\u00f1os entre pr\u00f3rrogas y nuevos ERTEs.<\/p>\n","protected":false},"author":1191,"featured_media":58689,"comment_status":"closed","ping_status":"closed","sticky":false,"template":"","format":"standard","meta":{"_monsterinsights_skip_tracking":false,"_monsterinsights_sitenote_active":false,"_monsterinsights_sitenote_note":"","_monsterinsights_sitenote_category":0,"footnotes":"","_links_to":"","_links_to_target":""},"categories":[18,2867,2868,108],"tags":[3033,3245,2011,3178,3066,2996,3064],"class_list":{"0":"post-61552","1":"post","2":"type-post","3":"status-publish","4":"format-standard","5":"has-post-thumbnail","7":"category-es-accion-sindical","8":"category-federaciones","9":"category-industria-es","10":"category-es-metal","11":"tag-accion-sindical-es","12":"tag-arcelor-es","13":"tag-arcelor-mittal-2","14":"tag-destacado-1","15":"tag-federaciones-es","16":"tag-industria-es","17":"tag-metal-es"},"_links":{"self":[{"href":"https:\/\/www.lab.eus\/es\/wp-json\/wp\/v2\/posts\/61552","targetHints":{"allow":["GET"]}}],"collection":[{"href":"https:\/\/www.lab.eus\/es\/wp-json\/wp\/v2\/posts"}],"about":[{"href":"https:\/\/www.lab.eus\/es\/wp-json\/wp\/v2\/types\/post"}],"author":[{"embeddable":true,"href":"https:\/\/www.lab.eus\/es\/wp-json\/wp\/v2\/users\/1191"}],"replies":[{"embeddable":true,"href":"https:\/\/www.lab.eus\/es\/wp-json\/wp\/v2\/comments?post=61552"}],"version-history":[{"count":0,"href":"https:\/\/www.lab.eus\/es\/wp-json\/wp\/v2\/posts\/61552\/revisions"}],"wp:featuredmedia":[{"embeddable":true,"href":"https:\/\/www.lab.eus\/es\/wp-json\/wp\/v2\/media\/58689"}],"wp:attachment":[{"href":"https:\/\/www.lab.eus\/es\/wp-json\/wp\/v2\/media?parent=61552"}],"wp:term":[{"taxonomy":"category","embeddable":true,"href":"https:\/\/www.lab.eus\/es\/wp-json\/wp\/v2\/categories?post=61552"},{"taxonomy":"post_tag","embeddable":true,"href":"https:\/\/www.lab.eus\/es\/wp-json\/wp\/v2\/tags?post=61552"}],"curies":[{"name":"wp","href":"https:\/\/api.w.org\/{rel}","templated":true}]}}