{"id":61547,"date":"2023-10-05T18:07:44","date_gmt":"2023-10-05T18:07:44","guid":{"rendered":"https:\/\/www.lab.eus\/?p=61547"},"modified":"2023-10-13T09:18:49","modified_gmt":"2023-10-13T09:18:49","slug":"hemos-llevado-a-cabo-los-encuentros-sindicales-de-lab-entorno-al-sindicalismo-antirracista","status":"publish","type":"post","link":"https:\/\/www.lab.eus\/es\/hemos-llevado-a-cabo-los-encuentros-sindicales-de-lab-entorno-al-sindicalismo-antirracista\/","title":{"rendered":"Hemos llevado a cabo los Encuentros Sindicales de LAB en torno al sindicalismo antirracista"},"content":{"rendered":"\n<p>M\u00e1s de 200 sindicalistas nos hemos dado cita en Oiartzun en los Encuentros Sindicales organizados por LAB con el objetivo de seguir impulsando el proceso de renovaci\u00f3n del sindicalismo vasco.<\/p>\n\n\n\n<p><a><\/a>Uno de los principales acuerdos adoptados en la X. Asamblea General de LAB (2022, Baiona-Biarritz) fue la transformaci\u00f3n en sindicato antirracista. Al igual que con el independentismo y el feminismo, LAB quiere ser pionero en el desarrollo del sindicalismo antirracista.<\/p>\n\n\n\n<p><a><\/a>A esta decisi\u00f3n de la Asamblea General le sigui\u00f3 la aprobaci\u00f3n del I. Plan Antirracista Interno elaborado por un sindicato vasco y la creaci\u00f3n de la Secretar\u00eda Antirracista (junio de 2023). Los ejes de la planificaci\u00f3n de LAB son cuatro: crear conciencia sindical antirracista; revisar la organizaci\u00f3n y su funcionamiento; promover una acci\u00f3n socio-sindical antirracista que responda a la realidad de las personas trabajadoras migradas y racializadas; y apostar por cambios pol\u00edticos que garanticen todos los derechos a todas las personas que viven en Euskal Herria.<\/p>\n\n\n\n<p>Los Encuentros Sindicales han querido ahondar en ese recorrido. Por la ma\u00f1ana, cuatro ponentes han ofrecido una conferencia sobre sindicalismo antirracista: Luc\u00eda Mbomio (Madrid), periodista y activista antirracista; Marra Junior (Euskal Herria), miembro del Movimiento Panafricano de Bilbao; Pastora Filigrana (Andaluc\u00eda), abogada y sindicalista, y Valery Alzaga (EEUU).<\/p>\n\n\n\n<p>Por la tarde se han llevado a cabo cuatro talleres sobre diversos temas: claves para hacer frente a la crisis ecosocial desde los centros de trabajo; Huelga Feminista General; formas de lucha para la Acci\u00f3n Sindical, y estrategia de comunicaci\u00f3n de las luchas sindicales.<\/p>\n\n\n\n<p><strong>Repensando el sindicalismo<\/strong><\/p>\n\n\n\n<p><a><\/a>A trav\u00e9s de los Encuentros Sindicales, LAB pretende perpetuar el ejercicio de repensar el sindicalismo, abordando los retos que en cada momento existan tanto en el mundo laboral como en la sociedad.<\/p>\n\n\n\n<p><a><\/a>De hecho, tras la Asamblea General de 2012, el sindicato inici\u00f3 el proceso [Bir]Pentsatzen, con el objetivo de ir renovando el modelo y el proyecto sindical ante transformaciones de gran calado.<\/p>\n\n\n\n<p><a><\/a>En una primera etapa, hasta el 2016, puso en marcha la renovaci\u00f3n del modelo sindical, organizando varias sesiones internas y tres jornadas p\u00fablicas. Entre las principales conclusiones extra\u00eddas se destacaron las siguientes: la necesidad de acercamiento del sindicalismo a sectores precarios, de profundizar en el sindicalismo feminista y la necesidad de organizarse no s\u00f3lo en los centros de trabajo sino tambi\u00e9n en el \u00e1mbito social.<\/p>\n\n\n\n<p>En una segunda etapa, LAB inici\u00f3 la renovaci\u00f3n del programa socioecon\u00f3mico (2019-2021) con propuestas innovadoras como el C\u00f3digo Laboral Vasco y la Seguridad Social, la propuesta de triple distribuci\u00f3n (empleo, custodia y distribuci\u00f3n del bien) y las comisiones para una transici\u00f3n ecosocial justa.<\/p>\n\n\n\n<figure class=\"wp-block-gallery has-nested-images columns-default is-cropped wp-block-gallery-1 is-layout-flex wp-block-gallery-is-layout-flex\">\n<figure class=\"wp-block-image size-large\"><img loading=\"lazy\" decoding=\"async\" width=\"1024\" height=\"682\" data-id=\"61539\" src=\"https:\/\/www.lab.eus\/wp-content\/uploads\/2023\/10\/photo16965086243-1024x682.jpeg\" alt=\"\" class=\"wp-image-61539\" srcset=\"https:\/\/www.lab.eus\/wp-content\/uploads\/2023\/10\/photo16965086243-1024x682.jpeg 1024w, https:\/\/www.lab.eus\/wp-content\/uploads\/2023\/10\/photo16965086243-300x200.jpeg 300w, https:\/\/www.lab.eus\/wp-content\/uploads\/2023\/10\/photo16965086243-768x512.jpeg 768w, https:\/\/www.lab.eus\/wp-content\/uploads\/2023\/10\/photo16965086243-150x100.jpeg 150w, https:\/\/www.lab.eus\/wp-content\/uploads\/2023\/10\/photo16965086243-696x464.jpeg 696w, https:\/\/www.lab.eus\/wp-content\/uploads\/2023\/10\/photo16965086243-1068x712.jpeg 1068w, https:\/\/www.lab.eus\/wp-content\/uploads\/2023\/10\/photo16965086243-630x420.jpeg 630w, https:\/\/www.lab.eus\/wp-content\/uploads\/2023\/10\/photo16965086243.jpeg 1280w\" sizes=\"auto, (max-width: 1024px) 100vw, 1024px\" \/><\/figure>\n\n\n\n<figure class=\"wp-block-image size-large\"><img loading=\"lazy\" decoding=\"async\" width=\"1024\" height=\"576\" data-id=\"61545\" src=\"https:\/\/www.lab.eus\/wp-content\/uploads\/2023\/10\/photo16965052971-1024x576.jpeg\" alt=\"\" class=\"wp-image-61545\" srcset=\"https:\/\/www.lab.eus\/wp-content\/uploads\/2023\/10\/photo16965052971-1024x576.jpeg 1024w, https:\/\/www.lab.eus\/wp-content\/uploads\/2023\/10\/photo16965052971-300x169.jpeg 300w, https:\/\/www.lab.eus\/wp-content\/uploads\/2023\/10\/photo16965052971-768x432.jpeg 768w, https:\/\/www.lab.eus\/wp-content\/uploads\/2023\/10\/photo16965052971-150x84.jpeg 150w, https:\/\/www.lab.eus\/wp-content\/uploads\/2023\/10\/photo16965052971-696x392.jpeg 696w, https:\/\/www.lab.eus\/wp-content\/uploads\/2023\/10\/photo16965052971-1068x601.jpeg 1068w, https:\/\/www.lab.eus\/wp-content\/uploads\/2023\/10\/photo16965052971-747x420.jpeg 747w, https:\/\/www.lab.eus\/wp-content\/uploads\/2023\/10\/photo16965052971.jpeg 1280w\" sizes=\"auto, (max-width: 1024px) 100vw, 1024px\" \/><\/figure>\n\n\n\n<figure class=\"wp-block-image size-large\"><img loading=\"lazy\" decoding=\"async\" width=\"1024\" height=\"682\" data-id=\"61581\" src=\"https:\/\/www.lab.eus\/wp-content\/uploads\/2023\/10\/photo_5834846997742468516_y-1024x682.jpg\" alt=\"\" class=\"wp-image-61581\" srcset=\"https:\/\/www.lab.eus\/wp-content\/uploads\/2023\/10\/photo_5834846997742468516_y-1024x682.jpg 1024w, https:\/\/www.lab.eus\/wp-content\/uploads\/2023\/10\/photo_5834846997742468516_y-300x200.jpg 300w, https:\/\/www.lab.eus\/wp-content\/uploads\/2023\/10\/photo_5834846997742468516_y-768x512.jpg 768w, https:\/\/www.lab.eus\/wp-content\/uploads\/2023\/10\/photo_5834846997742468516_y-150x100.jpg 150w, https:\/\/www.lab.eus\/wp-content\/uploads\/2023\/10\/photo_5834846997742468516_y-696x464.jpg 696w, https:\/\/www.lab.eus\/wp-content\/uploads\/2023\/10\/photo_5834846997742468516_y-1068x712.jpg 1068w, https:\/\/www.lab.eus\/wp-content\/uploads\/2023\/10\/photo_5834846997742468516_y-630x420.jpg 630w, https:\/\/www.lab.eus\/wp-content\/uploads\/2023\/10\/photo_5834846997742468516_y.jpg 1280w\" sizes=\"auto, (max-width: 1024px) 100vw, 1024px\" \/><\/figure>\n\n\n\n<figure class=\"wp-block-image size-large\"><img loading=\"lazy\" decoding=\"async\" width=\"1024\" height=\"682\" data-id=\"61578\" src=\"https:\/\/www.lab.eus\/wp-content\/uploads\/2023\/10\/photo_5834846997742468519_y-1024x682.jpg\" alt=\"\" class=\"wp-image-61578\" srcset=\"https:\/\/www.lab.eus\/wp-content\/uploads\/2023\/10\/photo_5834846997742468519_y-1024x682.jpg 1024w, https:\/\/www.lab.eus\/wp-content\/uploads\/2023\/10\/photo_5834846997742468519_y-300x200.jpg 300w, https:\/\/www.lab.eus\/wp-content\/uploads\/2023\/10\/photo_5834846997742468519_y-768x512.jpg 768w, https:\/\/www.lab.eus\/wp-content\/uploads\/2023\/10\/photo_5834846997742468519_y-150x100.jpg 150w, https:\/\/www.lab.eus\/wp-content\/uploads\/2023\/10\/photo_5834846997742468519_y-696x464.jpg 696w, https:\/\/www.lab.eus\/wp-content\/uploads\/2023\/10\/photo_5834846997742468519_y-1068x712.jpg 1068w, https:\/\/www.lab.eus\/wp-content\/uploads\/2023\/10\/photo_5834846997742468519_y-630x420.jpg 630w, https:\/\/www.lab.eus\/wp-content\/uploads\/2023\/10\/photo_5834846997742468519_y.jpg 1280w\" sizes=\"auto, (max-width: 1024px) 100vw, 1024px\" \/><\/figure>\n\n\n\n<figure class=\"wp-block-image size-large\"><img loading=\"lazy\" decoding=\"async\" width=\"1024\" height=\"682\" data-id=\"61576\" src=\"https:\/\/www.lab.eus\/wp-content\/uploads\/2023\/10\/photo_5834846997742468521_y-1024x682.jpg\" alt=\"\" class=\"wp-image-61576\" srcset=\"https:\/\/www.lab.eus\/wp-content\/uploads\/2023\/10\/photo_5834846997742468521_y-1024x682.jpg 1024w, https:\/\/www.lab.eus\/wp-content\/uploads\/2023\/10\/photo_5834846997742468521_y-300x200.jpg 300w, https:\/\/www.lab.eus\/wp-content\/uploads\/2023\/10\/photo_5834846997742468521_y-768x512.jpg 768w, https:\/\/www.lab.eus\/wp-content\/uploads\/2023\/10\/photo_5834846997742468521_y-150x100.jpg 150w, https:\/\/www.lab.eus\/wp-content\/uploads\/2023\/10\/photo_5834846997742468521_y-696x464.jpg 696w, https:\/\/www.lab.eus\/wp-content\/uploads\/2023\/10\/photo_5834846997742468521_y-1068x712.jpg 1068w, https:\/\/www.lab.eus\/wp-content\/uploads\/2023\/10\/photo_5834846997742468521_y-630x420.jpg 630w, https:\/\/www.lab.eus\/wp-content\/uploads\/2023\/10\/photo_5834846997742468521_y.jpg 1280w\" sizes=\"auto, (max-width: 1024px) 100vw, 1024px\" \/><\/figure>\n\n\n\n<figure class=\"wp-block-image size-large\"><img loading=\"lazy\" decoding=\"async\" width=\"1024\" height=\"682\" data-id=\"61574\" src=\"https:\/\/www.lab.eus\/wp-content\/uploads\/2023\/10\/photo_5834846997742468522_y-1024x682.jpg\" alt=\"\" class=\"wp-image-61574\" srcset=\"https:\/\/www.lab.eus\/wp-content\/uploads\/2023\/10\/photo_5834846997742468522_y-1024x682.jpg 1024w, https:\/\/www.lab.eus\/wp-content\/uploads\/2023\/10\/photo_5834846997742468522_y-300x200.jpg 300w, https:\/\/www.lab.eus\/wp-content\/uploads\/2023\/10\/photo_5834846997742468522_y-768x512.jpg 768w, https:\/\/www.lab.eus\/wp-content\/uploads\/2023\/10\/photo_5834846997742468522_y-150x100.jpg 150w, https:\/\/www.lab.eus\/wp-content\/uploads\/2023\/10\/photo_5834846997742468522_y-696x464.jpg 696w, https:\/\/www.lab.eus\/wp-content\/uploads\/2023\/10\/photo_5834846997742468522_y-1068x712.jpg 1068w, https:\/\/www.lab.eus\/wp-content\/uploads\/2023\/10\/photo_5834846997742468522_y-630x420.jpg 630w, https:\/\/www.lab.eus\/wp-content\/uploads\/2023\/10\/photo_5834846997742468522_y.jpg 1280w\" sizes=\"auto, (max-width: 1024px) 100vw, 1024px\" \/><\/figure>\n\n\n\n<figure class=\"wp-block-image size-large\"><img loading=\"lazy\" decoding=\"async\" width=\"1024\" height=\"614\" data-id=\"61558\" src=\"https:\/\/www.lab.eus\/wp-content\/uploads\/2023\/10\/2023-10-6-1-1024x614.jpg\" alt=\"\" class=\"wp-image-61558\" srcset=\"https:\/\/www.lab.eus\/wp-content\/uploads\/2023\/10\/2023-10-6-1-1024x614.jpg 1024w, https:\/\/www.lab.eus\/wp-content\/uploads\/2023\/10\/2023-10-6-1-300x180.jpg 300w, https:\/\/www.lab.eus\/wp-content\/uploads\/2023\/10\/2023-10-6-1-768x460.jpg 768w, https:\/\/www.lab.eus\/wp-content\/uploads\/2023\/10\/2023-10-6-1-150x90.jpg 150w, https:\/\/www.lab.eus\/wp-content\/uploads\/2023\/10\/2023-10-6-1-696x417.jpg 696w, https:\/\/www.lab.eus\/wp-content\/uploads\/2023\/10\/2023-10-6-1-1068x640.jpg 1068w, https:\/\/www.lab.eus\/wp-content\/uploads\/2023\/10\/2023-10-6-1-701x420.jpg 701w, https:\/\/www.lab.eus\/wp-content\/uploads\/2023\/10\/2023-10-6-1.jpg 1280w\" sizes=\"auto, (max-width: 1024px) 100vw, 1024px\" \/><\/figure>\n\n\n\n<figure class=\"wp-block-image size-large\"><img loading=\"lazy\" decoding=\"async\" width=\"1024\" height=\"682\" data-id=\"61537\" src=\"https:\/\/www.lab.eus\/wp-content\/uploads\/2023\/10\/photo16965086241-1024x682.jpeg\" alt=\"\" class=\"wp-image-61537\" srcset=\"https:\/\/www.lab.eus\/wp-content\/uploads\/2023\/10\/photo16965086241-1024x682.jpeg 1024w, https:\/\/www.lab.eus\/wp-content\/uploads\/2023\/10\/photo16965086241-300x200.jpeg 300w, https:\/\/www.lab.eus\/wp-content\/uploads\/2023\/10\/photo16965086241-768x512.jpeg 768w, https:\/\/www.lab.eus\/wp-content\/uploads\/2023\/10\/photo16965086241-150x100.jpeg 150w, https:\/\/www.lab.eus\/wp-content\/uploads\/2023\/10\/photo16965086241-696x464.jpeg 696w, https:\/\/www.lab.eus\/wp-content\/uploads\/2023\/10\/photo16965086241-1068x712.jpeg 1068w, https:\/\/www.lab.eus\/wp-content\/uploads\/2023\/10\/photo16965086241-630x420.jpeg 630w, https:\/\/www.lab.eus\/wp-content\/uploads\/2023\/10\/photo16965086241.jpeg 1280w\" sizes=\"auto, (max-width: 1024px) 100vw, 1024px\" \/><\/figure>\n\n\n\n<figure class=\"wp-block-image size-large\"><img loading=\"lazy\" decoding=\"async\" width=\"1024\" height=\"682\" data-id=\"61535\" src=\"https:\/\/www.lab.eus\/wp-content\/uploads\/2023\/10\/photo1696508624-1024x682.jpeg\" alt=\"\" class=\"wp-image-61535\" srcset=\"https:\/\/www.lab.eus\/wp-content\/uploads\/2023\/10\/photo1696508624-1024x682.jpeg 1024w, https:\/\/www.lab.eus\/wp-content\/uploads\/2023\/10\/photo1696508624-300x200.jpeg 300w, https:\/\/www.lab.eus\/wp-content\/uploads\/2023\/10\/photo1696508624-768x512.jpeg 768w, https:\/\/www.lab.eus\/wp-content\/uploads\/2023\/10\/photo1696508624-150x100.jpeg 150w, https:\/\/www.lab.eus\/wp-content\/uploads\/2023\/10\/photo1696508624-696x464.jpeg 696w, https:\/\/www.lab.eus\/wp-content\/uploads\/2023\/10\/photo1696508624-1068x712.jpeg 1068w, https:\/\/www.lab.eus\/wp-content\/uploads\/2023\/10\/photo1696508624-630x420.jpeg 630w, https:\/\/www.lab.eus\/wp-content\/uploads\/2023\/10\/photo1696508624.jpeg 1280w\" sizes=\"auto, (max-width: 1024px) 100vw, 1024px\" \/><\/figure>\n\n\n\n<figure class=\"wp-block-image size-large\"><img loading=\"lazy\" decoding=\"async\" width=\"1024\" height=\"682\" data-id=\"61532\" src=\"https:\/\/www.lab.eus\/wp-content\/uploads\/2023\/10\/photo16965086244-1024x682.jpeg\" alt=\"\" class=\"wp-image-61532\" srcset=\"https:\/\/www.lab.eus\/wp-content\/uploads\/2023\/10\/photo16965086244-1024x682.jpeg 1024w, https:\/\/www.lab.eus\/wp-content\/uploads\/2023\/10\/photo16965086244-300x200.jpeg 300w, https:\/\/www.lab.eus\/wp-content\/uploads\/2023\/10\/photo16965086244-768x512.jpeg 768w, https:\/\/www.lab.eus\/wp-content\/uploads\/2023\/10\/photo16965086244-150x100.jpeg 150w, https:\/\/www.lab.eus\/wp-content\/uploads\/2023\/10\/photo16965086244-696x464.jpeg 696w, https:\/\/www.lab.eus\/wp-content\/uploads\/2023\/10\/photo16965086244-1068x712.jpeg 1068w, https:\/\/www.lab.eus\/wp-content\/uploads\/2023\/10\/photo16965086244-630x420.jpeg 630w, https:\/\/www.lab.eus\/wp-content\/uploads\/2023\/10\/photo16965086244.jpeg 1280w\" sizes=\"auto, (max-width: 1024px) 100vw, 1024px\" \/><\/figure>\n\n\n\n<figure class=\"wp-block-image size-large\"><img loading=\"lazy\" decoding=\"async\" width=\"1024\" height=\"768\" data-id=\"61529\" src=\"https:\/\/www.lab.eus\/wp-content\/uploads\/2023\/10\/photo1696527487-1024x768.jpeg\" alt=\"\" class=\"wp-image-61529\" srcset=\"https:\/\/www.lab.eus\/wp-content\/uploads\/2023\/10\/photo1696527487-1024x768.jpeg 1024w, https:\/\/www.lab.eus\/wp-content\/uploads\/2023\/10\/photo1696527487-300x225.jpeg 300w, https:\/\/www.lab.eus\/wp-content\/uploads\/2023\/10\/photo1696527487-768x576.jpeg 768w, https:\/\/www.lab.eus\/wp-content\/uploads\/2023\/10\/photo1696527487-150x113.jpeg 150w, https:\/\/www.lab.eus\/wp-content\/uploads\/2023\/10\/photo1696527487-696x522.jpeg 696w, https:\/\/www.lab.eus\/wp-content\/uploads\/2023\/10\/photo1696527487-1068x801.jpeg 1068w, https:\/\/www.lab.eus\/wp-content\/uploads\/2023\/10\/photo1696527487-560x420.jpeg 560w, https:\/\/www.lab.eus\/wp-content\/uploads\/2023\/10\/photo1696527487-80x60.jpeg 80w, https:\/\/www.lab.eus\/wp-content\/uploads\/2023\/10\/photo1696527487-265x198.jpeg 265w, https:\/\/www.lab.eus\/wp-content\/uploads\/2023\/10\/photo1696527487.jpeg 1280w\" sizes=\"auto, (max-width: 1024px) 100vw, 1024px\" \/><\/figure>\n\n\n\n<figure class=\"wp-block-image size-large\"><img loading=\"lazy\" decoding=\"async\" width=\"1024\" height=\"768\" data-id=\"61527\" src=\"https:\/\/www.lab.eus\/wp-content\/uploads\/2023\/10\/photo1696527628-1024x768.jpeg\" alt=\"\" class=\"wp-image-61527\" srcset=\"https:\/\/www.lab.eus\/wp-content\/uploads\/2023\/10\/photo1696527628-1024x768.jpeg 1024w, https:\/\/www.lab.eus\/wp-content\/uploads\/2023\/10\/photo1696527628-300x225.jpeg 300w, https:\/\/www.lab.eus\/wp-content\/uploads\/2023\/10\/photo1696527628-768x576.jpeg 768w, https:\/\/www.lab.eus\/wp-content\/uploads\/2023\/10\/photo1696527628-150x113.jpeg 150w, https:\/\/www.lab.eus\/wp-content\/uploads\/2023\/10\/photo1696527628-696x522.jpeg 696w, https:\/\/www.lab.eus\/wp-content\/uploads\/2023\/10\/photo1696527628-1068x801.jpeg 1068w, https:\/\/www.lab.eus\/wp-content\/uploads\/2023\/10\/photo1696527628-560x420.jpeg 560w, https:\/\/www.lab.eus\/wp-content\/uploads\/2023\/10\/photo1696527628-80x60.jpeg 80w, https:\/\/www.lab.eus\/wp-content\/uploads\/2023\/10\/photo1696527628-265x198.jpeg 265w, https:\/\/www.lab.eus\/wp-content\/uploads\/2023\/10\/photo1696527628.jpeg 1280w\" sizes=\"auto, (max-width: 1024px) 100vw, 1024px\" \/><\/figure>\n\n\n\n<figure class=\"wp-block-image size-large\"><img loading=\"lazy\" decoding=\"async\" width=\"1024\" height=\"768\" data-id=\"61541\" src=\"https:\/\/www.lab.eus\/wp-content\/uploads\/2023\/10\/photo1696527530-1024x768.jpeg\" alt=\"\" class=\"wp-image-61541\" srcset=\"https:\/\/www.lab.eus\/wp-content\/uploads\/2023\/10\/photo1696527530-1024x768.jpeg 1024w, https:\/\/www.lab.eus\/wp-content\/uploads\/2023\/10\/photo1696527530-300x225.jpeg 300w, https:\/\/www.lab.eus\/wp-content\/uploads\/2023\/10\/photo1696527530-768x576.jpeg 768w, https:\/\/www.lab.eus\/wp-content\/uploads\/2023\/10\/photo1696527530-150x113.jpeg 150w, https:\/\/www.lab.eus\/wp-content\/uploads\/2023\/10\/photo1696527530-696x522.jpeg 696w, https:\/\/www.lab.eus\/wp-content\/uploads\/2023\/10\/photo1696527530-1068x801.jpeg 1068w, https:\/\/www.lab.eus\/wp-content\/uploads\/2023\/10\/photo1696527530-560x420.jpeg 560w, https:\/\/www.lab.eus\/wp-content\/uploads\/2023\/10\/photo1696527530-80x60.jpeg 80w, https:\/\/www.lab.eus\/wp-content\/uploads\/2023\/10\/photo1696527530-265x198.jpeg 265w, https:\/\/www.lab.eus\/wp-content\/uploads\/2023\/10\/photo1696527530.jpeg 1280w\" sizes=\"auto, (max-width: 1024px) 100vw, 1024px\" \/><\/figure>\n\n\n\n<figure class=\"wp-block-image size-large\"><img loading=\"lazy\" decoding=\"async\" width=\"1024\" height=\"576\" data-id=\"61533\" src=\"https:\/\/www.lab.eus\/wp-content\/uploads\/2023\/10\/photo1696505297-1024x576.jpeg\" alt=\"\" class=\"wp-image-61533\" srcset=\"https:\/\/www.lab.eus\/wp-content\/uploads\/2023\/10\/photo1696505297-1024x576.jpeg 1024w, https:\/\/www.lab.eus\/wp-content\/uploads\/2023\/10\/photo1696505297-300x169.jpeg 300w, https:\/\/www.lab.eus\/wp-content\/uploads\/2023\/10\/photo1696505297-768x432.jpeg 768w, https:\/\/www.lab.eus\/wp-content\/uploads\/2023\/10\/photo1696505297-150x84.jpeg 150w, https:\/\/www.lab.eus\/wp-content\/uploads\/2023\/10\/photo1696505297-696x392.jpeg 696w, https:\/\/www.lab.eus\/wp-content\/uploads\/2023\/10\/photo1696505297-1068x601.jpeg 1068w, https:\/\/www.lab.eus\/wp-content\/uploads\/2023\/10\/photo1696505297-747x420.jpeg 747w, https:\/\/www.lab.eus\/wp-content\/uploads\/2023\/10\/photo1696505297.jpeg 1280w\" sizes=\"auto, (max-width: 1024px) 100vw, 1024px\" \/><\/figure>\n<\/figure>\n","protected":false},"excerpt":{"rendered":"<p>M\u00e1s de 200 sindicalistas nos hemos dado cita en Oiartzun en los Encuentros Sindicales organizados por LAB con el objetivo de seguir impulsando el proceso de renovaci\u00f3n del sindicalismo vasco.<\/p>\n","protected":false},"author":1191,"featured_media":61598,"comment_status":"closed","ping_status":"closed","sticky":false,"template":"","format":"video","meta":{"_monsterinsights_skip_tracking":false,"_monsterinsights_sitenote_active":false,"_monsterinsights_sitenote_note":"","_monsterinsights_sitenote_category":0,"footnotes":"","_links_to":"","_links_to_target":""},"categories":[18,2994,2973],"tags":[3182,3178,4119,3024],"class_list":{"0":"post-61547","1":"post","2":"type-post","3":"status-publish","4":"format-video","5":"has-post-thumbnail","7":"category-es-accion-sindical","8":"category-accion-social","9":"category-secretarias","10":"tag-accion-social-es","11":"tag-destacado-1","12":"tag-secretaria-antirracista-es","13":"tag-secretarias","14":"post_format-post-format-video"},"_links":{"self":[{"href":"https:\/\/www.lab.eus\/es\/wp-json\/wp\/v2\/posts\/61547","targetHints":{"allow":["GET"]}}],"collection":[{"href":"https:\/\/www.lab.eus\/es\/wp-json\/wp\/v2\/posts"}],"about":[{"href":"https:\/\/www.lab.eus\/es\/wp-json\/wp\/v2\/types\/post"}],"author":[{"embeddable":true,"href":"https:\/\/www.lab.eus\/es\/wp-json\/wp\/v2\/users\/1191"}],"replies":[{"embeddable":true,"href":"https:\/\/www.lab.eus\/es\/wp-json\/wp\/v2\/comments?post=61547"}],"version-history":[{"count":0,"href":"https:\/\/www.lab.eus\/es\/wp-json\/wp\/v2\/posts\/61547\/revisions"}],"wp:featuredmedia":[{"embeddable":true,"href":"https:\/\/www.lab.eus\/es\/wp-json\/wp\/v2\/media\/61598"}],"wp:attachment":[{"href":"https:\/\/www.lab.eus\/es\/wp-json\/wp\/v2\/media?parent=61547"}],"wp:term":[{"taxonomy":"category","embeddable":true,"href":"https:\/\/www.lab.eus\/es\/wp-json\/wp\/v2\/categories?post=61547"},{"taxonomy":"post_tag","embeddable":true,"href":"https:\/\/www.lab.eus\/es\/wp-json\/wp\/v2\/tags?post=61547"}],"curies":[{"name":"wp","href":"https:\/\/api.w.org\/{rel}","templated":true}]}}