{"id":61387,"date":"2023-09-29T15:16:31","date_gmt":"2023-09-29T15:16:31","guid":{"rendered":"https:\/\/www.lab.eus\/?p=61387"},"modified":"2023-09-29T15:16:32","modified_gmt":"2023-09-29T15:16:32","slug":"960-000e-de-dinero-publico-seran-repartidos-en-hego-euskal-herria-para-comprar-la-paz-social","status":"publish","type":"post","link":"https:\/\/www.lab.eus\/es\/960-000e-de-dinero-publico-seran-repartidos-en-hego-euskal-herria-para-comprar-la-paz-social\/","title":{"rendered":"960.000\u20ac de dinero p\u00fablico ser\u00e1n repartidos en Hego Euskal Herria para comprar la paz social"},"content":{"rendered":"\n<p>LAB ha participado hoy en el Consejo General de Osalan en el que, entre otras cuestiones, se ha indicado que la Fundaci\u00f3n Estatal para la Prevenci\u00f3n tambi\u00e9n desarrollar\u00e1 su l\u00ednea de financiaci\u00f3n en la CAV, en este caso con la puesta en marcha de un fondo de 560.000 \u20ac a trav\u00e9s de Osalan. Como ya hiciera el pasado junio en Nafarroa, el sindicato LAB ha denunciado este comportamiento clientelista y ha dejado claro que no participar\u00e1 en dicho reparto.<\/p>\n\n\n\n<p>Cabe recordar que el pasado mes de junio, en una reuni\u00f3n convocada por la Directora General de Pol\u00edtica Empresarial, Proyecci\u00f3n Internacional y Trabajo del Gobierno de Nafarroa, Izaskun Go\u00f1i, con el fin de organizar la gesti\u00f3n de los fondos asignados a Navarra para el a\u00f1o 2023 con cargo a la Fundaci\u00f3n Estatal de Prevenci\u00f3n de Riesgos Laborales (cuya partida asciende a 400.814,41 euros), se puso de manifiesto la participaci\u00f3n de UGT y CCOO en la elaboraci\u00f3n de los pliegos que les garantizan el cobro y distribuci\u00f3n de las citadas cantidades. Ante este funcionamiento clientelar, LAB reclama la defensa de la salud del la clase trabajadora. Durante los \u00faltimos a\u00f1os estos repartos han estado bloqueados por las irregularidades detectadas por el Tribunal de Cuentas, y las convocatorias habidas desde el 2008 hasta el 2013 han sido anuladas por v\u00eda judicial. La propia fundaci\u00f3n estatal modific\u00f3 el sistema, excluyendo de la participaci\u00f3n al Consejo de Osalan y al Consejo de Salud Laboral de Nafarroa. Posteriormente, el propio Tribunal de Cuentas ha llegado a la conclusi\u00f3n de que en este sistema de financiaci\u00f3n los fondos se reparten previamente entre la CEOE, UGT y CCOO, que estas entidades han sido juez y parte en el reparto de las ayudas concedidas, y que en muchos casos se puede poner en cuesti\u00f3n que los fondos recibidos se hayan destinado a ejecutar acciones.<br><br>Tras un largo camino plagado de sentencias contra las fuerzas sindicales y la patronal del Estado, en septiembre de 2022 se modific\u00f3 la disposici\u00f3n adicional V. de la LPRL, otorgando gesti\u00f3n de los fondos al Ministerio de Trabajo espa\u00f1ol. As\u00ed, a las comunidades aut\u00f3nomas se les ha restado capacidad para definir las l\u00edneas de actuaci\u00f3n de cada campa\u00f1a. Esta disposici\u00f3n, que acaba de ser modificada, centraliza en Madrid la facultad de dise\u00f1ar y publicar las bases de cada ejercicio y deja una vez m\u00e1s en un mero tr\u00e1mite la capacidad de gesti\u00f3n de las administraciones de Hego Euskal Herria (CAV y Navarra). En otras palabras, han realizado un cambio legal para seguir haciendo lo que antes hac\u00edan de forma irregular, otorg\u00e1ndole ahora mayor seguridad jur\u00eddica.<br><br>Al menos en el proceso llevado a cabo en Nafarroa, que LAB ya denunci\u00f3 en julio, los representantes de UGT y CCOO aportaban criterios claros en sus apuntes, en los que indicaban sin rubor al Gobierno de Nafarroa c\u00f3mo deb\u00eda interpretar los pliegos que a\u00fan no hab\u00edan sido publicados. Una vez m\u00e1s, una forma de actuar claramente inadecuada: estas entidades quieren ser juez y parte en la gesti\u00f3n de los fondos de la Fundaci\u00f3n para satisfacer sus necesidades e intereses.<br><br>LAB no entra en este reparto. No aceptar\u00e1 que estos fondos se repartan con intereses corporativos entre los sindicatos UGT y CCOO y la patronal. Adem\u00e1s de denunciar esto de forma contundente, LAB intervendr\u00e1 en este asunto y su acci\u00f3n se orientar\u00e1 a presionar y a forzar nuevas decisiones y pol\u00edticas a trav\u00e9s de nuevas iniciativas. Seguir\u00e1 de cerca y fiscalizar\u00e1 las posibles irregularidades, sin descartar la v\u00eda judicial en la que ya trabaja la Asesor\u00eda Jur\u00eddica. Ante la estrategia de UGT y CCOO de aprovechar cualquier hueco para intentar avanzar en sus privilegios, LAB no dejar\u00e1 margen alguno.<\/p>\n","protected":false},"excerpt":{"rendered":"<p>LAB ha participado hoy en el Consejo General de Osalan en el que, entre otras cuestiones, se ha indicado que la Fundaci\u00f3n Estatal para la Prevenci\u00f3n tambi\u00e9n desarrollar\u00e1 su l\u00ednea de financiaci\u00f3n en la CAV, en este caso con la puesta en marcha de un fondo de 560.000 \u20ac a trav\u00e9s de Osalan. Como ya hiciera el pasado junio en Nafarroa, el sindicato LAB ha denunciado este comportamiento clientelista y ha dejado claro que no participar\u00e1 en dicho reparto.<\/p>\n","protected":false},"author":1191,"featured_media":47224,"comment_status":"closed","ping_status":"closed","sticky":false,"template":"","format":"standard","meta":{"_monsterinsights_skip_tracking":false,"_monsterinsights_sitenote_active":false,"_monsterinsights_sitenote_note":"","_monsterinsights_sitenote_category":0,"footnotes":"","_links_to":"","_links_to_target":""},"categories":[18,15,2973,3283],"tags":[3028,3178,1217,3024],"class_list":{"0":"post-61387","1":"post","2":"type-post","3":"status-publish","4":"format-standard","5":"has-post-thumbnail","7":"category-es-accion-sindical","8":"category-es-salud-laboral","9":"category-secretarias","10":"category-sin-categorizar","11":"tag-accion-sindical-2","12":"tag-destacado-1","13":"tag-osalan","14":"tag-secretarias"},"_links":{"self":[{"href":"https:\/\/www.lab.eus\/es\/wp-json\/wp\/v2\/posts\/61387","targetHints":{"allow":["GET"]}}],"collection":[{"href":"https:\/\/www.lab.eus\/es\/wp-json\/wp\/v2\/posts"}],"about":[{"href":"https:\/\/www.lab.eus\/es\/wp-json\/wp\/v2\/types\/post"}],"author":[{"embeddable":true,"href":"https:\/\/www.lab.eus\/es\/wp-json\/wp\/v2\/users\/1191"}],"replies":[{"embeddable":true,"href":"https:\/\/www.lab.eus\/es\/wp-json\/wp\/v2\/comments?post=61387"}],"version-history":[{"count":0,"href":"https:\/\/www.lab.eus\/es\/wp-json\/wp\/v2\/posts\/61387\/revisions"}],"wp:featuredmedia":[{"embeddable":true,"href":"https:\/\/www.lab.eus\/es\/wp-json\/wp\/v2\/media\/47224"}],"wp:attachment":[{"href":"https:\/\/www.lab.eus\/es\/wp-json\/wp\/v2\/media?parent=61387"}],"wp:term":[{"taxonomy":"category","embeddable":true,"href":"https:\/\/www.lab.eus\/es\/wp-json\/wp\/v2\/categories?post=61387"},{"taxonomy":"post_tag","embeddable":true,"href":"https:\/\/www.lab.eus\/es\/wp-json\/wp\/v2\/tags?post=61387"}],"curies":[{"name":"wp","href":"https:\/\/api.w.org\/{rel}","templated":true}]}}