{"id":61212,"date":"2023-09-28T10:33:19","date_gmt":"2023-09-28T10:33:19","guid":{"rendered":"https:\/\/www.lab.eus\/?p=61212"},"modified":"2023-09-29T08:00:33","modified_gmt":"2023-09-29T08:00:33","slug":"nos-reunimos-mas-de-200-personas-para-preparar-la-huelga-feminista-general-en-la-asamblea-de-mueres-de-lab","status":"publish","type":"post","link":"https:\/\/www.lab.eus\/es\/nos-reunimos-mas-de-200-personas-para-preparar-la-huelga-feminista-general-en-la-asamblea-de-mueres-de-lab\/","title":{"rendered":"Estamos en marcha para preparar la Huelga Feminista General"},"content":{"rendered":"\n<p>La asamblea se ha llevado a cabo en la sala Landetxe de Oiartzun, con la cita convocada para el 30 de noviembre en el punto de mira. Hemos destacado la necesidad de crear un sistema p\u00fablico comunitario de cuidados, y a partir de la semana que viene realizaremos asambleas de delegadas en todas las comarcas para continuar con los preparativos.<\/p>\n\n\n\n<p>El encuentro ha comenzado con un v\u00eddeo y con un repaso del camino recorrido hasta ahora por LAB para transformarse en sindicato feminista. Tras ello, trabajadoras de distintos sectores del \u00e1mbito de los cuidados y otros sectores feminizados han compartido testimonios de las luchas llevadas a cabo y han explicado cu\u00e1les son sus reivindicaciones principales. Todo ello ha dejado la siguiente conclusi\u00f3n: \u00abEs urgente revolucionar el sistema de cuidados actual\u00bb.<\/p>\n\n\n\n<p>Tras ello, las asistentes se han dividido en grupos para trabajar con mayor concreci\u00f3n los pasos a dar de cara a la huelga. Finalmente, el encuentro se ha cerrado cantando <em>Zutik emakumeak<\/em>.<\/p>\n\n\n\n<p>Desde el sindicato LAB nos hemos volcado en los preparativos para la Huelga Feminista General convocada por el Movimiento Feminista para el 30 de noviembre. La coordinadora general del sindicato, Garbi\u00f1e Aranburu, ha destacado que \u00abla crisis de los cuidados es cada vez m\u00e1s evidente. La \u00fanica causa de esta crisis no es la evoluci\u00f3n demogr\u00e1fica o el envejecimiento de la sociedad. Las mujeres nos estamos rebelando, no damos por bueno este modelo de cuidados que ya es insostenible que e injusto. La situaci\u00f3n se est\u00e1 convirtiendo en insoportable para las mujeres y especialmente para las trabajadoras migradas y racializadas \u00ab.<\/p>\n\n\n\n<p>As\u00ed, Aranburu ha destacado la urgencia de reordenar y redistribuir de forma m\u00e1s equilibrada las tareas de cuidados, que es precisamente lo que perseguir\u00eda el sistema p\u00fablico comunitario que defendemos desde LAB. De esta forma, se conseguir\u00eda \u00abdignificar y sacar del \u00e1mbito privado las labores de cuidados\u00bb, ha expresado Aranburu.<\/p>\n\n\n\n<p>En LAB llevamos tiempo trabajando codo con codo y construyendo alianzas con el Movimiento Feminista, por lo que nos volcaremos de lleno en la preparaci\u00f3n de la Huelga Feminista General.<\/p>\n\n\n\n<figure class=\"wp-block-gallery has-nested-images columns-default is-cropped wp-block-gallery-1 is-layout-flex wp-block-gallery-is-layout-flex\">\n<figure class=\"wp-block-image size-large\"><img loading=\"lazy\" decoding=\"async\" width=\"1024\" height=\"683\" data-id=\"61237\" src=\"https:\/\/www.lab.eus\/wp-content\/uploads\/2023\/09\/ss-1024x683.jpg\" alt=\"\" class=\"wp-image-61237\" srcset=\"https:\/\/www.lab.eus\/wp-content\/uploads\/2023\/09\/ss-1024x683.jpg 1024w, https:\/\/www.lab.eus\/wp-content\/uploads\/2023\/09\/ss-300x200.jpg 300w, https:\/\/www.lab.eus\/wp-content\/uploads\/2023\/09\/ss-768x512.jpg 768w, https:\/\/www.lab.eus\/wp-content\/uploads\/2023\/09\/ss-1536x1024.jpg 1536w, https:\/\/www.lab.eus\/wp-content\/uploads\/2023\/09\/ss-2048x1365.jpg 2048w, https:\/\/www.lab.eus\/wp-content\/uploads\/2023\/09\/ss-150x100.jpg 150w, https:\/\/www.lab.eus\/wp-content\/uploads\/2023\/09\/ss-696x464.jpg 696w, https:\/\/www.lab.eus\/wp-content\/uploads\/2023\/09\/ss-1068x712.jpg 1068w, https:\/\/www.lab.eus\/wp-content\/uploads\/2023\/09\/ss-1920x1280.jpg 1920w, https:\/\/www.lab.eus\/wp-content\/uploads\/2023\/09\/ss-630x420.jpg 630w\" sizes=\"auto, (max-width: 1024px) 100vw, 1024px\" \/><\/figure>\n\n\n\n<figure class=\"wp-block-image size-large\"><img loading=\"lazy\" decoding=\"async\" width=\"1024\" height=\"683\" data-id=\"61235\" src=\"https:\/\/www.lab.eus\/wp-content\/uploads\/2023\/09\/isik-1024x683.jpg\" alt=\"\" class=\"wp-image-61235\" srcset=\"https:\/\/www.lab.eus\/wp-content\/uploads\/2023\/09\/isik-1024x683.jpg 1024w, https:\/\/www.lab.eus\/wp-content\/uploads\/2023\/09\/isik-300x200.jpg 300w, https:\/\/www.lab.eus\/wp-content\/uploads\/2023\/09\/isik-768x512.jpg 768w, https:\/\/www.lab.eus\/wp-content\/uploads\/2023\/09\/isik-1536x1024.jpg 1536w, https:\/\/www.lab.eus\/wp-content\/uploads\/2023\/09\/isik-2048x1365.jpg 2048w, https:\/\/www.lab.eus\/wp-content\/uploads\/2023\/09\/isik-150x100.jpg 150w, https:\/\/www.lab.eus\/wp-content\/uploads\/2023\/09\/isik-696x464.jpg 696w, https:\/\/www.lab.eus\/wp-content\/uploads\/2023\/09\/isik-1068x712.jpg 1068w, https:\/\/www.lab.eus\/wp-content\/uploads\/2023\/09\/isik-1920x1280.jpg 1920w, https:\/\/www.lab.eus\/wp-content\/uploads\/2023\/09\/isik-630x420.jpg 630w\" sizes=\"auto, (max-width: 1024px) 100vw, 1024px\" \/><\/figure>\n\n\n\n<figure class=\"wp-block-image size-large\"><img loading=\"lazy\" decoding=\"async\" width=\"1024\" height=\"683\" data-id=\"61233\" src=\"https:\/\/www.lab.eus\/wp-content\/uploads\/2023\/09\/sfgsdfdsd-1024x683.jpg\" alt=\"\" class=\"wp-image-61233\" srcset=\"https:\/\/www.lab.eus\/wp-content\/uploads\/2023\/09\/sfgsdfdsd-1024x683.jpg 1024w, https:\/\/www.lab.eus\/wp-content\/uploads\/2023\/09\/sfgsdfdsd-300x200.jpg 300w, https:\/\/www.lab.eus\/wp-content\/uploads\/2023\/09\/sfgsdfdsd-768x512.jpg 768w, https:\/\/www.lab.eus\/wp-content\/uploads\/2023\/09\/sfgsdfdsd-1536x1024.jpg 1536w, https:\/\/www.lab.eus\/wp-content\/uploads\/2023\/09\/sfgsdfdsd-2048x1365.jpg 2048w, https:\/\/www.lab.eus\/wp-content\/uploads\/2023\/09\/sfgsdfdsd-150x100.jpg 150w, https:\/\/www.lab.eus\/wp-content\/uploads\/2023\/09\/sfgsdfdsd-696x464.jpg 696w, https:\/\/www.lab.eus\/wp-content\/uploads\/2023\/09\/sfgsdfdsd-1068x712.jpg 1068w, https:\/\/www.lab.eus\/wp-content\/uploads\/2023\/09\/sfgsdfdsd-1920x1280.jpg 1920w, https:\/\/www.lab.eus\/wp-content\/uploads\/2023\/09\/sfgsdfdsd-630x420.jpg 630w\" sizes=\"auto, (max-width: 1024px) 100vw, 1024px\" \/><\/figure>\n\n\n\n<figure class=\"wp-block-image size-large\"><img loading=\"lazy\" decoding=\"async\" width=\"1024\" height=\"683\" data-id=\"61231\" src=\"https:\/\/www.lab.eus\/wp-content\/uploads\/2023\/09\/hfg-1024x683.jpg\" alt=\"\" class=\"wp-image-61231\" srcset=\"https:\/\/www.lab.eus\/wp-content\/uploads\/2023\/09\/hfg-1024x683.jpg 1024w, https:\/\/www.lab.eus\/wp-content\/uploads\/2023\/09\/hfg-300x200.jpg 300w, https:\/\/www.lab.eus\/wp-content\/uploads\/2023\/09\/hfg-768x512.jpg 768w, https:\/\/www.lab.eus\/wp-content\/uploads\/2023\/09\/hfg-1536x1024.jpg 1536w, https:\/\/www.lab.eus\/wp-content\/uploads\/2023\/09\/hfg-2048x1365.jpg 2048w, https:\/\/www.lab.eus\/wp-content\/uploads\/2023\/09\/hfg-150x100.jpg 150w, https:\/\/www.lab.eus\/wp-content\/uploads\/2023\/09\/hfg-696x464.jpg 696w, https:\/\/www.lab.eus\/wp-content\/uploads\/2023\/09\/hfg-1068x712.jpg 1068w, https:\/\/www.lab.eus\/wp-content\/uploads\/2023\/09\/hfg-1920x1280.jpg 1920w, https:\/\/www.lab.eus\/wp-content\/uploads\/2023\/09\/hfg-630x420.jpg 630w\" sizes=\"auto, (max-width: 1024px) 100vw, 1024px\" \/><\/figure>\n\n\n\n<figure class=\"wp-block-image size-large\"><img loading=\"lazy\" decoding=\"async\" width=\"1024\" height=\"683\" data-id=\"61229\" src=\"https:\/\/www.lab.eus\/wp-content\/uploads\/2023\/09\/as-1024x683.jpg\" alt=\"\" class=\"wp-image-61229\" srcset=\"https:\/\/www.lab.eus\/wp-content\/uploads\/2023\/09\/as-1024x683.jpg 1024w, https:\/\/www.lab.eus\/wp-content\/uploads\/2023\/09\/as-300x200.jpg 300w, https:\/\/www.lab.eus\/wp-content\/uploads\/2023\/09\/as-768x512.jpg 768w, https:\/\/www.lab.eus\/wp-content\/uploads\/2023\/09\/as-1536x1024.jpg 1536w, https:\/\/www.lab.eus\/wp-content\/uploads\/2023\/09\/as-2048x1365.jpg 2048w, https:\/\/www.lab.eus\/wp-content\/uploads\/2023\/09\/as-150x100.jpg 150w, https:\/\/www.lab.eus\/wp-content\/uploads\/2023\/09\/as-696x464.jpg 696w, https:\/\/www.lab.eus\/wp-content\/uploads\/2023\/09\/as-1068x712.jpg 1068w, https:\/\/www.lab.eus\/wp-content\/uploads\/2023\/09\/as-1920x1280.jpg 1920w, https:\/\/www.lab.eus\/wp-content\/uploads\/2023\/09\/as-630x420.jpg 630w\" sizes=\"auto, (max-width: 1024px) 100vw, 1024px\" \/><\/figure>\n\n\n\n<figure class=\"wp-block-image size-large\"><img loading=\"lazy\" decoding=\"async\" width=\"1024\" height=\"683\" data-id=\"61227\" src=\"https:\/\/www.lab.eus\/wp-content\/uploads\/2023\/09\/sfgd-1024x683.jpg\" alt=\"\" class=\"wp-image-61227\" srcset=\"https:\/\/www.lab.eus\/wp-content\/uploads\/2023\/09\/sfgd-1024x683.jpg 1024w, https:\/\/www.lab.eus\/wp-content\/uploads\/2023\/09\/sfgd-300x200.jpg 300w, https:\/\/www.lab.eus\/wp-content\/uploads\/2023\/09\/sfgd-768x512.jpg 768w, https:\/\/www.lab.eus\/wp-content\/uploads\/2023\/09\/sfgd-1536x1024.jpg 1536w, https:\/\/www.lab.eus\/wp-content\/uploads\/2023\/09\/sfgd-2048x1365.jpg 2048w, https:\/\/www.lab.eus\/wp-content\/uploads\/2023\/09\/sfgd-150x100.jpg 150w, https:\/\/www.lab.eus\/wp-content\/uploads\/2023\/09\/sfgd-696x464.jpg 696w, https:\/\/www.lab.eus\/wp-content\/uploads\/2023\/09\/sfgd-1068x712.jpg 1068w, https:\/\/www.lab.eus\/wp-content\/uploads\/2023\/09\/sfgd-1920x1280.jpg 1920w, https:\/\/www.lab.eus\/wp-content\/uploads\/2023\/09\/sfgd-630x420.jpg 630w\" sizes=\"auto, (max-width: 1024px) 100vw, 1024px\" \/><\/figure>\n\n\n\n<figure class=\"wp-block-image size-large\"><img loading=\"lazy\" decoding=\"async\" width=\"1024\" height=\"683\" data-id=\"61225\" src=\"https:\/\/www.lab.eus\/wp-content\/uploads\/2023\/09\/gsdg-1024x683.jpg\" alt=\"\" class=\"wp-image-61225\" srcset=\"https:\/\/www.lab.eus\/wp-content\/uploads\/2023\/09\/gsdg-1024x683.jpg 1024w, https:\/\/www.lab.eus\/wp-content\/uploads\/2023\/09\/gsdg-300x200.jpg 300w, https:\/\/www.lab.eus\/wp-content\/uploads\/2023\/09\/gsdg-768x512.jpg 768w, https:\/\/www.lab.eus\/wp-content\/uploads\/2023\/09\/gsdg-1536x1024.jpg 1536w, https:\/\/www.lab.eus\/wp-content\/uploads\/2023\/09\/gsdg-2048x1365.jpg 2048w, https:\/\/www.lab.eus\/wp-content\/uploads\/2023\/09\/gsdg-150x100.jpg 150w, https:\/\/www.lab.eus\/wp-content\/uploads\/2023\/09\/gsdg-696x464.jpg 696w, https:\/\/www.lab.eus\/wp-content\/uploads\/2023\/09\/gsdg-1068x712.jpg 1068w, https:\/\/www.lab.eus\/wp-content\/uploads\/2023\/09\/gsdg-1920x1280.jpg 1920w, https:\/\/www.lab.eus\/wp-content\/uploads\/2023\/09\/gsdg-630x420.jpg 630w\" sizes=\"auto, (max-width: 1024px) 100vw, 1024px\" \/><\/figure>\n\n\n\n<figure class=\"wp-block-image size-large\"><img loading=\"lazy\" decoding=\"async\" width=\"1024\" height=\"682\" data-id=\"61247\" src=\"https:\/\/www.lab.eus\/wp-content\/uploads\/2023\/09\/ee-1024x682.jpg\" alt=\"\" class=\"wp-image-61247\" srcset=\"https:\/\/www.lab.eus\/wp-content\/uploads\/2023\/09\/ee-1024x682.jpg 1024w, https:\/\/www.lab.eus\/wp-content\/uploads\/2023\/09\/ee-300x200.jpg 300w, https:\/\/www.lab.eus\/wp-content\/uploads\/2023\/09\/ee-768x512.jpg 768w, https:\/\/www.lab.eus\/wp-content\/uploads\/2023\/09\/ee-150x100.jpg 150w, https:\/\/www.lab.eus\/wp-content\/uploads\/2023\/09\/ee-696x464.jpg 696w, https:\/\/www.lab.eus\/wp-content\/uploads\/2023\/09\/ee-1068x712.jpg 1068w, https:\/\/www.lab.eus\/wp-content\/uploads\/2023\/09\/ee-630x420.jpg 630w, https:\/\/www.lab.eus\/wp-content\/uploads\/2023\/09\/ee.jpg 1280w\" sizes=\"auto, (max-width: 1024px) 100vw, 1024px\" \/><\/figure>\n\n\n\n<figure class=\"wp-block-image size-large\"><img loading=\"lazy\" decoding=\"async\" width=\"1024\" height=\"682\" data-id=\"61243\" src=\"https:\/\/www.lab.eus\/wp-content\/uploads\/2023\/09\/Garbine-1024x682.jpg\" alt=\"\" class=\"wp-image-61243\" srcset=\"https:\/\/www.lab.eus\/wp-content\/uploads\/2023\/09\/Garbine-1024x682.jpg 1024w, https:\/\/www.lab.eus\/wp-content\/uploads\/2023\/09\/Garbine-300x200.jpg 300w, https:\/\/www.lab.eus\/wp-content\/uploads\/2023\/09\/Garbine-768x512.jpg 768w, https:\/\/www.lab.eus\/wp-content\/uploads\/2023\/09\/Garbine-150x100.jpg 150w, https:\/\/www.lab.eus\/wp-content\/uploads\/2023\/09\/Garbine-696x464.jpg 696w, https:\/\/www.lab.eus\/wp-content\/uploads\/2023\/09\/Garbine-1068x712.jpg 1068w, https:\/\/www.lab.eus\/wp-content\/uploads\/2023\/09\/Garbine-630x420.jpg 630w, https:\/\/www.lab.eus\/wp-content\/uploads\/2023\/09\/Garbine.jpg 1280w\" sizes=\"auto, (max-width: 1024px) 100vw, 1024px\" \/><\/figure>\n\n\n\n<figure class=\"wp-block-image size-large\"><img loading=\"lazy\" decoding=\"async\" width=\"1024\" height=\"682\" data-id=\"61245\" src=\"https:\/\/www.lab.eus\/wp-content\/uploads\/2023\/09\/hgfd-1024x682.jpg\" alt=\"\" class=\"wp-image-61245\" srcset=\"https:\/\/www.lab.eus\/wp-content\/uploads\/2023\/09\/hgfd-1024x682.jpg 1024w, https:\/\/www.lab.eus\/wp-content\/uploads\/2023\/09\/hgfd-300x200.jpg 300w, https:\/\/www.lab.eus\/wp-content\/uploads\/2023\/09\/hgfd-768x512.jpg 768w, https:\/\/www.lab.eus\/wp-content\/uploads\/2023\/09\/hgfd-150x100.jpg 150w, https:\/\/www.lab.eus\/wp-content\/uploads\/2023\/09\/hgfd-696x464.jpg 696w, https:\/\/www.lab.eus\/wp-content\/uploads\/2023\/09\/hgfd-1068x712.jpg 1068w, https:\/\/www.lab.eus\/wp-content\/uploads\/2023\/09\/hgfd-630x420.jpg 630w, https:\/\/www.lab.eus\/wp-content\/uploads\/2023\/09\/hgfd.jpg 1280w\" sizes=\"auto, (max-width: 1024px) 100vw, 1024px\" \/><\/figure>\n\n\n\n<figure class=\"wp-block-image size-large\"><img loading=\"lazy\" decoding=\"async\" width=\"1024\" height=\"682\" data-id=\"61248\" src=\"https:\/\/www.lab.eus\/wp-content\/uploads\/2023\/09\/sd-1024x682.jpg\" alt=\"\" class=\"wp-image-61248\" srcset=\"https:\/\/www.lab.eus\/wp-content\/uploads\/2023\/09\/sd-1024x682.jpg 1024w, https:\/\/www.lab.eus\/wp-content\/uploads\/2023\/09\/sd-300x200.jpg 300w, https:\/\/www.lab.eus\/wp-content\/uploads\/2023\/09\/sd-768x512.jpg 768w, https:\/\/www.lab.eus\/wp-content\/uploads\/2023\/09\/sd-150x100.jpg 150w, https:\/\/www.lab.eus\/wp-content\/uploads\/2023\/09\/sd-696x464.jpg 696w, https:\/\/www.lab.eus\/wp-content\/uploads\/2023\/09\/sd-1068x712.jpg 1068w, https:\/\/www.lab.eus\/wp-content\/uploads\/2023\/09\/sd-630x420.jpg 630w, https:\/\/www.lab.eus\/wp-content\/uploads\/2023\/09\/sd.jpg 1280w\" sizes=\"auto, (max-width: 1024px) 100vw, 1024px\" \/><\/figure>\n\n\n\n<figure class=\"wp-block-image size-large\"><img loading=\"lazy\" decoding=\"async\" width=\"1024\" height=\"768\" data-id=\"61279\" src=\"https:\/\/www.lab.eus\/wp-content\/uploads\/2023\/09\/zutik-em-1024x768.jpg\" alt=\"\" class=\"wp-image-61279\" srcset=\"https:\/\/www.lab.eus\/wp-content\/uploads\/2023\/09\/zutik-em-1024x768.jpg 1024w, https:\/\/www.lab.eus\/wp-content\/uploads\/2023\/09\/zutik-em-300x225.jpg 300w, https:\/\/www.lab.eus\/wp-content\/uploads\/2023\/09\/zutik-em-768x576.jpg 768w, https:\/\/www.lab.eus\/wp-content\/uploads\/2023\/09\/zutik-em-150x113.jpg 150w, https:\/\/www.lab.eus\/wp-content\/uploads\/2023\/09\/zutik-em-696x522.jpg 696w, https:\/\/www.lab.eus\/wp-content\/uploads\/2023\/09\/zutik-em-1068x801.jpg 1068w, https:\/\/www.lab.eus\/wp-content\/uploads\/2023\/09\/zutik-em-560x420.jpg 560w, https:\/\/www.lab.eus\/wp-content\/uploads\/2023\/09\/zutik-em-80x60.jpg 80w, https:\/\/www.lab.eus\/wp-content\/uploads\/2023\/09\/zutik-em-265x198.jpg 265w, https:\/\/www.lab.eus\/wp-content\/uploads\/2023\/09\/zutik-em.jpg 1280w\" sizes=\"auto, (max-width: 1024px) 100vw, 1024px\" \/><\/figure>\n\n\n\n<figure class=\"wp-block-image size-large\"><img loading=\"lazy\" decoding=\"async\" width=\"1024\" height=\"768\" data-id=\"61277\" src=\"https:\/\/www.lab.eus\/wp-content\/uploads\/2023\/09\/zutik-em-2-1024x768.jpg\" alt=\"\" class=\"wp-image-61277\" srcset=\"https:\/\/www.lab.eus\/wp-content\/uploads\/2023\/09\/zutik-em-2-1024x768.jpg 1024w, https:\/\/www.lab.eus\/wp-content\/uploads\/2023\/09\/zutik-em-2-300x225.jpg 300w, https:\/\/www.lab.eus\/wp-content\/uploads\/2023\/09\/zutik-em-2-768x576.jpg 768w, https:\/\/www.lab.eus\/wp-content\/uploads\/2023\/09\/zutik-em-2-150x113.jpg 150w, https:\/\/www.lab.eus\/wp-content\/uploads\/2023\/09\/zutik-em-2-696x522.jpg 696w, https:\/\/www.lab.eus\/wp-content\/uploads\/2023\/09\/zutik-em-2-1068x801.jpg 1068w, https:\/\/www.lab.eus\/wp-content\/uploads\/2023\/09\/zutik-em-2-560x420.jpg 560w, https:\/\/www.lab.eus\/wp-content\/uploads\/2023\/09\/zutik-em-2-80x60.jpg 80w, https:\/\/www.lab.eus\/wp-content\/uploads\/2023\/09\/zutik-em-2-265x198.jpg 265w, https:\/\/www.lab.eus\/wp-content\/uploads\/2023\/09\/zutik-em-2.jpg 1280w\" sizes=\"auto, (max-width: 1024px) 100vw, 1024px\" \/><\/figure>\n\n\n\n<figure class=\"wp-block-image size-large\"><img loading=\"lazy\" decoding=\"async\" width=\"1024\" height=\"683\" data-id=\"61267\" src=\"https:\/\/www.lab.eus\/wp-content\/uploads\/2023\/09\/TaldeArgazkia-1024x683.jpg\" alt=\"\" class=\"wp-image-61267\" srcset=\"https:\/\/www.lab.eus\/wp-content\/uploads\/2023\/09\/TaldeArgazkia-1024x683.jpg 1024w, https:\/\/www.lab.eus\/wp-content\/uploads\/2023\/09\/TaldeArgazkia-300x200.jpg 300w, https:\/\/www.lab.eus\/wp-content\/uploads\/2023\/09\/TaldeArgazkia-768x512.jpg 768w, https:\/\/www.lab.eus\/wp-content\/uploads\/2023\/09\/TaldeArgazkia-1536x1024.jpg 1536w, https:\/\/www.lab.eus\/wp-content\/uploads\/2023\/09\/TaldeArgazkia-2048x1365.jpg 2048w, https:\/\/www.lab.eus\/wp-content\/uploads\/2023\/09\/TaldeArgazkia-150x100.jpg 150w, https:\/\/www.lab.eus\/wp-content\/uploads\/2023\/09\/TaldeArgazkia-696x464.jpg 696w, https:\/\/www.lab.eus\/wp-content\/uploads\/2023\/09\/TaldeArgazkia-1068x712.jpg 1068w, https:\/\/www.lab.eus\/wp-content\/uploads\/2023\/09\/TaldeArgazkia-1920x1280.jpg 1920w, https:\/\/www.lab.eus\/wp-content\/uploads\/2023\/09\/TaldeArgazkia-630x420.jpg 630w\" sizes=\"auto, (max-width: 1024px) 100vw, 1024px\" \/><\/figure>\n<\/figure>\n","protected":false},"excerpt":{"rendered":"<p>La asamblea se ha llevado a cabo en la sala Landetxe de Oiartzun, con la cita convocada para el 30 de noviembre en el punto de mira. Hemos destacado la necesidad de crear un sistema p\u00fablico comunitario de cuidados, y a partir de la semana que viene realizaremos asambleas de delegadas en todas las comarcas para continuar con los preparativos.<\/p>\n","protected":false},"author":1191,"featured_media":61271,"comment_status":"closed","ping_status":"closed","sticky":false,"template":"","format":"video","meta":{"_monsterinsights_skip_tracking":false,"_monsterinsights_sitenote_active":false,"_monsterinsights_sitenote_note":"","_monsterinsights_sitenote_category":0,"footnotes":"","_links_to":"","_links_to_target":""},"categories":[18,2994,3281,2973,3283],"tags":[3033,3182,4212,3279],"class_list":{"0":"post-61212","1":"post","2":"type-post","3":"status-publish","4":"format-video","5":"has-post-thumbnail","7":"category-es-accion-sindical","8":"category-accion-social","9":"category-secretaria-feminista","10":"category-secretarias","11":"category-sin-categorizar","12":"tag-accion-sindical-es","13":"tag-accion-social-es","14":"tag-huelga-feminista-general-es","15":"tag-portada-es","16":"post_format-post-format-video"},"_links":{"self":[{"href":"https:\/\/www.lab.eus\/es\/wp-json\/wp\/v2\/posts\/61212","targetHints":{"allow":["GET"]}}],"collection":[{"href":"https:\/\/www.lab.eus\/es\/wp-json\/wp\/v2\/posts"}],"about":[{"href":"https:\/\/www.lab.eus\/es\/wp-json\/wp\/v2\/types\/post"}],"author":[{"embeddable":true,"href":"https:\/\/www.lab.eus\/es\/wp-json\/wp\/v2\/users\/1191"}],"replies":[{"embeddable":true,"href":"https:\/\/www.lab.eus\/es\/wp-json\/wp\/v2\/comments?post=61212"}],"version-history":[{"count":0,"href":"https:\/\/www.lab.eus\/es\/wp-json\/wp\/v2\/posts\/61212\/revisions"}],"wp:featuredmedia":[{"embeddable":true,"href":"https:\/\/www.lab.eus\/es\/wp-json\/wp\/v2\/media\/61271"}],"wp:attachment":[{"href":"https:\/\/www.lab.eus\/es\/wp-json\/wp\/v2\/media?parent=61212"}],"wp:term":[{"taxonomy":"category","embeddable":true,"href":"https:\/\/www.lab.eus\/es\/wp-json\/wp\/v2\/categories?post=61212"},{"taxonomy":"post_tag","embeddable":true,"href":"https:\/\/www.lab.eus\/es\/wp-json\/wp\/v2\/tags?post=61212"}],"curies":[{"name":"wp","href":"https:\/\/api.w.org\/{rel}","templated":true}]}}