{"id":60933,"date":"2023-09-18T12:09:27","date_gmt":"2023-09-18T12:09:27","guid":{"rendered":"https:\/\/www.lab.eus\/?p=60933"},"modified":"2023-09-18T12:09:29","modified_gmt":"2023-09-18T12:09:29","slug":"comienza-el-ciclo-movilizador-de-la-limpieza-viaria-y-recogida-de-basuras-de-gipuzkoa-para-denunciar-la-paralisis-de-la-negociacion","status":"publish","type":"post","link":"https:\/\/www.lab.eus\/es\/comienza-el-ciclo-movilizador-de-la-limpieza-viaria-y-recogida-de-basuras-de-gipuzkoa-para-denunciar-la-paralisis-de-la-negociacion\/","title":{"rendered":"Comienza el ciclo movilizador de la Limpieza Viaria y Recogida de Basuras de Gipuzkoa para denunciar la par\u00e1lisis de la negociaci\u00f3n"},"content":{"rendered":"\n<p>LAB-ELA-CCOO-UGT damos un paso adelante para luchar por un convenio digno.<\/p>\n\n\n\n<p>Tras m\u00e1s de 9 meses y 11 reuniones de negociaci\u00f3n, los sindicatos de la Limpieza Viaria y Recogida de Basuras de Gipuzkoa hemos constatado el bloqueo por parte de la patronal, impidiendo as\u00ed avanzar en las negociaciones. Este obst\u00e1culo ha generado que los sindicatos LAB, ELA, CCOO y UGT nos hayamos levantado de la mesa de negociaci\u00f3n.<\/p>\n\n\n\n<p>No debemos de olvidar que en este sector trabajan actualmente m\u00e1s de 1.500 personas, entre los que se encuentran: limpieza viaria, recogida de basuras, vertederos, incineradoras, limpieza de playas, recogida selectiva, plantas de reciclaje, alcantarillado, etc.<\/p>\n\n\n\n<p>En el mes de enero los sindicatos presentamos una plataforma con 28 puntos y temas a tratar, entre ellos el IPC y mejoras para la jubilaci\u00f3n, con el objetivo de mejorar las condiciones laborales en el sector. Sin embargo, despu\u00e9s de cuatro meses de espera, la patronal ha rechazado pr\u00e1cticamente la totalidad de nuestras propuestas.<\/p>\n\n\n\n<p><a><\/a> El pasado curso, el 17 de junio nos manifestamos en Donostia. Cientos de trabajadores se unieron para protestar por el bloqueo de la negociaci\u00f3n. En este inicio del nuevo curso, en este contexto de negociaci\u00f3n y p\u00e9rdida de poder adquisitivo de las plantillas, desde la parte social hemos decidido comenzar un ciclo movilizador de alta intensidad durante el oto\u00f1o, que comenzar\u00e1 esta misma semana con una concentraci\u00f3n en el Zinemaldia.<\/p>\n\n\n\n<p>De esta manera queremos apelar no solo a la parte patronal, sino que tambi\u00e9n a los ayuntamientos y mancomunidades que son actores principales en este conflicto de servicios p\u00fablicos subcontratados. Ya en el mes de mayo los sindicatos solicitamos reuniones en todos los ayuntamientos, no siendo recibidos por ninguno.<\/p>\n\n\n\n<p>Instamos a todas las plantillas a unirse y participar en las movilizaciones preparadas, mostrando nuestra unidad y determinaci\u00f3n en la lucha por un convenio justo.<\/p>\n\n\n\n<p><a><\/a> <em>Pr\u00f3ximas movilizaciones:<br>\u2022 22 de septiembre, 19:30 horas, CONCENTRACI\u00d3N en el Festival de Cine de San Sebasti\u00e1n, frente al Kursaal<br>\u2022 11 de noviembre, s\u00e1bado, a las 12:30 MANIFESTACI\u00d3N por las calles de San Sebasti\u00e1n desde Alderdi Eder<\/em><\/p>\n\n\n\n<figure class=\"wp-block-image size-large\"><img loading=\"lazy\" decoding=\"async\" width=\"1024\" height=\"461\" src=\"https:\/\/www.lab.eus\/wp-content\/uploads\/2023\/09\/WhatsApp-Image-2023-09-18-at-12.31.46-1024x461.jpeg\" alt=\"\" class=\"wp-image-60931\" srcset=\"https:\/\/www.lab.eus\/wp-content\/uploads\/2023\/09\/WhatsApp-Image-2023-09-18-at-12.31.46-1024x461.jpeg 1024w, https:\/\/www.lab.eus\/wp-content\/uploads\/2023\/09\/WhatsApp-Image-2023-09-18-at-12.31.46-300x135.jpeg 300w, https:\/\/www.lab.eus\/wp-content\/uploads\/2023\/09\/WhatsApp-Image-2023-09-18-at-12.31.46-768x346.jpeg 768w, https:\/\/www.lab.eus\/wp-content\/uploads\/2023\/09\/WhatsApp-Image-2023-09-18-at-12.31.46-1536x691.jpeg 1536w, https:\/\/www.lab.eus\/wp-content\/uploads\/2023\/09\/WhatsApp-Image-2023-09-18-at-12.31.46-150x68.jpeg 150w, https:\/\/www.lab.eus\/wp-content\/uploads\/2023\/09\/WhatsApp-Image-2023-09-18-at-12.31.46-696x313.jpeg 696w, https:\/\/www.lab.eus\/wp-content\/uploads\/2023\/09\/WhatsApp-Image-2023-09-18-at-12.31.46-1068x481.jpeg 1068w, https:\/\/www.lab.eus\/wp-content\/uploads\/2023\/09\/WhatsApp-Image-2023-09-18-at-12.31.46-933x420.jpeg 933w, https:\/\/www.lab.eus\/wp-content\/uploads\/2023\/09\/WhatsApp-Image-2023-09-18-at-12.31.46.jpeg 1600w\" sizes=\"auto, (max-width: 1024px) 100vw, 1024px\" \/><\/figure>\n","protected":false},"excerpt":{"rendered":"<p>LAB-ELA-CCOO-UGT damos un paso adelante para luchar por un convenio digno.<\/p>\n","protected":false},"author":1191,"featured_media":60929,"comment_status":"closed","ping_status":"closed","sticky":false,"template":"","format":"standard","meta":{"_monsterinsights_skip_tracking":false,"_monsterinsights_sitenote_active":false,"_monsterinsights_sitenote_note":"","_monsterinsights_sitenote_category":0,"footnotes":"","_links_to":"","_links_to_target":""},"categories":[18,2867,2944,8,3283],"tags":[3033,3178,3066,3172],"class_list":{"0":"post-60933","1":"post","2":"type-post","3":"status-publish","4":"format-standard","5":"has-post-thumbnail","7":"category-es-accion-sindical","8":"category-federaciones","9":"category-limpieza","10":"category-es-servicios-privados","11":"category-sin-categorizar","12":"tag-accion-sindical-es","13":"tag-destacado-1","14":"tag-federaciones-es","15":"tag-servicios-privados-es"},"_links":{"self":[{"href":"https:\/\/www.lab.eus\/es\/wp-json\/wp\/v2\/posts\/60933","targetHints":{"allow":["GET"]}}],"collection":[{"href":"https:\/\/www.lab.eus\/es\/wp-json\/wp\/v2\/posts"}],"about":[{"href":"https:\/\/www.lab.eus\/es\/wp-json\/wp\/v2\/types\/post"}],"author":[{"embeddable":true,"href":"https:\/\/www.lab.eus\/es\/wp-json\/wp\/v2\/users\/1191"}],"replies":[{"embeddable":true,"href":"https:\/\/www.lab.eus\/es\/wp-json\/wp\/v2\/comments?post=60933"}],"version-history":[{"count":0,"href":"https:\/\/www.lab.eus\/es\/wp-json\/wp\/v2\/posts\/60933\/revisions"}],"wp:featuredmedia":[{"embeddable":true,"href":"https:\/\/www.lab.eus\/es\/wp-json\/wp\/v2\/media\/60929"}],"wp:attachment":[{"href":"https:\/\/www.lab.eus\/es\/wp-json\/wp\/v2\/media?parent=60933"}],"wp:term":[{"taxonomy":"category","embeddable":true,"href":"https:\/\/www.lab.eus\/es\/wp-json\/wp\/v2\/categories?post=60933"},{"taxonomy":"post_tag","embeddable":true,"href":"https:\/\/www.lab.eus\/es\/wp-json\/wp\/v2\/tags?post=60933"}],"curies":[{"name":"wp","href":"https:\/\/api.w.org\/{rel}","templated":true}]}}