{"id":60747,"date":"2023-09-11T14:44:39","date_gmt":"2023-09-11T14:44:39","guid":{"rendered":"https:\/\/www.lab.eus\/?p=60747"},"modified":"2023-09-11T14:44:41","modified_gmt":"2023-09-11T14:44:41","slug":"durante-los-ultimos-nueve-dias-han-fallecido-cuatro-personas-en-su-puesto-de-trabajo","status":"publish","type":"post","link":"https:\/\/www.lab.eus\/es\/durante-los-ultimos-nueve-dias-han-fallecido-cuatro-personas-en-su-puesto-de-trabajo\/","title":{"rendered":"Durante los \u00faltimos nueve d\u00edas han fallecido cuatro personas en su puesto de trabajo"},"content":{"rendered":"\n<p>LAB ha tenido conocimiento de que el pasado d\u00eda 8 de septiembre falleci\u00f3 el trabajador F.T. de 54 a\u00f1os, como consecuencia del accidente laboral muy grave que sufri\u00f3 el d\u00eda 5 de septiembre. Seg\u00fan parece, un \u00e1rbol le golpe\u00f3 en la cabeza mientras trabajaba en un \u00e1rea forestal en Elorrio. El trabajador fallecido trabajaba en la empresa Explotaci\u00f3n Forestal Zaldupe S.L. de Gue\u00f1es.<\/p>\n\n\n\n<p>Con esta muerte ya son 36, como m\u00ednimo, las y los trabajadores fallecidos este a\u00f1o en accidente laboral. Cabe destacar que una vez reiniciada la actividad laboral normal tras las vacaciones, en el plazo de 9 d\u00edas 4 trabajadores han fallecido en su puesto de trabajo.<\/p>\n\n\n\n<p>En primer lugar, desde el sindicato LAB mostramos toda nuestra solidaridad a familiares, compa\u00f1eras y compa\u00f1eros, amistades y personas allegadas del fallecido.<\/p>\n\n\n\n<p>Queremos denunciar que siendo el sector forestal un sector que ocupa a pocas trabajadoras y trabajadores, cada a\u00f1o suceden muertes en este sector. En el caso de Bizkaia y Gipuzkoa, la viabilidad de las empresas es limitada a pesar de contar con normas forales hechas <em>ad hoc<\/em> para ellas. La explotaci\u00f3n maderera intensiva se basa en relaciones laborales precarizadas para poder obtener beneficios. As\u00ed, en lugar de poner medios de seguridad laboral, se ahorra en ellos. Plantillas reducidas, trabajo en solitario en el bosque, ausencia de recursos preventivos, falta de formaci\u00f3n, herramientas de trabajo inadecuadas, trabajos en zonas de fuerte pendiente, ritmos de trabajo muy altos, jornadas muy largas (con el cansancio que esto provoca) y un largo etc\u00e9tera est\u00e1n detr\u00e1s de dichos accidentes. Evidentemente, estos son factores a\u00f1adidos a los riesgos que encierra la propia actividad.<\/p>\n\n\n\n<p>Por todos y todas es sabido, incluso por las y los inspectores, que la mayor\u00eda de las empresas que en este mismo momento siguen trabajando en el sector forestal en Euskal Herria no est\u00e1n cumpliendo con sus obligaciones de salud laboral. Es por ello que exigimos a la Diputaci\u00f3n Foral de Bizkaia, Osalan y Gobierno Vasco medidas especiales en el sector forestal, pues son, junto con la Inspecci\u00f3n de Trabajo, los que tienen la llave para empezar a cambiar la situaci\u00f3n.<\/p>\n","protected":false},"excerpt":{"rendered":"<p>LAB ha tenido conocimiento de que el pasado d\u00eda 8 de septiembre falleci\u00f3 el trabajador F.T. de 54 a\u00f1os, como consecuencia del accidente laboral muy grave que sufri\u00f3 el d\u00eda 5 de septiembre. Seg\u00fan parece, un \u00e1rbol le golpe\u00f3 en la cabeza mientras trabajaba en un \u00e1rea forestal en Elorrio. El trabajador fallecido trabajaba en la empresa Explotaci\u00f3n Forestal Zaldupe S.L. de Gue\u00f1es.<\/p>\n","protected":false},"author":1191,"featured_media":19370,"comment_status":"closed","ping_status":"closed","sticky":false,"template":"","format":"standard","meta":{"_monsterinsights_skip_tracking":false,"_monsterinsights_sitenote_active":false,"_monsterinsights_sitenote_note":"","_monsterinsights_sitenote_category":0,"footnotes":"","_links_to":"","_links_to_target":""},"categories":[15,2973],"tags":[3178,3728,3334,3024],"class_list":{"0":"post-60747","1":"post","2":"type-post","3":"status-publish","4":"format-standard","5":"has-post-thumbnail","7":"category-es-salud-laboral","8":"category-secretarias","9":"tag-destacado-1","10":"tag-muerte-laboral","11":"tag-secretaria-de-salud-laboral","12":"tag-secretarias"},"_links":{"self":[{"href":"https:\/\/www.lab.eus\/es\/wp-json\/wp\/v2\/posts\/60747","targetHints":{"allow":["GET"]}}],"collection":[{"href":"https:\/\/www.lab.eus\/es\/wp-json\/wp\/v2\/posts"}],"about":[{"href":"https:\/\/www.lab.eus\/es\/wp-json\/wp\/v2\/types\/post"}],"author":[{"embeddable":true,"href":"https:\/\/www.lab.eus\/es\/wp-json\/wp\/v2\/users\/1191"}],"replies":[{"embeddable":true,"href":"https:\/\/www.lab.eus\/es\/wp-json\/wp\/v2\/comments?post=60747"}],"version-history":[{"count":0,"href":"https:\/\/www.lab.eus\/es\/wp-json\/wp\/v2\/posts\/60747\/revisions"}],"wp:featuredmedia":[{"embeddable":true,"href":"https:\/\/www.lab.eus\/es\/wp-json\/wp\/v2\/media\/19370"}],"wp:attachment":[{"href":"https:\/\/www.lab.eus\/es\/wp-json\/wp\/v2\/media?parent=60747"}],"wp:term":[{"taxonomy":"category","embeddable":true,"href":"https:\/\/www.lab.eus\/es\/wp-json\/wp\/v2\/categories?post=60747"},{"taxonomy":"post_tag","embeddable":true,"href":"https:\/\/www.lab.eus\/es\/wp-json\/wp\/v2\/tags?post=60747"}],"curies":[{"name":"wp","href":"https:\/\/api.w.org\/{rel}","templated":true}]}}